{"id":2244,"date":"2026-01-21T13:24:26","date_gmt":"2026-01-21T16:24:26","guid":{"rendered":"https:\/\/oexpressobr.com.br\/?p=2244"},"modified":"2026-01-21T13:24:27","modified_gmt":"2026-01-21T16:24:27","slug":"flavio-bolsonaro-causa-atrito-com-tarcisio-e-gera-cancelamento-de-visita-ao-ex-presidente","status":"publish","type":"post","link":"https:\/\/oexpressobr.com.br\/?p=2244","title":{"rendered":"Fl\u00e1vio Bolsonaro causa atrito com Tarc\u00edsio e gera cancelamento de visita ao ex-presidente"},"content":{"rendered":"\n<p class=\"wp-block-paragraph\">O clima de aparente uni\u00e3o na direita sofreu um forte abalo nesta semana, resultando no cancelamento da visita que o governador de S\u00e3o Paulo, Tarc\u00edsio de Freitas (Republicanos), faria ao ex-presidente Jair Bolsonaro, atualmente preso no Complexo da Papuda, em Bras\u00edlia. O motivo do mal-estar foi uma movimenta\u00e7\u00e3o pol\u00edtica articulada pelo senador Fl\u00e1vio Bolsonaro (PL-RJ), interpretada pelo Pal\u00e1cio dos Bandeirantes como uma &#8220;arapuca&#8221; para for\u00e7ar o apoio do governador \u00e0 sua pr\u00e9-candidatura presidencial em 2026.<\/p>\n\n\n\n<h3 class=\"wp-block-heading\">\u200bO estopim da crise<\/h3>\n\n\n\n<p class=\"wp-block-paragraph\">\u200bA tens\u00e3o escalou ap\u00f3s declara\u00e7\u00f5es dadas por Fl\u00e1vio Bolsonaro \u00e0 imprensa, nas quais ele antecipava o teor da conversa que Tarc\u00edsio teria com seu pai. O senador afirmou publicamente que o governador ouviria de Jair Bolsonaro que sua reelei\u00e7\u00e3o em S\u00e3o Paulo \u00e9 &#8220;fundamental&#8221; e que qualquer pretens\u00e3o presidencial para 2026 estaria descartada para ele.<\/p>\n\n\n\n<p class=\"wp-block-paragraph\">\u200bPara interlocutores de Tarc\u00edsio, a fala de Fl\u00e1vio tentou &#8220;enquadrar&#8221; o governador, colocando-o em uma posi\u00e7\u00e3o de subordina\u00e7\u00e3o e utilizando a visita \u2014 que deveria ter car\u00e1ter de solidariedade pessoal \u2014 como palco para uma manobra pol\u00edtica. O governador, que vinha mantendo um tom diplom\u00e1tico sobre 2026, viu-se pressionado a declarar apoio formal \u00e0 pr\u00e9-candidatura de Fl\u00e1vio, algo que ele ainda n\u00e3o est\u00e1 disposto a fazer.<\/p>\n\n\n\n<h3 class=\"wp-block-heading\">\u200bFogo amigo e rumores<\/h3>\n\n\n\n<p class=\"wp-block-paragraph\">\u200bAl\u00e9m das declara\u00e7\u00f5es p\u00fablicas, a irrita\u00e7\u00e3o de Tarc\u00edsio foi alimentada por movimentos de bastidores. Aliados do senador Fl\u00e1vio Bolsonaro teriam espalhado em S\u00e3o Paulo rumores de que o governador estaria planejando deixar a vida p\u00fablica para migrar para a iniciativa privada ap\u00f3s o mandato, em vez de buscar a reelei\u00e7\u00e3o. A estrat\u00e9gia foi vista como uma tentativa de enfraquecer o capital pol\u00edtico de Tarc\u00edsio e abrir caminho definitivo para o sobrenome Bolsonaro nas urnas.<\/p>\n\n\n\n<h3 class=\"wp-block-heading\">\u200bRea\u00e7\u00e3o e isolamento<\/h3>\n\n\n\n<p class=\"wp-block-paragraph\">\u200bDiante do que considerou uma falta de respeito \u00e0 sua autonomia pol\u00edtica, Tarc\u00edsio de Freitas reuniu sua c\u00fapula e decidiu cancelar a viagem a Bras\u00edlia, que estava marcada para esta quinta-feira (22). O governador sinalizou que n\u00e3o aceitar\u00e1 ser tratado como &#8220;linha auxiliar&#8221; da fam\u00edlia Bolsonaro, exigindo ser parte ativa na constru\u00e7\u00e3o de qualquer projeto para enfrentar o PT.<\/p>\n\n\n\n<p class=\"wp-block-paragraph\">\u200bEnquanto isso, outros nomes da direita come\u00e7am a se movimentar no v\u00e1cuo deixado pelo atrito. O governador do Paran\u00e1, Ratinho Jr. (PSD), tem sido citado como um observador atento da crise, mantendo pontes com o bolsonarismo enquanto Tarc\u00edsio se distancia estrategicamente para preservar sua autoridade no maior estado do pa\u00eds.<\/p>\n\n\n\n<h3 class=\"wp-block-heading\">\u200bO cen\u00e1rio para 2026<\/h3>\n\n\n\n<p class=\"wp-block-paragraph\">\u200bA disputa interna revela a fragilidade da coaliz\u00e3o de direita diante da inelegibilidade e pris\u00e3o de Jair Bolsonaro. Enquanto o ex-presidente tenta transferir seu capital pol\u00edtico para os filhos, Tarc\u00edsio de Freitas permanece como o nome preferido do mercado financeiro e de setores moderados, criando um impasse que, longe de ser resolvido, acaba de ganhar novos cap\u00edtulos de desconfian\u00e7a m\u00fatua.<\/p>\n\n\n\n<p class=\"wp-block-paragraph\"><\/p>\n","protected":false},"excerpt":{"rendered":"<p>O clima de aparente uni\u00e3o na direita sofreu um forte abalo nesta semana, resultando no cancelamento da visita que o governador de S\u00e3o Paulo, Tarc\u00edsio [&#8230;]<\/p>\n","protected":false},"author":1,"featured_media":2245,"comment_status":"open","ping_status":"open","sticky":false,"template":"","format":"standard","meta":{"_crdt_document":"","_jetpack_memberships_contains_paid_content":false,"footnotes":"","jetpack_publicize_message":"","jetpack_publicize_feature_enabled":true,"jetpack_social_post_already_shared":true,"jetpack_social_options":{"image_generator_settings":{"template":"highway","default_image_id":0,"font":"","enabled":false},"version":2}},"categories":[7],"tags":[],"class_list":["post-2244","post","type-post","status-publish","format-standard","has-post-thumbnail","hentry","category-politica"],"jetpack_publicize_connections":[],"jetpack_featured_media_url":"https:\/\/i0.wp.com\/oexpressobr.com.br\/wp-content\/uploads\/2026\/01\/Tarcisio-de-Freitas-e-Flavio-Bolsonaro-.jpeg?fit=414%2C280&ssl=1","jetpack_likes_enabled":true,"jetpack_sharing_enabled":true,"_links":{"self":[{"href":"https:\/\/oexpressobr.com.br\/index.php?rest_route=\/wp\/v2\/posts\/2244","targetHints":{"allow":["GET"]}}],"collection":[{"href":"https:\/\/oexpressobr.com.br\/index.php?rest_route=\/wp\/v2\/posts"}],"about":[{"href":"https:\/\/oexpressobr.com.br\/index.php?rest_route=\/wp\/v2\/types\/post"}],"author":[{"embeddable":true,"href":"https:\/\/oexpressobr.com.br\/index.php?rest_route=\/wp\/v2\/users\/1"}],"replies":[{"embeddable":true,"href":"https:\/\/oexpressobr.com.br\/index.php?rest_route=%2Fwp%2Fv2%2Fcomments&post=2244"}],"version-history":[{"count":1,"href":"https:\/\/oexpressobr.com.br\/index.php?rest_route=\/wp\/v2\/posts\/2244\/revisions"}],"predecessor-version":[{"id":2246,"href":"https:\/\/oexpressobr.com.br\/index.php?rest_route=\/wp\/v2\/posts\/2244\/revisions\/2246"}],"wp:featuredmedia":[{"embeddable":true,"href":"https:\/\/oexpressobr.com.br\/index.php?rest_route=\/wp\/v2\/media\/2245"}],"wp:attachment":[{"href":"https:\/\/oexpressobr.com.br\/index.php?rest_route=%2Fwp%2Fv2%2Fmedia&parent=2244"}],"wp:term":[{"taxonomy":"category","embeddable":true,"href":"https:\/\/oexpressobr.com.br\/index.php?rest_route=%2Fwp%2Fv2%2Fcategories&post=2244"},{"taxonomy":"post_tag","embeddable":true,"href":"https:\/\/oexpressobr.com.br\/index.php?rest_route=%2Fwp%2Fv2%2Ftags&post=2244"}],"curies":[{"name":"wp","href":"https:\/\/api.w.org\/{rel}","templated":true}]}}