{"id":2247,"date":"2026-01-21T13:29:33","date_gmt":"2026-01-21T16:29:33","guid":{"rendered":"https:\/\/oexpressobr.com.br\/?p=2247"},"modified":"2026-01-21T13:29:34","modified_gmt":"2026-01-21T16:29:34","slug":"governo-recompoe-r-11-bilhao-para-mec-e-mcti-para-reverter-cortes-do-congresso","status":"publish","type":"post","link":"https:\/\/oexpressobr.com.br\/?p=2247","title":{"rendered":"Governo recomp\u00f5e R$ 1,1 bilh\u00e3o para MEC e MCTI para reverter cortes do Congresso"},"content":{"rendered":"\n<p class=\"wp-block-paragraph\">Em um movimento para garantir o funcionamento das institui\u00e7\u00f5es de ensino e pesquisa em 2026, o governo federal oficializou a recomposi\u00e7\u00e3o integral das verbas que haviam sido cortadas durante a tramita\u00e7\u00e3o da Lei Or\u00e7ament\u00e1ria Anual (LOA) no Congresso Nacional. Por meio de uma portaria publicada pelo Minist\u00e9rio do Planejamento e Or\u00e7amento (MPO) nesta ter\u00e7a-feira (20), foram liberados R$ 977 milh\u00f5es para o Minist\u00e9rio da Educa\u00e7\u00e3o (MEC) e R$ 186,37 milh\u00f5es para o Minist\u00e9rio da Ci\u00eancia, Tecnologia e Inova\u00e7\u00e3o (MCTI).<\/p>\n\n\n\n<p class=\"wp-block-paragraph\">\u200bA medida atende a um apelo direto de reitores e entidades cient\u00edficas, que alertavam para o risco de paralisia em servi\u00e7os essenciais e interrup\u00e7\u00e3o de pesquisas. O ministro da Educa\u00e7\u00e3o, Camilo Santana, refor\u00e7ou que a iniciativa demonstra o compromisso da gest\u00e3o em n\u00e3o permitir que a educa\u00e7\u00e3o superior &#8220;viva de remendos&#8221;, mantendo o di\u00e1logo com a Associa\u00e7\u00e3o Nacional dos Dirigentes das Institui\u00e7\u00f5es Federais de Ensino Superior (Andifes).<\/p>\n\n\n\n<h3 class=\"wp-block-heading\">\u200bDivis\u00e3o dos recursos no MEC<\/h3>\n\n\n\n<p class=\"wp-block-paragraph\">\u200bO montante destinado \u00e0 Educa\u00e7\u00e3o ser\u00e1 fatiado para cobrir diferentes frentes que estavam sob amea\u00e7a:<\/p>\n\n\n\n<ul class=\"wp-block-list\">\n<li>\u200b<strong>R$ 332 milh\u00f5es para Universidades Federais:<\/strong> Verba destinada ao custeio operacional, como pagamento de contas de luz, \u00e1gua, seguran\u00e7a e manuten\u00e7\u00e3o b\u00e1sica.<\/li>\n\n\n\n<li>\u200b<strong>R$ 156 milh\u00f5es para Institutos Federais:<\/strong> Foco no ensino t\u00e9cnico e profissionalizante em todo o pa\u00eds.<\/li>\n\n\n\n<li>\u200b<strong>R$ 230 milh\u00f5es para a Capes:<\/strong> Recurso espec\u00edfico para garantir o pagamento de bolsas de apoio \u00e0 pesquisa na gradua\u00e7\u00e3o e p\u00f3s-gradua\u00e7\u00e3o.<\/li>\n\n\n\n<li>\u200b<strong>Obras e Infraestrutura:<\/strong> O restante ser\u00e1 aplicado na retomada e continuidade de constru\u00e7\u00f5es e reformas nos campi.<\/li>\n<\/ul>\n\n\n\n<h3 class=\"wp-block-heading\">\u200bCi\u00eancia e Tecnologia no radar<\/h3>\n\n\n\n<p class=\"wp-block-paragraph\">\u200bNo MCTI, os R$ 186,37 milh\u00f5es suplementares ser\u00e3o injetados em unidades de pesquisa e projetos tecnol\u00f3gicos estrat\u00e9gicos. Entidades como a Sociedade Brasileira para o Progresso da Ci\u00eancia (SBPC) e a Academia Brasileira de Ci\u00eancias (ABC) vinham manifestando preocupa\u00e7\u00e3o com a redu\u00e7\u00e3o de 5% no or\u00e7amento total do setor em compara\u00e7\u00e3o a 2025. A recomposi\u00e7\u00e3o atual tenta mitigar esse impacto, embora pesquisadores ainda defendam uma pol\u00edtica de financiamento permanente para evitar a &#8220;fuga de c\u00e9rebros&#8221;.<\/p>\n\n\n\n<h3 class=\"wp-block-heading\">\u200bContexto pol\u00edtico e fiscal<\/h3>\n\n\n\n<p class=\"wp-block-paragraph\">\u200bA recomposi\u00e7\u00e3o ocorre em um cen\u00e1rio de tens\u00e3o or\u00e7ament\u00e1ria. O or\u00e7amento de 2026 foi sancionado pelo presidente Lula com vetos a cerca de R$ 400 milh\u00f5es em emendas parlamentares, buscando preservar o equil\u00edbrio fiscal e o espa\u00e7o para gastos discricion\u00e1rios do Executivo.<\/p>\n\n\n\n<p class=\"wp-block-paragraph\">\u200bEnquanto o governo celebra a devolu\u00e7\u00e3o das verbas, federa\u00e7\u00f5es de professores, como o PROIFES, destacam que, apesar da vit\u00f3ria pontual, as universidades federais ainda enfrentam um desafio estrutural: desde 2014, os recursos discricion\u00e1rios dessas institui\u00e7\u00f5es sofreram uma perda real de mais de 50% em valores corrigidos, o que mant\u00e9m a press\u00e3o por novos aportes ao longo do ano.<\/p>\n","protected":false},"excerpt":{"rendered":"<p>Em um movimento para garantir o funcionamento das institui\u00e7\u00f5es de ensino e pesquisa em 2026, o governo federal oficializou a recomposi\u00e7\u00e3o integral das verbas que [&#8230;]<\/p>\n","protected":false},"author":1,"featured_media":2248,"comment_status":"open","ping_status":"open","sticky":false,"template":"","format":"standard","meta":{"_crdt_document":"","_jetpack_memberships_contains_paid_content":false,"footnotes":"","jetpack_publicize_message":"","jetpack_publicize_feature_enabled":true,"jetpack_social_post_already_shared":true,"jetpack_social_options":{"image_generator_settings":{"template":"highway","default_image_id":0,"font":"","enabled":false},"version":2}},"categories":[6],"tags":[],"class_list":["post-2247","post","type-post","status-publish","format-standard","has-post-thumbnail","hentry","category-educacao"],"jetpack_publicize_connections":[],"jetpack_featured_media_url":"https:\/\/i0.wp.com\/oexpressobr.com.br\/wp-content\/uploads\/2026\/01\/fachada-ministerio_mcamgo_abr_100420231818-32.webp?fit=1170%2C700&ssl=1","jetpack_likes_enabled":true,"jetpack_sharing_enabled":true,"_links":{"self":[{"href":"https:\/\/oexpressobr.com.br\/index.php?rest_route=\/wp\/v2\/posts\/2247","targetHints":{"allow":["GET"]}}],"collection":[{"href":"https:\/\/oexpressobr.com.br\/index.php?rest_route=\/wp\/v2\/posts"}],"about":[{"href":"https:\/\/oexpressobr.com.br\/index.php?rest_route=\/wp\/v2\/types\/post"}],"author":[{"embeddable":true,"href":"https:\/\/oexpressobr.com.br\/index.php?rest_route=\/wp\/v2\/users\/1"}],"replies":[{"embeddable":true,"href":"https:\/\/oexpressobr.com.br\/index.php?rest_route=%2Fwp%2Fv2%2Fcomments&post=2247"}],"version-history":[{"count":1,"href":"https:\/\/oexpressobr.com.br\/index.php?rest_route=\/wp\/v2\/posts\/2247\/revisions"}],"predecessor-version":[{"id":2249,"href":"https:\/\/oexpressobr.com.br\/index.php?rest_route=\/wp\/v2\/posts\/2247\/revisions\/2249"}],"wp:featuredmedia":[{"embeddable":true,"href":"https:\/\/oexpressobr.com.br\/index.php?rest_route=\/wp\/v2\/media\/2248"}],"wp:attachment":[{"href":"https:\/\/oexpressobr.com.br\/index.php?rest_route=%2Fwp%2Fv2%2Fmedia&parent=2247"}],"wp:term":[{"taxonomy":"category","embeddable":true,"href":"https:\/\/oexpressobr.com.br\/index.php?rest_route=%2Fwp%2Fv2%2Fcategories&post=2247"},{"taxonomy":"post_tag","embeddable":true,"href":"https:\/\/oexpressobr.com.br\/index.php?rest_route=%2Fwp%2Fv2%2Ftags&post=2247"}],"curies":[{"name":"wp","href":"https:\/\/api.w.org\/{rel}","templated":true}]}}