{"id":2260,"date":"2026-01-21T13:46:10","date_gmt":"2026-01-21T16:46:10","guid":{"rendered":"https:\/\/oexpressobr.com.br\/?p=2260"},"modified":"2026-01-21T13:46:13","modified_gmt":"2026-01-21T16:46:13","slug":"caminhada-de-nikolas-ferreira-melou-possivel-ida-de-bolsonaro-para-casa","status":"publish","type":"post","link":"https:\/\/oexpressobr.com.br\/?p=2260","title":{"rendered":"Caminhada de Nikolas Ferreira melou poss\u00edvel ida de Bolsonaro para casa"},"content":{"rendered":"\n<p class=\"wp-block-paragraph\"><br>O que deveria ser um ato de apoio e press\u00e3o popular pela liberdade do ex-presidente Jair Bolsonaro acabou se tornando o principal entrave para a sua transfer\u00eancia para a pris\u00e3o domiciliar. A caminhada de 240 quil\u00f4metros iniciada pelo deputado federal Nikolas Ferreira (PL-MG), que partiu de Minas Gerais com destino a Bras\u00edlia, gerou um efeito reverso no Supremo Tribunal Federal (STF), paralisando negocia\u00e7\u00f5es que vinham sendo conduzidas de forma discreta por aliados moderados.<br>De acordo com bastidores de Bras\u00edlia, a ex-primeira-dama Michelle Bolsonaro e o governador de S\u00e3o Paulo, Tarc\u00edsio de Freitas, vinham estabelecendo um canal de di\u00e1logo com ministros da Corte para tentar converter a pris\u00e3o preventiva ou as condi\u00e7\u00f5es de deten\u00e7\u00e3o de Bolsonaro em regime domiciliar. No entanto, a mobiliza\u00e7\u00e3o liderada por Nikolas \u2014 batizada por cr\u00edticos de &#8220;Marcha da Vergonha&#8221; e por apoiadores de &#8220;Caminhada da Liberdade&#8221; \u2014 foi interpretada por integrantes do STF como uma tentativa direta de &#8220;acuamento&#8221; e chantagem p\u00fablica.<br>Para magistrados do Supremo, autorizar a ida de Bolsonaro para casa neste momento daria a Nikolas Ferreira o trunfo pol\u00edtico de que sua press\u00e3o nas ruas dobrou o Judici\u00e1rio. &#8220;Com aliados desse n\u00edvel, Bolsonaro n\u00e3o precisa de inimigos&#8221;, teria ironizado um ministro da Corte, refor\u00e7ando que a l\u00f3gica de enfrentamento adotada pela ala mais ideol\u00f3gica do PL inviabiliza qualquer gesto de modera\u00e7\u00e3o por parte do tribunal.<br>Ades\u00e3o de Carlos Bolsonaro e repercuss\u00e3o<br>A caminhada ganhou novos contornos nesta ter\u00e7a-feira (20), quando o vereador Carlos Bolsonaro (PL-RJ) se juntou ao grupo na BR-040. Em registros publicados nas redes sociais, Nikolas incentivou o filho do ex-presidente: \u201cEstamos juntos, cara. Pelo teu pai, pelos presos do 8 de Janeiro e por esse pa\u00eds\u201d. Outros parlamentares, como Gustavo Gayer (PL-GO) e Andr\u00e9 Fernandes (PL-CE), tamb\u00e9m integram o movimento, que tem chegada prevista \u00e0 capital federal para o pr\u00f3ximo domingo (25).<br>Enquanto o grupo avan\u00e7a a p\u00e9, o cen\u00e1rio jur\u00eddico para o ex-presidente, que cumpre pena no 19\u00ba Batalh\u00e3o da Pol\u00edcia Militar (a &#8220;Papudinha&#8221;), torna-se mais r\u00edgido. A retomada das cr\u00edticas contundentes ao STF e a exposi\u00e7\u00e3o medi\u00e1tica do protesto fecharam portas que estavam sendo abertas pela ala pol\u00edtica do bolsonarismo, deixando Bolsonaro no centro de uma disputa de estrat\u00e9gias entre a milit\u00e2ncia digital e os articuladores pol\u00edticos.<\/p>\n","protected":false},"excerpt":{"rendered":"<p>O que deveria ser um ato de apoio e press\u00e3o popular pela liberdade do ex-presidente Jair Bolsonaro acabou se tornando o principal entrave para a [&#8230;]<\/p>\n","protected":false},"author":1,"featured_media":2261,"comment_status":"open","ping_status":"open","sticky":false,"template":"","format":"standard","meta":{"_crdt_document":"","_jetpack_memberships_contains_paid_content":false,"footnotes":"","jetpack_publicize_message":"","jetpack_publicize_feature_enabled":true,"jetpack_social_post_already_shared":true,"jetpack_social_options":{"image_generator_settings":{"template":"highway","default_image_id":0,"font":"","enabled":false},"version":2}},"categories":[7],"tags":[],"class_list":["post-2260","post","type-post","status-publish","format-standard","has-post-thumbnail","hentry","category-politica"],"jetpack_publicize_connections":[],"jetpack_featured_media_url":"https:\/\/i0.wp.com\/oexpressobr.com.br\/wp-content\/uploads\/2026\/01\/6453345435-1.jpg?fit=414%2C280&ssl=1","jetpack_likes_enabled":true,"jetpack_sharing_enabled":true,"_links":{"self":[{"href":"https:\/\/oexpressobr.com.br\/index.php?rest_route=\/wp\/v2\/posts\/2260","targetHints":{"allow":["GET"]}}],"collection":[{"href":"https:\/\/oexpressobr.com.br\/index.php?rest_route=\/wp\/v2\/posts"}],"about":[{"href":"https:\/\/oexpressobr.com.br\/index.php?rest_route=\/wp\/v2\/types\/post"}],"author":[{"embeddable":true,"href":"https:\/\/oexpressobr.com.br\/index.php?rest_route=\/wp\/v2\/users\/1"}],"replies":[{"embeddable":true,"href":"https:\/\/oexpressobr.com.br\/index.php?rest_route=%2Fwp%2Fv2%2Fcomments&post=2260"}],"version-history":[{"count":1,"href":"https:\/\/oexpressobr.com.br\/index.php?rest_route=\/wp\/v2\/posts\/2260\/revisions"}],"predecessor-version":[{"id":2262,"href":"https:\/\/oexpressobr.com.br\/index.php?rest_route=\/wp\/v2\/posts\/2260\/revisions\/2262"}],"wp:featuredmedia":[{"embeddable":true,"href":"https:\/\/oexpressobr.com.br\/index.php?rest_route=\/wp\/v2\/media\/2261"}],"wp:attachment":[{"href":"https:\/\/oexpressobr.com.br\/index.php?rest_route=%2Fwp%2Fv2%2Fmedia&parent=2260"}],"wp:term":[{"taxonomy":"category","embeddable":true,"href":"https:\/\/oexpressobr.com.br\/index.php?rest_route=%2Fwp%2Fv2%2Fcategories&post=2260"},{"taxonomy":"post_tag","embeddable":true,"href":"https:\/\/oexpressobr.com.br\/index.php?rest_route=%2Fwp%2Fv2%2Ftags&post=2260"}],"curies":[{"name":"wp","href":"https:\/\/api.w.org\/{rel}","templated":true}]}}