{"id":227,"date":"2025-12-02T11:54:34","date_gmt":"2025-12-02T14:54:34","guid":{"rendered":"https:\/\/oexpressobr.com.br\/?p=227"},"modified":"2025-12-02T11:54:34","modified_gmt":"2025-12-02T14:54:34","slug":"amigo-e-suspeito-de-matar-norte-americano-andreas-matthias-smith-johannsen-em-hospital-de-curitiba","status":"publish","type":"post","link":"https:\/\/oexpressobr.com.br\/?p=227","title":{"rendered":"Amigo \u00c9 Suspeito De Matar Norte-Americano Andreas Matthias Smith Johannsen Em Hospital De Curitiba"},"content":{"rendered":"\n<p class=\"wp-block-paragraph\"><em>Investiga\u00e7\u00f5es da Pol\u00edcia Civil apontam para a autoria do crime cometido dentro da unidade de sa\u00fade.<\/em><\/p>\n\n\n\n<p class=\"wp-block-paragraph\">\u200bUm crime brutal chocou a comunidade m\u00e9dica e pacientes em Curitiba, no Paran\u00e1. O norte-americano <strong>Andreas Matthias Smith Johannsen<\/strong> foi encontrado morto em um quarto de hospital, no bairro Campo Comprido, e o principal suspeito \u00e9 o amigo de 30 anos que o acompanhava durante a interna\u00e7\u00e3o. O assassinato teria ocorrido no Hospital INC (Instituto de Neurologia e Cardiologia de Curitiba).<\/p>\n\n\n\n<h3 class=\"wp-block-heading\">\u200b\ud83d\udd2a Entenda o Caso<\/h3>\n\n\n\n<p class=\"wp-block-paragraph\">\u200bSegundo informa\u00e7\u00f5es da Pol\u00edcia Civil (PC-PR), o corpo da v\u00edtima foi descoberto na manh\u00e3 do \u00faltimo s\u00e1bado (29\/11\/2025) por funcion\u00e1rios do hospital. Andreas Matthias Smith Johannsen era acompanhante do suspeito, que estava internado na unidade de sa\u00fade devido a um <strong>surto psic\u00f3tico<\/strong>.<\/p>\n\n\n\n<p class=\"wp-block-paragraph\">\u200bO homem foi encontrado pela equipe do hospital ainda no quarto, com as m\u00e3os sujas de sangue e em estado de confus\u00e3o mental. Ele foi contido e algemado \u00e0 cama, ficando sob cust\u00f3dia. As primeiras apura\u00e7\u00f5es indicam que a v\u00edtima pode ter sido <strong>estrangulada<\/strong> at\u00e9 a morte. A Pol\u00edcia Cient\u00edfica e o Instituto M\u00e9dico Legal (IML) foram acionados para a per\u00edcia e a necropsia, que deve confirmar a causa exata da morte e o momento do crime.<\/p>\n\n\n\n<h3 class=\"wp-block-heading\">\u200b\ud83d\udd0d Investiga\u00e7\u00f5es em Andamento<\/h3>\n\n\n\n<p class=\"wp-block-paragraph\">\u200bA PC-PR instaurou um inqu\u00e9rito para apurar o caso. Os funcion\u00e1rios de plant\u00e3o que estavam na unidade durante a madrugada devem ser ouvidos para auxiliar na reconstitui\u00e7\u00e3o dos fatos.<\/p>\n\n\n\n<p class=\"wp-block-paragraph\">\u200bO Hospital INC se manifestou por meio de nota oficial, informando que est\u00e1 ciente do ocorrido e tomando todas as provid\u00eancias necess\u00e1rias para o esclarecimento do fato.<\/p>\n\n\n\n<p class=\"wp-block-paragraph\">\u200bAs motiva\u00e7\u00f5es para o crime ainda s\u00e3o desconhecidas e est\u00e3o sendo investigadas pela Pol\u00edcia Civil. O suspeito, que era amigo de Johannsen, permanece sob cust\u00f3dia e em tratamento, \u00e0 disposi\u00e7\u00e3o da Justi\u00e7a.<\/p>\n","protected":false},"excerpt":{"rendered":"<p>Investiga\u00e7\u00f5es da Pol\u00edcia Civil apontam para a autoria do crime cometido dentro da unidade de sa\u00fade. \u200bUm crime brutal chocou a comunidade m\u00e9dica e pacientes [&#8230;]<\/p>\n","protected":false},"author":1,"featured_media":228,"comment_status":"open","ping_status":"open","sticky":false,"template":"","format":"standard","meta":{"_crdt_document":"","_jetpack_memberships_contains_paid_content":false,"footnotes":"","jetpack_publicize_message":"","jetpack_publicize_feature_enabled":true,"jetpack_social_post_already_shared":false,"jetpack_social_options":{"image_generator_settings":{"template":"highway","default_image_id":0,"font":"","enabled":false},"version":2}},"categories":[9],"tags":[],"class_list":["post-227","post","type-post","status-publish","format-standard","has-post-thumbnail","hentry","category-policia"],"jetpack_publicize_connections":[],"jetpack_featured_media_url":"https:\/\/i0.wp.com\/oexpressobr.com.br\/wp-content\/uploads\/2025\/12\/design-sem-nome-2-.jpeg?fit=984%2C656&ssl=1","jetpack_likes_enabled":true,"jetpack_sharing_enabled":true,"_links":{"self":[{"href":"https:\/\/oexpressobr.com.br\/index.php?rest_route=\/wp\/v2\/posts\/227","targetHints":{"allow":["GET"]}}],"collection":[{"href":"https:\/\/oexpressobr.com.br\/index.php?rest_route=\/wp\/v2\/posts"}],"about":[{"href":"https:\/\/oexpressobr.com.br\/index.php?rest_route=\/wp\/v2\/types\/post"}],"author":[{"embeddable":true,"href":"https:\/\/oexpressobr.com.br\/index.php?rest_route=\/wp\/v2\/users\/1"}],"replies":[{"embeddable":true,"href":"https:\/\/oexpressobr.com.br\/index.php?rest_route=%2Fwp%2Fv2%2Fcomments&post=227"}],"version-history":[{"count":0,"href":"https:\/\/oexpressobr.com.br\/index.php?rest_route=\/wp\/v2\/posts\/227\/revisions"}],"wp:featuredmedia":[{"embeddable":true,"href":"https:\/\/oexpressobr.com.br\/index.php?rest_route=\/wp\/v2\/media\/228"}],"wp:attachment":[{"href":"https:\/\/oexpressobr.com.br\/index.php?rest_route=%2Fwp%2Fv2%2Fmedia&parent=227"}],"wp:term":[{"taxonomy":"category","embeddable":true,"href":"https:\/\/oexpressobr.com.br\/index.php?rest_route=%2Fwp%2Fv2%2Fcategories&post=227"},{"taxonomy":"post_tag","embeddable":true,"href":"https:\/\/oexpressobr.com.br\/index.php?rest_route=%2Fwp%2Fv2%2Ftags&post=227"}],"curies":[{"name":"wp","href":"https:\/\/api.w.org\/{rel}","templated":true}]}}