{"id":2276,"date":"2026-01-22T06:08:50","date_gmt":"2026-01-22T09:08:50","guid":{"rendered":"https:\/\/oexpressobr.com.br\/?p=2276"},"modified":"2026-01-22T06:08:51","modified_gmt":"2026-01-22T09:08:51","slug":"camara-de-maringa-retoma-sessoes-em-fevereiro-com-foco-em-participacao-popular-e-orcamento-para-2026","status":"publish","type":"post","link":"https:\/\/oexpressobr.com.br\/?p=2276","title":{"rendered":"C\u00e2mara de Maring\u00e1 retoma sess\u00f5es em fevereiro com foco em participa\u00e7\u00e3o popular e or\u00e7amento para 2026"},"content":{"rendered":"\n<p class=\"wp-block-paragraph\">A <strong>C\u00e2mara Municipal de Maring\u00e1<\/strong> inicia o ano legislativo de 2026 no dia <strong>3 de fevereiro<\/strong>, ap\u00f3s o t\u00e9rmino do recesso parlamentar. O retorno das atividades em plen\u00e1rio marca um ano estrat\u00e9gico para a cidade, com a promessa de uma gest\u00e3o mais pr\u00f3xima do cidad\u00e3o e o desafio de equilibrar as demandas locais frente ao cen\u00e1rio econ\u00f4mico nacional.<\/p>\n\n\n\n<p class=\"wp-block-paragraph\">As sess\u00f5es ordin\u00e1rias continuar\u00e3o ocorrendo \u00e0s <strong>ter\u00e7as e quintas-feiras, \u00e0s 9h30<\/strong>, com transmiss\u00e3o ao vivo pelos canais oficiais e abertura total para o p\u00fablico nas galerias.<\/p>\n\n\n\n<h3 class=\"wp-block-heading\">Transpar\u00eancia e Di\u00e1logo Direto<\/h3>\n\n\n\n<p class=\"wp-block-paragraph\">O presidente da Casa e os demais parlamentares sinalizam que 2026 ser\u00e1 o ano da <strong>&#8220;C\u00e2mara Itinerante&#8221;<\/strong> e do fortalecimento das audi\u00eancias p\u00fablicas. O objetivo \u00e9 reduzir a dist\u00e2ncia entre o Legislativo e os bairros perif\u00e9ricos, permitindo que as demandas de infraestrutura e sa\u00fade cheguem mais r\u00e1pido ao Executivo.<\/p>\n\n\n\n<ul class=\"wp-block-list\">\n<li><strong>Pauta priorit\u00e1ria:<\/strong> Revis\u00e3o de contratos de servi\u00e7os p\u00fablicos e moderniza\u00e7\u00e3o urbana.<\/li>\n\n\n\n<li><strong>Acesso \u00e0 informa\u00e7\u00e3o:<\/strong> Refor\u00e7o no portal da transpar\u00eancia para acompanhamento de gastos em tempo real.<\/li>\n\n\n\n<li><strong>Engajamento:<\/strong> Incentivo ao uso da Tribuna Popular por representantes de associa\u00e7\u00f5es de moradores.<\/li>\n<\/ul>\n\n\n\n<h3 class=\"wp-block-heading\">O Contexto Econ\u00f4mico: Importa\u00e7\u00f5es e Impacto Local<\/h3>\n\n\n\n<p class=\"wp-block-paragraph\">O retorno dos trabalhos ocorre em um momento em que o com\u00e9rcio exterior brasileiro atinge marcas hist\u00f3ricas. Com as <strong>importa\u00e7\u00f5es da China batendo recordes no in\u00edcio de 2026<\/strong>, o debate sobre a prote\u00e7\u00e3o da ind\u00fastria local e o fomento ao polo log\u00edstico de Maring\u00e1 deve ganhar for\u00e7a nas comiss\u00f5es de Desenvolvimento Econ\u00f4mico.<\/p>\n\n\n\n<p class=\"wp-block-paragraph\">Os vereadores devem discutir pol\u00edticas de incentivo para empresas maringaenses que enfrentam a concorr\u00eancia global, buscando estrat\u00e9gias para manter a cidade como um hub competitivo no interior do Paran\u00e1.<\/p>\n\n\n\n<blockquote class=\"wp-block-quote is-layout-flow wp-block-quote-is-layout-flow\">\n<p class=\"wp-block-paragraph\">&#8220;A fun\u00e7\u00e3o do vereador em 2026 vai al\u00e9m de fiscalizar; precisamos ser facilitadores para que Maring\u00e1 continue crescendo de forma sustent\u00e1vel, mesmo em um cen\u00e1rio global de mudan\u00e7as r\u00e1pidas&#8221;, afirma o corpo parlamentar em nota pr\u00e9via ao retorno.<\/p>\n<\/blockquote>\n\n\n\n<h3 class=\"wp-block-heading\">Calend\u00e1rio Legislativo<\/h3>\n\n\n\n<figure class=\"wp-block-table\"><table class=\"has-fixed-layout\"><thead><tr><td><strong>Evento<\/strong><\/td><td><strong>Data<\/strong><\/td><td><strong>Hor\u00e1rio<\/strong><\/td><\/tr><\/thead><tbody><tr><td><strong>Primeira Sess\u00e3o Ordin\u00e1ria<\/strong><\/td><td>03 de Fevereiro<\/td><td>09h30<\/td><\/tr><tr><td><strong>Sess\u00f5es Regulares<\/strong><\/td><td>Ter\u00e7as e Quintas<\/td><td>09h30<\/td><\/tr><tr><td><strong>Audi\u00eancias P\u00fablicas<\/strong><\/td><td>Sob convoca\u00e7\u00e3o<\/td><td>A definir<\/td><\/tr><\/tbody><\/table><\/figure>\n","protected":false},"excerpt":{"rendered":"<p>A C\u00e2mara Municipal de Maring\u00e1 inicia o ano legislativo de 2026 no dia 3 de fevereiro, ap\u00f3s o t\u00e9rmino do recesso parlamentar. O retorno das [&#8230;]<\/p>\n","protected":false},"author":1,"featured_media":2277,"comment_status":"open","ping_status":"open","sticky":false,"template":"","format":"standard","meta":{"_crdt_document":"","_jetpack_memberships_contains_paid_content":false,"footnotes":"","jetpack_publicize_message":"","jetpack_publicize_feature_enabled":true,"jetpack_social_post_already_shared":true,"jetpack_social_options":{"image_generator_settings":{"template":"highway","default_image_id":0,"font":"","enabled":false},"version":2}},"categories":[4],"tags":[],"class_list":["post-2276","post","type-post","status-publish","format-standard","has-post-thumbnail","hentry","category-maringa"],"jetpack_publicize_connections":[],"jetpack_featured_media_url":"https:\/\/i0.wp.com\/oexpressobr.com.br\/wp-content\/uploads\/2026\/01\/52411755014_c30dd5a9ca_k.webp?fit=1280%2C853&ssl=1","jetpack_likes_enabled":true,"jetpack_sharing_enabled":true,"_links":{"self":[{"href":"https:\/\/oexpressobr.com.br\/index.php?rest_route=\/wp\/v2\/posts\/2276","targetHints":{"allow":["GET"]}}],"collection":[{"href":"https:\/\/oexpressobr.com.br\/index.php?rest_route=\/wp\/v2\/posts"}],"about":[{"href":"https:\/\/oexpressobr.com.br\/index.php?rest_route=\/wp\/v2\/types\/post"}],"author":[{"embeddable":true,"href":"https:\/\/oexpressobr.com.br\/index.php?rest_route=\/wp\/v2\/users\/1"}],"replies":[{"embeddable":true,"href":"https:\/\/oexpressobr.com.br\/index.php?rest_route=%2Fwp%2Fv2%2Fcomments&post=2276"}],"version-history":[{"count":1,"href":"https:\/\/oexpressobr.com.br\/index.php?rest_route=\/wp\/v2\/posts\/2276\/revisions"}],"predecessor-version":[{"id":2278,"href":"https:\/\/oexpressobr.com.br\/index.php?rest_route=\/wp\/v2\/posts\/2276\/revisions\/2278"}],"wp:featuredmedia":[{"embeddable":true,"href":"https:\/\/oexpressobr.com.br\/index.php?rest_route=\/wp\/v2\/media\/2277"}],"wp:attachment":[{"href":"https:\/\/oexpressobr.com.br\/index.php?rest_route=%2Fwp%2Fv2%2Fmedia&parent=2276"}],"wp:term":[{"taxonomy":"category","embeddable":true,"href":"https:\/\/oexpressobr.com.br\/index.php?rest_route=%2Fwp%2Fv2%2Fcategories&post=2276"},{"taxonomy":"post_tag","embeddable":true,"href":"https:\/\/oexpressobr.com.br\/index.php?rest_route=%2Fwp%2Fv2%2Ftags&post=2276"}],"curies":[{"name":"wp","href":"https:\/\/api.w.org\/{rel}","templated":true}]}}