{"id":2279,"date":"2026-01-22T06:21:55","date_gmt":"2026-01-22T09:21:55","guid":{"rendered":"https:\/\/oexpressobr.com.br\/?p=2279"},"modified":"2026-01-22T06:21:56","modified_gmt":"2026-01-22T09:21:56","slug":"genomica-e-matematica-pesquisadores-utilizam-epistasia-para-decifrar-as-raizes-do-autismo-e-do-comportamento-humano","status":"publish","type":"post","link":"https:\/\/oexpressobr.com.br\/?p=2279","title":{"rendered":"Gen\u00f4mica e matem\u00e1tica: Pesquisadores utilizam epistasia para decifrar as ra\u00edzes do autismo e do comportamento humano"},"content":{"rendered":"\n<p class=\"wp-block-paragraph\">A fronteira entre o que herdamos e como agimos est\u00e1 se tornando cada vez mais n\u00edtida gra\u00e7as aos avan\u00e7os da <strong>gen\u00e9tica comportamental<\/strong>. Estudos recentes est\u00e3o mudando o foco de genes isolados para a <strong>epistasia<\/strong> \u2014 o fen\u00f4meno complexo onde a a\u00e7\u00e3o de um gene \u00e9 modificada por um ou v\u00e1rios outros genes. Essa teia de intera\u00e7\u00f5es est\u00e1 se revelando a chave para entender n\u00e3o apenas tra\u00e7os de personalidade, mas tamb\u00e9m a arquitetura do <strong>Transtorno do Espectro Autista (TEA)<\/strong>.<\/p>\n\n\n\n<h3 class=\"wp-block-heading\">O poder das intera\u00e7\u00f5es: Al\u00e9m do gene \u00fanico<\/h3>\n\n\n\n<p class=\"wp-block-paragraph\">Por muito tempo, a ci\u00eancia buscou &#8220;o gene do autismo&#8221; ou &#8220;o gene da agressividade&#8221;. No entanto, a nova onda de pesquisas gen\u00f4micas demonstra que o comportamento humano \u00e9 <strong>polig\u00eanico<\/strong> e altamente dependente de como essas variantes conversam entre si.<\/p>\n\n\n\n<p class=\"wp-block-paragraph\">Adriel P. Silva, f\u00edsico e gestor de projetos cient\u00edficos no <strong>Centro de Pesquisa e An\u00e1lises Her\u00e1clito (CPAH)<\/strong>, \u00e9 uma das vozes que defendem a uni\u00e3o da biologia com as ci\u00eancias exatas. Segundo Silva, a biologia sozinha n\u00e3o consegue prever o comportamento sem o aux\u00edlio de <strong>modelos matem\u00e1ticos robustos<\/strong>. &#8220;Equa\u00e7\u00f5es matem\u00e1ticas s\u00e3o ferramentas essenciais para quantificar essas predisposi\u00e7\u00f5es gen\u00e9ticas&#8221;, afirma o pesquisador, destacando que a complexidade do c\u00e9rebro exige uma abordagem de sistemas.<\/p>\n\n\n\n<h3 class=\"wp-block-heading\">Inova\u00e7\u00f5es no mapeamento do autismo (TEA)<\/h3>\n\n\n\n<p class=\"wp-block-paragraph\">As atualiza\u00e7\u00f5es mais recentes no campo da gen\u00f4mica, impulsionadas por tecnologias de sequenciamento de nova gera\u00e7\u00e3o (NGS), revelam dados cruciais:<\/p>\n\n\n\n<ul class=\"wp-block-list\">\n<li><strong>Modelagem de Redes:<\/strong> Em vez de olhar para pontos est\u00e1ticos, os cientistas agora mapeiam redes de prote\u00ednas que interagem durante o desenvolvimento embrion\u00e1rio do sistema nervoso.<\/li>\n\n\n\n<li><strong>A Epistasia no TEA:<\/strong> Pesquisas indicam que muitas pessoas com autismo possuem &#8220;variantes de risco&#8221; que s\u00f3 se manifestam quando combinadas com outras muta\u00e7\u00f5es espec\u00edficas. Sem essa combina\u00e7\u00e3o (a epistasia), o transtorno poderia n\u00e3o se expressar de forma t\u00e3o acentuada.<\/li>\n\n\n\n<li><strong>Fatores Preditivos:<\/strong> O uso de algoritmos de intelig\u00eancia artificial aplicados \u00e0 gen\u00e9tica permite hoje calcular o &#8220;Escore de Risco Polig\u00eanico&#8221;, uma estimativa matem\u00e1tica da probabilidade de um indiv\u00edduo desenvolver certas condi\u00e7\u00f5es.<\/li>\n<\/ul>\n\n\n\n<h3 class=\"wp-block-heading\">O papel da biof\u00edsica e da gest\u00e3o cient\u00edfica<\/h3>\n\n\n\n<p class=\"wp-block-paragraph\">O trabalho realizado em centros como o <strong>CPAH<\/strong> reflete uma tend\u00eancia global: a transdisciplinaridade. Ao tratar o DNA como um c\u00f3digo de dados que segue padr\u00f5es f\u00edsicos e matem\u00e1ticos, pesquisadores conseguem filtrar o &#8220;ru\u00eddo&#8221; gen\u00e9tico e focar no que realmente impacta o neurodesenvolvimento.<\/p>\n\n\n\n<p class=\"wp-block-paragraph\">Essa precis\u00e3o \u00e9 fundamental para o futuro da <strong>medicina personalizada<\/strong>. Compreender a epistasia significa que, no futuro, tratamentos e interven\u00e7\u00f5es para o autismo poder\u00e3o ser ajustados n\u00e3o apenas com base nos sintomas vis\u00edveis, mas na configura\u00e7\u00e3o matem\u00e1tica \u00fanica do genoma de cada paciente.<\/p>\n\n\n\n<h3 class=\"wp-block-heading\">O que esperar para os pr\u00f3ximos anos?<\/h3>\n\n\n\n<p class=\"wp-block-paragraph\">O desafio agora reside na capacidade computacional e \u00e9tica. \u00c0 medida que as equa\u00e7\u00f5es de pesquisadores como Adriel P. Silva se tornam mais precisas, a sociedade precisar\u00e1 debater como utilizar esses dados preditivos de forma respons\u00e1vel, garantindo que a ci\u00eancia sirva para melhorar a qualidade de vida e a inclus\u00e3o de indiv\u00edduos neurodivergentes.<\/p>\n","protected":false},"excerpt":{"rendered":"<p>A fronteira entre o que herdamos e como agimos est\u00e1 se tornando cada vez mais n\u00edtida gra\u00e7as aos avan\u00e7os da gen\u00e9tica comportamental. Estudos recentes est\u00e3o [&#8230;]<\/p>\n","protected":false},"author":1,"featured_media":2280,"comment_status":"open","ping_status":"open","sticky":false,"template":"","format":"standard","meta":{"_crdt_document":"","_jetpack_memberships_contains_paid_content":false,"footnotes":"","jetpack_publicize_message":"","jetpack_publicize_feature_enabled":true,"jetpack_social_post_already_shared":true,"jetpack_social_options":{"image_generator_settings":{"template":"highway","default_image_id":0,"font":"","enabled":false},"version":2}},"categories":[18],"tags":[],"class_list":["post-2279","post","type-post","status-publish","format-standard","has-post-thumbnail","hentry","category-saude"],"jetpack_publicize_connections":[],"jetpack_featured_media_url":"https:\/\/i0.wp.com\/oexpressobr.com.br\/wp-content\/uploads\/2026\/01\/c124f21c-f168-43e0-ac80-0effe77a7346.jpg?fit=506%2C508&ssl=1","jetpack_likes_enabled":true,"jetpack_sharing_enabled":true,"_links":{"self":[{"href":"https:\/\/oexpressobr.com.br\/index.php?rest_route=\/wp\/v2\/posts\/2279","targetHints":{"allow":["GET"]}}],"collection":[{"href":"https:\/\/oexpressobr.com.br\/index.php?rest_route=\/wp\/v2\/posts"}],"about":[{"href":"https:\/\/oexpressobr.com.br\/index.php?rest_route=\/wp\/v2\/types\/post"}],"author":[{"embeddable":true,"href":"https:\/\/oexpressobr.com.br\/index.php?rest_route=\/wp\/v2\/users\/1"}],"replies":[{"embeddable":true,"href":"https:\/\/oexpressobr.com.br\/index.php?rest_route=%2Fwp%2Fv2%2Fcomments&post=2279"}],"version-history":[{"count":1,"href":"https:\/\/oexpressobr.com.br\/index.php?rest_route=\/wp\/v2\/posts\/2279\/revisions"}],"predecessor-version":[{"id":2281,"href":"https:\/\/oexpressobr.com.br\/index.php?rest_route=\/wp\/v2\/posts\/2279\/revisions\/2281"}],"wp:featuredmedia":[{"embeddable":true,"href":"https:\/\/oexpressobr.com.br\/index.php?rest_route=\/wp\/v2\/media\/2280"}],"wp:attachment":[{"href":"https:\/\/oexpressobr.com.br\/index.php?rest_route=%2Fwp%2Fv2%2Fmedia&parent=2279"}],"wp:term":[{"taxonomy":"category","embeddable":true,"href":"https:\/\/oexpressobr.com.br\/index.php?rest_route=%2Fwp%2Fv2%2Fcategories&post=2279"},{"taxonomy":"post_tag","embeddable":true,"href":"https:\/\/oexpressobr.com.br\/index.php?rest_route=%2Fwp%2Fv2%2Ftags&post=2279"}],"curies":[{"name":"wp","href":"https:\/\/api.w.org\/{rel}","templated":true}]}}