{"id":2282,"date":"2026-01-22T06:28:10","date_gmt":"2026-01-22T09:28:10","guid":{"rendered":"https:\/\/oexpressobr.com.br\/?p=2282"},"modified":"2026-01-22T06:28:11","modified_gmt":"2026-01-22T09:28:11","slug":"parlamento-europeu-suspende-acordo-com-trump-apos-ameacas-sobre-a-groenlandia","status":"publish","type":"post","link":"https:\/\/oexpressobr.com.br\/?p=2282","title":{"rendered":"Parlamento Europeu suspende acordo com Trump ap\u00f3s amea\u00e7as sobre a Groenl\u00e2ndia"},"content":{"rendered":"\n<p class=\"wp-block-paragraph\"><strong>BRUXELAS<\/strong> \u2013 Em uma resposta direta \u00e0 estrat\u00e9gia de press\u00e3o da Casa Branca, o <strong>Parlamento Europeu<\/strong> formalizou nesta quarta-feira (21) a suspens\u00e3o da ratifica\u00e7\u00e3o do acordo comercial com os <strong>Estados Unidos<\/strong>. A decis\u00e3o ocorre ap\u00f3s o presidente <strong>Donald Trump<\/strong> intensificar as amea\u00e7as de impor tarifas de at\u00e9 <strong>25%<\/strong> sobre pa\u00edses europeus caso n\u00e3o haja avan\u00e7o nas negocia\u00e7\u00f5es para a &#8220;compra total&#8221; da <strong>Groenl\u00e2ndia<\/strong>, territ\u00f3rio aut\u00f4nomo da Dinamarca.<\/p>\n\n\n\n<p class=\"wp-block-paragraph\">O congelamento do pacto, que havia sido assinado em julho passado em Turnberry, na Esc\u00f3cia, foi liderado por uma coaliz\u00e3o dos principais blocos pol\u00edticos de Bruxelas. O texto previa a redu\u00e7\u00e3o dr\u00e1stica de tarifas sobre produtos industriais americanos, mas os eurodeputados agora condicionam qualquer avan\u00e7o ao fim do que chamam de &#8220;chantagem pol\u00edtica&#8221;.<\/p>\n\n\n\n<h3 class=\"wp-block-heading\">Os pontos centrais do conflito<\/h3>\n\n\n\n<ul class=\"wp-block-list\">\n<li><strong>Amea\u00e7a Tarif\u00e1ria:<\/strong> No \u00faltimo s\u00e1bado (17), Trump anunciou via Truth Social que, a partir de 1\u00ba de fevereiro, aplicaria uma sobretaxa de <strong>10%<\/strong> (subindo para 25% em junho) sobre exporta\u00e7\u00f5es da <strong>Dinamarca, Fran\u00e7a, Alemanha, Reino Unido, Finl\u00e2ndia, Holanda, Noruega e Su\u00e9cia<\/strong>.<\/li>\n\n\n\n<li><strong>A &#8220;Doutrina Groenl\u00e2ndia&#8221;:<\/strong> O presidente americano alega que a ilha \u00e9 vital para a seguran\u00e7a nacional dos EUA e que a Europa \u00e9 &#8220;incapaz&#8221; de proteg\u00ea-la contra avan\u00e7os da R\u00fassia e da China.<\/li>\n\n\n\n<li><strong>Rea\u00e7\u00e3o em Davos:<\/strong> Durante o F\u00f3rum Econ\u00f4mico Mundial nesta semana, Trump reafirmou seu interesse na aquisi\u00e7\u00e3o, embora tenha declarado ontem (21) que &#8220;n\u00e3o pretende usar for\u00e7a militar&#8221;, buscando um &#8220;acordo amig\u00e1vel&#8221; \u2014 postura recebida com ceticismo pelos l\u00edderes europeus.<\/li>\n<\/ul>\n\n\n\n<h3 class=\"wp-block-heading\">A &#8220;Bazucca Comercial&#8221; da Europa<\/h3>\n\n\n\n<p class=\"wp-block-paragraph\"><strong>Bernd Lange<\/strong>, presidente do Comit\u00ea de Com\u00e9rcio do Parlamento Europeu, foi enf\u00e1tico ao declarar que &#8220;n\u00e3o h\u00e1 possibilidade de compromisso enquanto houver amea\u00e7as \u00e0 soberania de um Estado-membro&#8221;.<\/p>\n\n\n\n<p class=\"wp-block-paragraph\">A Comiss\u00e3o Europeia j\u00e1 estuda ativar o chamado <strong>Instrumento Anticoer\u00e7\u00e3o<\/strong>, apelidado de &#8220;bazucca comercial&#8221;, que permitiria \u00e0 UE retaliar empresas de tecnologia e o setor agr\u00edcola dos EUA caso as tarifas de Trump entrem em vigor em fevereiro.<\/p>\n\n\n\n<blockquote class=\"wp-block-quote is-layout-flow wp-block-quote-is-layout-flow\">\n<p class=\"wp-block-paragraph\">&#8220;Ao usar tarifas como instrumento de coer\u00e7\u00e3o sobre um territ\u00f3rio soberano, Washington rompe a confian\u00e7a necess\u00e1ria para qualquer pacto comercial&#8221;, afirmou Lange.<\/p>\n<\/blockquote>\n\n\n\n<h3 class=\"wp-block-heading\">Resumo das \u00faltimas atualiza\u00e7\u00f5es (Janeiro\/2026)<\/h3>\n\n\n\n<figure class=\"wp-block-table\"><table class=\"has-fixed-layout\"><thead><tr><td><strong>Fato<\/strong><\/td><td><strong>Status Atual<\/strong><\/td><\/tr><\/thead><tbody><tr><td><strong>Vota\u00e7\u00e3o do Acordo<\/strong><\/td><td>Adiada indefinidamente (prevista originalmente para 26\/01).<\/td><\/tr><tr><td><strong>Tarifas de Trump<\/strong><\/td><td>Mantidas para 01\/02, apesar de recuo ret\u00f3rico em Davos.<\/td><\/tr><tr><td><strong>Posi\u00e7\u00e3o da Dinamarca<\/strong><\/td><td>Rejei\u00e7\u00e3o total; envio de tropas para exerc\u00edcios de soberania no \u00c1rtico.<\/td><\/tr><tr><td><strong>Impacto no Mercado<\/strong><\/td><td>Volatilidade em a\u00e7\u00f5es de montadoras alem\u00e3s e exportadoras francesas.<\/td><\/tr><\/tbody><\/table><\/figure>\n\n\n\n<p class=\"wp-block-paragraph\">A suspens\u00e3o coloca em risco um fluxo comercial de mais de <strong>1,3 trilh\u00e3o de euros<\/strong> anuais e marca o ponto mais baixo das rela\u00e7\u00f5es transatl\u00e2nticas desde o in\u00edcio do segundo mandato de Trump. Enquanto o governo americano insiste que a Groenl\u00e2ndia \u00e9 uma quest\u00e3o de seguran\u00e7a global, a Europa sinaliza que n\u00e3o sacrificar\u00e1 sua integridade territorial por benef\u00edcios tarif\u00e1rios.<\/p>\n","protected":false},"excerpt":{"rendered":"<p>BRUXELAS \u2013 Em uma resposta direta \u00e0 estrat\u00e9gia de press\u00e3o da Casa Branca, o Parlamento Europeu formalizou nesta quarta-feira (21) a suspens\u00e3o da ratifica\u00e7\u00e3o do [&#8230;]<\/p>\n","protected":false},"author":1,"featured_media":2283,"comment_status":"open","ping_status":"open","sticky":false,"template":"","format":"standard","meta":{"_crdt_document":"","_jetpack_memberships_contains_paid_content":false,"footnotes":"","jetpack_publicize_message":"","jetpack_publicize_feature_enabled":true,"jetpack_social_post_already_shared":true,"jetpack_social_options":{"image_generator_settings":{"template":"highway","default_image_id":0,"font":"","enabled":false},"version":2}},"categories":[15],"tags":[],"class_list":["post-2282","post","type-post","status-publish","format-standard","has-post-thumbnail","hentry","category-internacional"],"jetpack_publicize_connections":[],"jetpack_featured_media_url":"https:\/\/i0.wp.com\/oexpressobr.com.br\/wp-content\/uploads\/2026\/01\/20260121_site-1024x576-1.webp?fit=1024%2C576&ssl=1","jetpack_likes_enabled":true,"jetpack_sharing_enabled":true,"_links":{"self":[{"href":"https:\/\/oexpressobr.com.br\/index.php?rest_route=\/wp\/v2\/posts\/2282","targetHints":{"allow":["GET"]}}],"collection":[{"href":"https:\/\/oexpressobr.com.br\/index.php?rest_route=\/wp\/v2\/posts"}],"about":[{"href":"https:\/\/oexpressobr.com.br\/index.php?rest_route=\/wp\/v2\/types\/post"}],"author":[{"embeddable":true,"href":"https:\/\/oexpressobr.com.br\/index.php?rest_route=\/wp\/v2\/users\/1"}],"replies":[{"embeddable":true,"href":"https:\/\/oexpressobr.com.br\/index.php?rest_route=%2Fwp%2Fv2%2Fcomments&post=2282"}],"version-history":[{"count":1,"href":"https:\/\/oexpressobr.com.br\/index.php?rest_route=\/wp\/v2\/posts\/2282\/revisions"}],"predecessor-version":[{"id":2284,"href":"https:\/\/oexpressobr.com.br\/index.php?rest_route=\/wp\/v2\/posts\/2282\/revisions\/2284"}],"wp:featuredmedia":[{"embeddable":true,"href":"https:\/\/oexpressobr.com.br\/index.php?rest_route=\/wp\/v2\/media\/2283"}],"wp:attachment":[{"href":"https:\/\/oexpressobr.com.br\/index.php?rest_route=%2Fwp%2Fv2%2Fmedia&parent=2282"}],"wp:term":[{"taxonomy":"category","embeddable":true,"href":"https:\/\/oexpressobr.com.br\/index.php?rest_route=%2Fwp%2Fv2%2Fcategories&post=2282"},{"taxonomy":"post_tag","embeddable":true,"href":"https:\/\/oexpressobr.com.br\/index.php?rest_route=%2Fwp%2Fv2%2Ftags&post=2282"}],"curies":[{"name":"wp","href":"https:\/\/api.w.org\/{rel}","templated":true}]}}