{"id":2285,"date":"2026-01-22T06:34:52","date_gmt":"2026-01-22T09:34:52","guid":{"rendered":"https:\/\/oexpressobr.com.br\/?p=2285"},"modified":"2026-01-22T06:34:53","modified_gmt":"2026-01-22T09:34:53","slug":"luto-no-brasil-perdas-de-isabel-veloso-titina-medeiros-e-raul-jungmann-acendem-alerta-sobre-desafios-do-cancer","status":"publish","type":"post","link":"https:\/\/oexpressobr.com.br\/?p=2285","title":{"rendered":"Luto no Brasil: Perdas de Isabel Veloso, Titina Medeiros e Raul Jungmann acendem alerta sobre desafios do c\u00e2ncer"},"content":{"rendered":"\n<p class=\"wp-block-paragraph\">O m\u00eas de janeiro de 2026 come\u00e7a com um tom de despedida para a cultura e a pol\u00edtica brasileira. Em um curto intervalo de tempo, o pa\u00eds confirmou o falecimento da influenciadora digital <strong>Isabel Veloso<\/strong>, da atriz <strong>Titina Medeiros<\/strong> e do ex-ministro <strong>Raul Jungmann<\/strong>. Embora enfrentassem diferentes tipos da doen\u00e7a, as tr\u00eas trajet\u00f3rias convergiram no impacto p\u00fablico que geraram, trazendo \u00e0 tona o debate sobre a finitude, a resili\u00eancia e os gargalos do sistema de sa\u00fade no tratamento oncol\u00f3gico.<\/p>\n\n\n\n<h3 class=\"wp-block-heading\">Os desafios de cada diagn\u00f3stico<\/h3>\n\n\n\n<p class=\"wp-block-paragraph\">As trajet\u00f3rias dos tr\u00eas personagens ilustram a complexidade da oncologia moderna:<\/p>\n\n\n\n<ul class=\"wp-block-list\">\n<li><strong>Isabel Veloso (Linfoma de Hodgkin):<\/strong> A jovem influenciadora, que se tornou um s\u00edmbolo de transpar\u00eancia ao compartilhar sua rotina com um linfoma de Hodgkin, faleceu ap\u00f3s anos de uma batalha p\u00fablica. Isabel foi uma voz ativa na desmistifica\u00e7\u00e3o dos cuidados paliativos, mostrando que a qualidade de vida \u00e9 um direito, mesmo diante de progn\u00f3sticos reservados.<\/li>\n\n\n\n<li><strong>Titina Medeiros e Raul Jungmann (C\u00e2ncer de P\u00e2ncreas):<\/strong> A perda da atriz potiguar e do ex-ministro refor\u00e7a a agressividade do c\u00e2ncer de p\u00e2ncreas. Conhecido por ser um dos tumores de diagn\u00f3stico mais dif\u00edcil e detec\u00e7\u00e3o tardia, a doen\u00e7a exige tratamentos intensos que testam o limite f\u00edsico e emocional dos pacientes.<\/li>\n<\/ul>\n\n\n\n<h3 class=\"wp-block-heading\">A montanha-russa emocional do tratamento<\/h3>\n\n\n\n<p class=\"wp-block-paragraph\">De acordo com especialistas em psico-oncologia, \u00e9 comum que pacientes enfrentem a chamada <strong>&#8220;oscila\u00e7\u00e3o de esperan\u00e7a&#8221;<\/strong>. O tratamento oncol\u00f3gico n\u00e3o \u00e9 apenas uma jornada f\u00edsica, mas um percurso psicol\u00f3gico onde dias de otimismo com a resposta terap\u00eautica se alternam com per\u00edodos de desesperan\u00e7a profunda diante de efeitos colaterais ou not\u00edcias adversas.<\/p>\n\n\n\n<blockquote class=\"wp-block-quote is-layout-flow wp-block-quote-is-layout-flow\">\n<p class=\"wp-block-paragraph\">&#8220;O acolhimento familiar e o suporte psicol\u00f3gico s\u00e3o t\u00e3o vitais quanto a quimioterapia. O paciente precisa de espa\u00e7o para validar sua tristeza sem ser cobrado por uma &#8216;positividade t\u00f3xica'&#8221;, afirmam especialistas da \u00e1rea.<\/p>\n<\/blockquote>\n\n\n\n<h3 class=\"wp-block-heading\">Avan\u00e7os e atualiza\u00e7\u00f5es em 2026<\/h3>\n\n\n\n<p class=\"wp-block-paragraph\">No cen\u00e1rio atual de janeiro de 2026, a medicina brasileira e mundial apresenta novidades que buscam mudar o desfecho de casos como os citados:<\/p>\n\n\n\n<figure class=\"wp-block-table\"><table class=\"has-fixed-layout\"><thead><tr><td><strong>\u00c1rea<\/strong><\/td><td><strong>Novidade \/ Tend\u00eancia<\/strong><\/td><\/tr><\/thead><tbody><tr><td><strong>Detec\u00e7\u00e3o Precoce<\/strong><\/td><td>Expans\u00e3o do uso de <strong>bi\u00f3psias l\u00edquidas<\/strong> para identificar fragmentos de DNA tumoral no sangue antes dos sintomas.<\/td><\/tr><tr><td><strong>Imunoterapia<\/strong><\/td><td>Novos protocolos de imunoterapia personalizada que t\u00eam dobrado a sobrevida em casos espec\u00edficos de linfoma.<\/td><\/tr><tr><td><strong>Pol\u00edticas P\u00fablicas<\/strong><\/td><td>O debate no Congresso Nacional sobre a amplia\u00e7\u00e3o do acesso a medicamentos de alto custo no SUS ganhou for\u00e7a ap\u00f3s a como\u00e7\u00e3o pelas mortes recentes.<\/td><\/tr><\/tbody><\/table><\/figure>\n\n\n\n<p class=\"wp-block-paragraph\">As perdas de Isabel, Titina e Jungmann n\u00e3o s\u00e3o apenas estat\u00edsticas; elas humanizam a luta de milhares de brasileiros que, neste exato momento, enfrentam a incerteza do diagn\u00f3stico. O legado deixado por eles refor\u00e7a a necessidade de investimentos cont\u00ednuos em ci\u00eancia e um olhar mais emp\u00e1tico para quem vive a rotina dos hospitais.<\/p>\n","protected":false},"excerpt":{"rendered":"<p>O m\u00eas de janeiro de 2026 come\u00e7a com um tom de despedida para a cultura e a pol\u00edtica brasileira. Em um curto intervalo de tempo, [&#8230;]<\/p>\n","protected":false},"author":1,"featured_media":2286,"comment_status":"open","ping_status":"open","sticky":false,"template":"","format":"standard","meta":{"_crdt_document":"","_jetpack_memberships_contains_paid_content":false,"footnotes":"","jetpack_publicize_message":"","jetpack_publicize_feature_enabled":true,"jetpack_social_post_already_shared":true,"jetpack_social_options":{"image_generator_settings":{"template":"highway","default_image_id":0,"font":"","enabled":false},"version":2}},"categories":[18],"tags":[],"class_list":["post-2285","post","type-post","status-publish","format-standard","has-post-thumbnail","hentry","category-saude"],"jetpack_publicize_connections":[],"jetpack_featured_media_url":"https:\/\/i0.wp.com\/oexpressobr.com.br\/wp-content\/uploads\/2026\/01\/78ed8449-5199-4b96-a39f-31bf096bcbb3.jpg?fit=612%2C408&ssl=1","jetpack_likes_enabled":true,"jetpack_sharing_enabled":true,"_links":{"self":[{"href":"https:\/\/oexpressobr.com.br\/index.php?rest_route=\/wp\/v2\/posts\/2285","targetHints":{"allow":["GET"]}}],"collection":[{"href":"https:\/\/oexpressobr.com.br\/index.php?rest_route=\/wp\/v2\/posts"}],"about":[{"href":"https:\/\/oexpressobr.com.br\/index.php?rest_route=\/wp\/v2\/types\/post"}],"author":[{"embeddable":true,"href":"https:\/\/oexpressobr.com.br\/index.php?rest_route=\/wp\/v2\/users\/1"}],"replies":[{"embeddable":true,"href":"https:\/\/oexpressobr.com.br\/index.php?rest_route=%2Fwp%2Fv2%2Fcomments&post=2285"}],"version-history":[{"count":1,"href":"https:\/\/oexpressobr.com.br\/index.php?rest_route=\/wp\/v2\/posts\/2285\/revisions"}],"predecessor-version":[{"id":2287,"href":"https:\/\/oexpressobr.com.br\/index.php?rest_route=\/wp\/v2\/posts\/2285\/revisions\/2287"}],"wp:featuredmedia":[{"embeddable":true,"href":"https:\/\/oexpressobr.com.br\/index.php?rest_route=\/wp\/v2\/media\/2286"}],"wp:attachment":[{"href":"https:\/\/oexpressobr.com.br\/index.php?rest_route=%2Fwp%2Fv2%2Fmedia&parent=2285"}],"wp:term":[{"taxonomy":"category","embeddable":true,"href":"https:\/\/oexpressobr.com.br\/index.php?rest_route=%2Fwp%2Fv2%2Fcategories&post=2285"},{"taxonomy":"post_tag","embeddable":true,"href":"https:\/\/oexpressobr.com.br\/index.php?rest_route=%2Fwp%2Fv2%2Ftags&post=2285"}],"curies":[{"name":"wp","href":"https:\/\/api.w.org\/{rel}","templated":true}]}}