{"id":2293,"date":"2026-01-22T07:05:20","date_gmt":"2026-01-22T10:05:20","guid":{"rendered":"https:\/\/oexpressobr.com.br\/?p=2293"},"modified":"2026-01-22T07:05:21","modified_gmt":"2026-01-22T10:05:21","slug":"acordo-mercosul-uniao-europeia-cni-projeta-salto-na-competitividade-e-modernizacao-da-industria-brasileira","status":"publish","type":"post","link":"https:\/\/oexpressobr.com.br\/?p=2293","title":{"rendered":"Acordo Mercosul-Uni\u00e3o Europeia: CNI projeta salto na competitividade e moderniza\u00e7\u00e3o da ind\u00fastria brasileira"},"content":{"rendered":"\n<p class=\"wp-block-paragraph\">O an\u00fancio da conclus\u00e3o das negocia\u00e7\u00f5es do acordo entre <strong>Mercosul e Uni\u00e3o Europeia<\/strong> marca o fim de uma espera de mais de duas d\u00e9cadas e abre um novo cap\u00edtulo para a economia brasileira. Embora o corte de tarifas de importa\u00e7\u00e3o e exporta\u00e7\u00e3o seja o ponto mais discutido, a <strong>Confedera\u00e7\u00e3o Nacional da Ind\u00fastria (CNI)<\/strong> alerta que o verdadeiro potencial do tratado reside na moderniza\u00e7\u00e3o das regras de com\u00e9rcio e na seguran\u00e7a jur\u00eddica.<\/p>\n\n\n\n<p class=\"wp-block-paragraph\">Com a assinatura oficial ocorrida recentemente, o foco agora se volta para a ratifica\u00e7\u00e3o pelos parlamentos. Para o setor produtivo, o pacto funciona como um &#8220;selo de qualidade&#8221; que pode atrair investimentos estrangeiros diretos em n\u00edveis recordes, posicionando o Brasil como um hub estrat\u00e9gico na Am\u00e9rica Latina.<\/p>\n\n\n\n<h3 class=\"wp-block-heading\">As 10 principais vantagens para o Brasil<\/h3>\n\n\n\n<p class=\"wp-block-paragraph\">De acordo com o levantamento da CNI, os benef\u00edcios se dividem entre ganhos operacionais imediatos e transforma\u00e7\u00f5es estruturais a longo prazo:<\/p>\n\n\n\n<ol start=\"1\" class=\"wp-block-list\">\n<li><strong>Acesso ampliado ao mercado europeu:<\/strong> Redu\u00e7\u00e3o gradual de tarifas para produtos industriais e agroindustriais, facilitando a entrada em um mercado de 450 milh\u00f5es de consumidores.<\/li>\n\n\n\n<li><strong>Facilita\u00e7\u00e3o de com\u00e9rcio:<\/strong> Desburocratiza\u00e7\u00e3o de processos alfandeg\u00e1rios, reduzindo custos log\u00edsticos e o tempo de libera\u00e7\u00e3o de cargas.<\/li>\n\n\n\n<li><strong>Compras governamentais:<\/strong> Empresas brasileiras poder\u00e3o participar de licita\u00e7\u00f5es p\u00fablicas em pa\u00edses da UE em igualdade de condi\u00e7\u00f5es, um mercado bilion\u00e1rio at\u00e9 ent\u00e3o restrito.<\/li>\n\n\n\n<li><strong>Servi\u00e7os e investimentos:<\/strong> Regras claras que protegem investidores e facilitam a presta\u00e7\u00e3o de servi\u00e7os brasileiros (como TI e arquitetura) no exterior.<\/li>\n\n\n\n<li><strong>Barreiras t\u00e9cnicas:<\/strong> Harmoniza\u00e7\u00e3o de normas e padr\u00f5es, evitando que exig\u00eancias t\u00e9cnicas excessivas sejam usadas como protecionismo disfar\u00e7ado.<\/li>\n\n\n\n<li><strong>Propriedade intelectual:<\/strong> Fortalecimento da prote\u00e7\u00e3o a patentes e marcas, incentivando a inova\u00e7\u00e3o tecnol\u00f3gica no Brasil.<\/li>\n\n\n\n<li><strong>Indica\u00e7\u00e3o Geogr\u00e1fica:<\/strong> Reconhecimento e prote\u00e7\u00e3o de produtos t\u00edpicos brasileiros (como caf\u00e9s e cacha\u00e7as), agregando valor e exclusividade no mercado externo.<\/li>\n\n\n\n<li><strong>Desenvolvimento Sustent\u00e1vel:<\/strong> Compromissos com metas ambientais que tornam os produtos brasileiros mais aceit\u00e1veis e competitivos sob a \u00f3tica da economia verde.<\/li>\n\n\n\n<li><strong>Integra\u00e7\u00e3o de cadeias globais:<\/strong> Facilidade para importar componentes e m\u00e1quinas de alta tecnologia da Europa para modernizar as f\u00e1bricas locais.<\/li>\n\n\n\n<li><strong>Seguran\u00e7a jur\u00eddica:<\/strong> Um marco regulat\u00f3rio est\u00e1vel que reduz o &#8220;Risco Brasil&#8221; e atrai capital estrangeiro de longo prazo.<\/li>\n<\/ol>\n\n\n\n<h3 class=\"wp-block-heading\">O que dizem os especialistas e as \u00faltimas novidades<\/h3>\n\n\n\n<p class=\"wp-block-paragraph\">O otimismo da CNI \u00e9 acompanhado por uma cautela estrat\u00e9gica. O governo brasileiro e os parceiros do Mercosul j\u00e1 iniciaram o di\u00e1logo com os setores produtivos para preparar a <strong>transi\u00e7\u00e3o produtiva<\/strong>. O objetivo \u00e9 garantir que pequenas e m\u00e9dias empresas consigam se adaptar \u00e0s novas normas de sustentabilidade exigidas pelo bloco europeu.<\/p>\n\n\n\n<p class=\"wp-block-paragraph\">As \u00faltimas atualiza\u00e7\u00f5es indicam que o texto passar\u00e1 agora pela revis\u00e3o jur\u00eddica e tradu\u00e7\u00e3o para as 24 l\u00ednguas oficiais da UE. No Brasil, o setor industrial v\u00ea o acordo como uma &#8220;virada de chave&#8221; para reverter o processo de desindustrializa\u00e7\u00e3o, for\u00e7ando um aumento da produtividade nacional atrav\u00e9s da competi\u00e7\u00e3o saud\u00e1vel e do acesso a novas tecnologias.<\/p>\n\n\n\n<blockquote class=\"wp-block-quote is-layout-flow wp-block-quote-is-layout-flow\">\n<p class=\"wp-block-paragraph\">&#8220;Este acordo n\u00e3o \u00e9 apenas sobre vender mais, \u00e9 sobre participar das regras do jogo global. Ele insere o Brasil no centro das decis\u00f5es comerciais do s\u00e9culo XXI,&#8221; destaca a an\u00e1lise t\u00e9cnica da CNI.<\/p>\n<\/blockquote>\n","protected":false},"excerpt":{"rendered":"<p>O an\u00fancio da conclus\u00e3o das negocia\u00e7\u00f5es do acordo entre Mercosul e Uni\u00e3o Europeia marca o fim de uma espera de mais de duas d\u00e9cadas e [&#8230;]<\/p>\n","protected":false},"author":1,"featured_media":2294,"comment_status":"open","ping_status":"open","sticky":false,"template":"","format":"standard","meta":{"_crdt_document":"","_jetpack_memberships_contains_paid_content":false,"footnotes":"","jetpack_publicize_message":"","jetpack_publicize_feature_enabled":true,"jetpack_social_post_already_shared":true,"jetpack_social_options":{"image_generator_settings":{"template":"highway","default_image_id":0,"font":"","enabled":false},"version":2}},"categories":[3],"tags":[],"class_list":["post-2293","post","type-post","status-publish","format-standard","has-post-thumbnail","hentry","category-brasil"],"jetpack_publicize_connections":[],"jetpack_featured_media_url":"https:\/\/i0.wp.com\/oexpressobr.com.br\/wp-content\/uploads\/2026\/01\/495937b2-b4be-4bd9-a18f-68938a0ce7eb-scaled.jpg?fit=2560%2C1706&ssl=1","jetpack_likes_enabled":true,"jetpack_sharing_enabled":true,"_links":{"self":[{"href":"https:\/\/oexpressobr.com.br\/index.php?rest_route=\/wp\/v2\/posts\/2293","targetHints":{"allow":["GET"]}}],"collection":[{"href":"https:\/\/oexpressobr.com.br\/index.php?rest_route=\/wp\/v2\/posts"}],"about":[{"href":"https:\/\/oexpressobr.com.br\/index.php?rest_route=\/wp\/v2\/types\/post"}],"author":[{"embeddable":true,"href":"https:\/\/oexpressobr.com.br\/index.php?rest_route=\/wp\/v2\/users\/1"}],"replies":[{"embeddable":true,"href":"https:\/\/oexpressobr.com.br\/index.php?rest_route=%2Fwp%2Fv2%2Fcomments&post=2293"}],"version-history":[{"count":1,"href":"https:\/\/oexpressobr.com.br\/index.php?rest_route=\/wp\/v2\/posts\/2293\/revisions"}],"predecessor-version":[{"id":2295,"href":"https:\/\/oexpressobr.com.br\/index.php?rest_route=\/wp\/v2\/posts\/2293\/revisions\/2295"}],"wp:featuredmedia":[{"embeddable":true,"href":"https:\/\/oexpressobr.com.br\/index.php?rest_route=\/wp\/v2\/media\/2294"}],"wp:attachment":[{"href":"https:\/\/oexpressobr.com.br\/index.php?rest_route=%2Fwp%2Fv2%2Fmedia&parent=2293"}],"wp:term":[{"taxonomy":"category","embeddable":true,"href":"https:\/\/oexpressobr.com.br\/index.php?rest_route=%2Fwp%2Fv2%2Fcategories&post=2293"},{"taxonomy":"post_tag","embeddable":true,"href":"https:\/\/oexpressobr.com.br\/index.php?rest_route=%2Fwp%2Fv2%2Ftags&post=2293"}],"curies":[{"name":"wp","href":"https:\/\/api.w.org\/{rel}","templated":true}]}}