{"id":2296,"date":"2026-01-22T07:13:31","date_gmt":"2026-01-22T10:13:31","guid":{"rendered":"https:\/\/oexpressobr.com.br\/?p=2296"},"modified":"2026-01-22T07:13:31","modified_gmt":"2026-01-22T10:13:31","slug":"planos-de-saude-e-ans-definem-reajuste-acima-da-inflacao-e-usuarios-migram-para-clinicas-populares","status":"publish","type":"post","link":"https:\/\/oexpressobr.com.br\/?p=2296","title":{"rendered":"Planos de sa\u00fade e ANS definem reajuste acima da infla\u00e7\u00e3o e usu\u00e1rios migram para cl\u00ednicas populares"},"content":{"rendered":"\n<p class=\"wp-block-paragraph\"><strong>S\u00c3O PAULO<\/strong> \u2013 O cen\u00e1rio da sa\u00fade suplementar no Brasil inicia 2026 sob forte tens\u00e3o entre o equil\u00edbrio financeiro das operadoras e o or\u00e7amento das fam\u00edlias. Com o teto de reajuste para planos individuais e familiares fixado pela Ag\u00eancia Nacional de Sa\u00fade Suplementar (ANS) em <strong>6,06%<\/strong>, o \u00edndice superou a infla\u00e7\u00e3o oficial de 2025, que fechou em <strong>4,26%<\/strong>. A diferen\u00e7a tem impulsionado uma migra\u00e7\u00e3o sem precedentes para modelos alternativos de assist\u00eancia.<\/p>\n\n\n\n<h3 class=\"wp-block-heading\">O peso no bolso e a disparidade dos planos coletivos<\/h3>\n\n\n\n<p class=\"wp-block-paragraph\">Embora o \u00edndice de 6,06% seja o limite para contratos individuais \u2014 v\u00e1lidos at\u00e9 abril de 2026 \u2014, a maior preocupa\u00e7\u00e3o recai sobre os <strong>planos coletivos (empresariais e por ades\u00e3o)<\/strong>. Como estes n\u00e3o possuem teto estabelecido pela ANS, as proje\u00e7\u00f5es de mercado indicam reajustes que podem ultrapassar os <strong>11%<\/strong>, impulsionados pela alta sinistralidade e pelo aumento dos custos m\u00e9dico-hospitalares.<\/p>\n\n\n\n<p class=\"wp-block-paragraph\">Especialistas em direito do consumidor alertam que muitos brasileiros est\u00e3o recorrendo \u00e0 Justi\u00e7a para contestar aumentos considerados abusivos, especialmente nos chamados &#8220;falsos coletivos&#8221; (contratos de pequenas empresas com poucos benefici\u00e1rios).<\/p>\n\n\n\n<h3 class=\"wp-block-heading\">A ascens\u00e3o do &#8220;Direct-to-Consumer&#8221; na sa\u00fade<\/h3>\n\n\n\n<p class=\"wp-block-paragraph\">Diante das mensalidades proibitivas, o setor de <strong>cl\u00ednicas populares e cart\u00f5es de desconto<\/strong> vive uma explos\u00e3o de demanda. Dados recentes apontam que o setor de cart\u00f5es de benef\u00edcios em sa\u00fade cresce a uma taxa de <strong>12% ao ano<\/strong>, j\u00e1 atendendo mais de 20 milh\u00f5es de brasileiros em 2026.<\/p>\n\n\n\n<p class=\"wp-block-paragraph\">Esses modelos oferecem uma alternativa ao &#8220;deserto&#8221; assistencial:<\/p>\n\n\n\n<ul class=\"wp-block-list\">\n<li><strong>Consultas a pre\u00e7os populares:<\/strong> Valores acess\u00edveis para atendimento imediato, sem car\u00eancia.<\/li>\n\n\n\n<li><strong>Telemedicina h\u00edbrida:<\/strong> O uso do WhatsApp e plataformas digitais consolidou-se como a principal porta de entrada para triagens, reduzindo custos operacionais.<\/li>\n\n\n\n<li><strong>Pagamento por uso:<\/strong> Em vez de uma mensalidade fixa, o consumidor paga apenas quando utiliza o servi\u00e7o, um modelo que atrai profissionais aut\u00f4nomos e microempreendedores.<\/li>\n<\/ul>\n\n\n\n<h3 class=\"wp-block-heading\">Tend\u00eancias tecnol\u00f3gicas para 2026<\/h3>\n\n\n\n<p class=\"wp-block-paragraph\">Al\u00e9m da quest\u00e3o financeira, o ano de 2026 marca a consolida\u00e7\u00e3o da <strong>IA Multimodal<\/strong> na gest\u00e3o de sa\u00fade. Operadoras est\u00e3o utilizando dados em tempo real para prever surtos de doen\u00e7as e personalizar planos de cuidado, na tentativa de reduzir a sinistralidade e, consequentemente, frear os reajustes futuros.<\/p>\n\n\n\n<blockquote class=\"wp-block-quote is-layout-flow wp-block-quote-is-layout-flow\">\n<p class=\"wp-block-paragraph\">&#8220;O consumidor n\u00e3o est\u00e1 apenas fugindo do pre\u00e7o; ele est\u00e1 buscando agilidade. O modelo tradicional de planos de sa\u00fade, com redes engessadas e processos burocr\u00e1ticos, est\u00e1 perdendo espa\u00e7o para ecossistemas que integram o digital e o presencial de forma fluida&#8221;, afirma um analista do setor de sa\u00fade suplementar.<\/p>\n<\/blockquote>\n","protected":false},"excerpt":{"rendered":"<p>S\u00c3O PAULO \u2013 O cen\u00e1rio da sa\u00fade suplementar no Brasil inicia 2026 sob forte tens\u00e3o entre o equil\u00edbrio financeiro das operadoras e o or\u00e7amento das [&#8230;]<\/p>\n","protected":false},"author":1,"featured_media":2297,"comment_status":"open","ping_status":"open","sticky":false,"template":"","format":"standard","meta":{"_crdt_document":"","_jetpack_memberships_contains_paid_content":false,"footnotes":"","jetpack_publicize_message":"","jetpack_publicize_feature_enabled":true,"jetpack_social_post_already_shared":true,"jetpack_social_options":{"image_generator_settings":{"template":"highway","default_image_id":0,"font":"","enabled":false},"version":2}},"categories":[17],"tags":[],"class_list":["post-2296","post","type-post","status-publish","format-standard","has-post-thumbnail","hentry","category-comercio"],"jetpack_publicize_connections":[],"jetpack_featured_media_url":"https:\/\/i0.wp.com\/oexpressobr.com.br\/wp-content\/uploads\/2026\/01\/Foto-Karina-Brito_alta.jpeg?fit=801%2C1200&ssl=1","jetpack_likes_enabled":true,"jetpack_sharing_enabled":true,"_links":{"self":[{"href":"https:\/\/oexpressobr.com.br\/index.php?rest_route=\/wp\/v2\/posts\/2296","targetHints":{"allow":["GET"]}}],"collection":[{"href":"https:\/\/oexpressobr.com.br\/index.php?rest_route=\/wp\/v2\/posts"}],"about":[{"href":"https:\/\/oexpressobr.com.br\/index.php?rest_route=\/wp\/v2\/types\/post"}],"author":[{"embeddable":true,"href":"https:\/\/oexpressobr.com.br\/index.php?rest_route=\/wp\/v2\/users\/1"}],"replies":[{"embeddable":true,"href":"https:\/\/oexpressobr.com.br\/index.php?rest_route=%2Fwp%2Fv2%2Fcomments&post=2296"}],"version-history":[{"count":1,"href":"https:\/\/oexpressobr.com.br\/index.php?rest_route=\/wp\/v2\/posts\/2296\/revisions"}],"predecessor-version":[{"id":2298,"href":"https:\/\/oexpressobr.com.br\/index.php?rest_route=\/wp\/v2\/posts\/2296\/revisions\/2298"}],"wp:featuredmedia":[{"embeddable":true,"href":"https:\/\/oexpressobr.com.br\/index.php?rest_route=\/wp\/v2\/media\/2297"}],"wp:attachment":[{"href":"https:\/\/oexpressobr.com.br\/index.php?rest_route=%2Fwp%2Fv2%2Fmedia&parent=2296"}],"wp:term":[{"taxonomy":"category","embeddable":true,"href":"https:\/\/oexpressobr.com.br\/index.php?rest_route=%2Fwp%2Fv2%2Fcategories&post=2296"},{"taxonomy":"post_tag","embeddable":true,"href":"https:\/\/oexpressobr.com.br\/index.php?rest_route=%2Fwp%2Fv2%2Ftags&post=2296"}],"curies":[{"name":"wp","href":"https:\/\/api.w.org\/{rel}","templated":true}]}}