{"id":2299,"date":"2026-01-22T07:21:14","date_gmt":"2026-01-22T10:21:14","guid":{"rendered":"https:\/\/oexpressobr.com.br\/?p=2299"},"modified":"2026-01-22T07:21:15","modified_gmt":"2026-01-22T10:21:15","slug":"setor-imobiliario-tem-ate-31-de-janeiro-para-entregar-declaracao-de-nao-ocorrencia-ao-cofac-e-evitar-multas","status":"publish","type":"post","link":"https:\/\/oexpressobr.com.br\/?p=2299","title":{"rendered":"Setor imobili\u00e1rio tem at\u00e9 31 de janeiro para entregar Declara\u00e7\u00e3o de N\u00e3o Ocorr\u00eancia ao Cofac e evitar multas"},"content":{"rendered":"\n<p class=\"wp-block-paragraph\">Com o encerramento do primeiro m\u00eas do ano, corretores de im\u00f3veis e empresas do setor imobili\u00e1rio entram na contagem regressiva para cumprir uma de suas principais obriga\u00e7\u00f5es regulat\u00f3rias. O prazo para o envio da <strong>Declara\u00e7\u00e3o de N\u00e3o Ocorr\u00eancia<\/strong> de opera\u00e7\u00f5es suspeitas termina no pr\u00f3ximo dia <strong>31 de janeiro<\/strong>.<\/p>\n\n\n\n<p class=\"wp-block-paragraph\">A medida \u00e9 uma exig\u00eancia do Conselho de Controle de Atividades Financeiras (Coaf) e do sistema Cofeci-Creci, fundamentada na <strong>Lei n\u00ba 9.613\/1998<\/strong>. O objetivo \u00e9 rastrear e prevenir crimes de lavagem de dinheiro e financiamento ao terrorismo dentro do mercado imobili\u00e1rio brasileiro.<\/p>\n\n\n\n<h3 class=\"wp-block-heading\">O que \u00e9 a declara\u00e7\u00e3o e quem deve fazer?<\/h3>\n\n\n\n<p class=\"wp-block-paragraph\">A declara\u00e7\u00e3o deve ser realizada por todos os profissionais e empresas que, durante o ano civil anterior (2025), <strong>n\u00e3o efetuaram comunica\u00e7\u00f5es de opera\u00e7\u00f5es suspeitas<\/strong> ao Coaf.<\/p>\n\n\n\n<ul class=\"wp-block-list\">\n<li><strong>Pessoas F\u00edsicas:<\/strong> Corretores de im\u00f3veis aut\u00f4nomos.<\/li>\n\n\n\n<li><strong>Pessoas Jur\u00eddicas:<\/strong> Imobili\u00e1rias e empresas de promo\u00e7\u00e3o ou intermedia\u00e7\u00e3o de compra e venda de im\u00f3veis.<\/li>\n<\/ul>\n\n\n\n<p class=\"wp-block-paragraph\">Caso o profissional tenha identificado e reportado alguma transa\u00e7\u00e3o at\u00edpica no momento em que ela ocorreu, a Declara\u00e7\u00e3o de N\u00e3o Ocorr\u00eancia anual torna-se dispens\u00e1vel, uma vez que o \u00f3rg\u00e3o j\u00e1 foi notificado.<\/p>\n\n\n\n<h3 class=\"wp-block-heading\">Regras atualizadas e fiscaliza\u00e7\u00e3o rigorosa<\/h3>\n\n\n\n<p class=\"wp-block-paragraph\">De acordo com as normas vigentes estabelecidas pela <strong>Resolu\u00e7\u00e3o Cofeci n\u00ba 1.336\/2014<\/strong>, o setor imobili\u00e1rio \u00e9 considerado um &#8220;setor sens\u00edvel&#8221;. Isso ocorre devido ao alto valor dos ativos, que podem ser utilizados para ocultar a origem il\u00edcita de recursos.<\/p>\n\n\n\n<p class=\"wp-block-paragraph\">A novidade para este ciclo de 2026 refor\u00e7a a necessidade de preenchimento exclusivo por meio do site oficial do Cofeci ou pelos portais dos Creci regionais. A falha no envio ou o atraso pode acarretar penalidades graves, que incluem:<\/p>\n\n\n\n<ol start=\"1\" class=\"wp-block-list\">\n<li><strong>Multas pecuni\u00e1rias<\/strong> (que podem chegar a valores expressivos dependendo da reincid\u00eancia);<\/li>\n\n\n\n<li><strong>Advert\u00eancias \u00e9ticas<\/strong>;<\/li>\n\n\n\n<li><strong>Suspens\u00e3o tempor\u00e1ria<\/strong> do exerc\u00edcio profissional ou da licen\u00e7a de funcionamento da empresa.<\/li>\n<\/ol>\n\n\n\n<h3 class=\"wp-block-heading\">Como realizar o procedimento<\/h3>\n\n\n\n<p class=\"wp-block-paragraph\">O processo \u00e9 inteiramente digital e gratuito. O profissional deve acessar o portal do <strong>Cofeci (Conselho Federal de Corretores de Im\u00f3veis)<\/strong>, realizar o login com suas credenciais de registro e selecionar a op\u00e7\u00e3o &#8220;Declara\u00e7\u00e3o de Inocorr\u00eancia&#8221;. O comprovante de envio deve ser guardado por um per\u00edodo m\u00ednimo de cinco anos para fins de fiscaliza\u00e7\u00e3o.<\/p>\n","protected":false},"excerpt":{"rendered":"<p>Com o encerramento do primeiro m\u00eas do ano, corretores de im\u00f3veis e empresas do setor imobili\u00e1rio entram na contagem regressiva para cumprir uma de suas [&#8230;]<\/p>\n","protected":false},"author":1,"featured_media":2300,"comment_status":"open","ping_status":"open","sticky":false,"template":"","format":"standard","meta":{"_crdt_document":"","_jetpack_memberships_contains_paid_content":false,"footnotes":"","jetpack_publicize_message":"","jetpack_publicize_feature_enabled":true,"jetpack_social_post_already_shared":true,"jetpack_social_options":{"image_generator_settings":{"template":"highway","default_image_id":0,"font":"","enabled":false},"version":2}},"categories":[3],"tags":[],"class_list":["post-2299","post","type-post","status-publish","format-standard","has-post-thumbnail","hentry","category-brasil"],"jetpack_publicize_connections":[],"jetpack_featured_media_url":"https:\/\/i0.wp.com\/oexpressobr.com.br\/wp-content\/uploads\/2026\/01\/9bc334d1-7e9b-40d0-99b9-95a8e1816ea9.jpg?fit=1368%2C912&ssl=1","jetpack_likes_enabled":true,"jetpack_sharing_enabled":true,"_links":{"self":[{"href":"https:\/\/oexpressobr.com.br\/index.php?rest_route=\/wp\/v2\/posts\/2299","targetHints":{"allow":["GET"]}}],"collection":[{"href":"https:\/\/oexpressobr.com.br\/index.php?rest_route=\/wp\/v2\/posts"}],"about":[{"href":"https:\/\/oexpressobr.com.br\/index.php?rest_route=\/wp\/v2\/types\/post"}],"author":[{"embeddable":true,"href":"https:\/\/oexpressobr.com.br\/index.php?rest_route=\/wp\/v2\/users\/1"}],"replies":[{"embeddable":true,"href":"https:\/\/oexpressobr.com.br\/index.php?rest_route=%2Fwp%2Fv2%2Fcomments&post=2299"}],"version-history":[{"count":1,"href":"https:\/\/oexpressobr.com.br\/index.php?rest_route=\/wp\/v2\/posts\/2299\/revisions"}],"predecessor-version":[{"id":2301,"href":"https:\/\/oexpressobr.com.br\/index.php?rest_route=\/wp\/v2\/posts\/2299\/revisions\/2301"}],"wp:featuredmedia":[{"embeddable":true,"href":"https:\/\/oexpressobr.com.br\/index.php?rest_route=\/wp\/v2\/media\/2300"}],"wp:attachment":[{"href":"https:\/\/oexpressobr.com.br\/index.php?rest_route=%2Fwp%2Fv2%2Fmedia&parent=2299"}],"wp:term":[{"taxonomy":"category","embeddable":true,"href":"https:\/\/oexpressobr.com.br\/index.php?rest_route=%2Fwp%2Fv2%2Fcategories&post=2299"},{"taxonomy":"post_tag","embeddable":true,"href":"https:\/\/oexpressobr.com.br\/index.php?rest_route=%2Fwp%2Fv2%2Ftags&post=2299"}],"curies":[{"name":"wp","href":"https:\/\/api.w.org\/{rel}","templated":true}]}}