{"id":2305,"date":"2026-01-22T07:34:45","date_gmt":"2026-01-22T10:34:45","guid":{"rendered":"https:\/\/oexpressobr.com.br\/?p=2305"},"modified":"2026-01-22T07:34:46","modified_gmt":"2026-01-22T10:34:46","slug":"epr-iguacu-realiza-manutencao-na-ponte-do-rio-cavernoso-e-altera-trafego-na-br-277-em-cantagalo","status":"publish","type":"post","link":"https:\/\/oexpressobr.com.br\/?p=2305","title":{"rendered":"EPR Igua\u00e7u realiza manuten\u00e7\u00e3o na Ponte do Rio Cavernoso e altera tr\u00e1fego na BR-277 em Cantagalo"},"content":{"rendered":"\n<p class=\"wp-block-paragraph\">A concession\u00e1ria <strong>EPR Igua\u00e7u<\/strong>, respons\u00e1vel por trechos estrat\u00e9gicos nas regi\u00f5es Oeste e Sudoeste do Paran\u00e1, iniciou nesta quarta-feira (21) uma opera\u00e7\u00e3o de manuten\u00e7\u00e3o corretiva e preventiva na <strong>Ponte do Rio Cavernoso<\/strong>. Localizada no <strong>km 417 da BR-277<\/strong>, no munic\u00edpio de Cantagalo, a estrutura passa por um processo de recupera\u00e7\u00e3o das juntas de dilata\u00e7\u00e3o.<\/p>\n\n\n\n<p class=\"wp-block-paragraph\">O objetivo central da interven\u00e7\u00e3o \u00e9 garantir a seguran\u00e7a dos usu\u00e1rios e a longevidade da infraestrutura. As juntas de dilata\u00e7\u00e3o s\u00e3o componentes cr\u00edticos que permitem \u00e0 ponte se movimentar de forma controlada, absorvendo a expans\u00e3o t\u00e9rmica do concreto e reduzindo o impacto das vibra\u00e7\u00f5es causadas pelo fluxo constante de ve\u00edculos pesados.<\/p>\n\n\n\n<h3 class=\"wp-block-heading\">Detalhes da opera\u00e7\u00e3o e fluxo de ve\u00edculos<\/h3>\n\n\n\n<p class=\"wp-block-paragraph\">Para viabilizar os trabalhos, a concession\u00e1ria adotou o sistema de <strong>&#8220;Pare e Siga&#8221;<\/strong>, o que requer aten\u00e7\u00e3o redobrada dos motoristas que trafegam entre Guarapuava e Laranjeiras do Sul.<\/p>\n\n\n\n<ul class=\"wp-block-list\">\n<li><strong>Localiza\u00e7\u00e3o:<\/strong> BR-277, km 417 (Ponte do Rio Cavernoso).<\/li>\n\n\n\n<li><strong>Servi\u00e7o:<\/strong> Substitui\u00e7\u00e3o e veda\u00e7\u00e3o de juntas estruturais.<\/li>\n\n\n\n<li><strong>Impacto no tr\u00e2nsito:<\/strong> Interdi\u00e7\u00f5es parciais com sinaliza\u00e7\u00e3o refor\u00e7ada.<\/li>\n<\/ul>\n\n\n\n<p class=\"wp-block-paragraph\">De acordo com o cronograma da EPR Igua\u00e7u, essas obras fazem parte do pacote de investimentos previstos para o primeiro ciclo da concess\u00e3o, que prioriza a recupera\u00e7\u00e3o de artes especiais (pontes e viadutos) e o recapeamento asf\u00e1ltico em pontos cr\u00edticos da rodovia.<\/p>\n\n\n\n<h3 class=\"wp-block-heading\">Manuten\u00e7\u00e3o como pilar de seguran\u00e7a<\/h3>\n\n\n\n<p class=\"wp-block-paragraph\">Especialistas em infraestrutura ressaltam que a falta de manuten\u00e7\u00e3o nessas juntas pode causar infiltra\u00e7\u00f5es e danos severos \u00e0s vigas de sustenta\u00e7\u00e3o. &#8220;A restaura\u00e7\u00e3o visa manter a integridade e aumentar a durabilidade da estrutura, evitando interven\u00e7\u00f5es mais dr\u00e1sticas e caras no futuro&#8221;, afirma a nota t\u00e9cnica da concession\u00e1ria.<\/p>\n\n\n\n<p class=\"wp-block-paragraph\">A orienta\u00e7\u00e3o para quem precisa utilizar o trecho \u00e9 <strong>planejar a viagem com anteced\u00eancia<\/strong> e respeitar os limites de velocidade, uma vez que equipes de oper\u00e1rios estar\u00e3o trabalhando pr\u00f3ximos \u00e0 pista.<\/p>\n\n\n\n<hr class=\"wp-block-separator has-alpha-channel-opacity\"\/>\n\n\n\n<blockquote class=\"wp-block-quote is-layout-flow wp-block-quote-is-layout-flow\">\n<p class=\"wp-block-paragraph\"><strong>Dica ao motorista:<\/strong> Acompanhe as condi\u00e7\u00f5es de tr\u00e1fego em tempo real pelo canal de atendimento da EPR Igua\u00e7u ou pelas redes sociais da concession\u00e1ria para evitar congestionamentos nos hor\u00e1rios de pico.<\/p>\n<\/blockquote>\n\n\n\n<p class=\"wp-block-paragraph\">Voc\u00ea gostaria que eu preparasse uma nota curta para redes sociais ou um roteiro de \u00e1udio para r\u00e1dio baseado nesta mat\u00e9ria?<\/p>\n","protected":false},"excerpt":{"rendered":"<p>A concession\u00e1ria EPR Igua\u00e7u, respons\u00e1vel por trechos estrat\u00e9gicos nas regi\u00f5es Oeste e Sudoeste do Paran\u00e1, iniciou nesta quarta-feira (21) uma opera\u00e7\u00e3o de manuten\u00e7\u00e3o corretiva e [&#8230;]<\/p>\n","protected":false},"author":1,"featured_media":2306,"comment_status":"open","ping_status":"open","sticky":false,"template":"","format":"standard","meta":{"_crdt_document":"","_jetpack_memberships_contains_paid_content":false,"footnotes":"","jetpack_publicize_message":"","jetpack_publicize_feature_enabled":true,"jetpack_social_post_already_shared":true,"jetpack_social_options":{"image_generator_settings":{"template":"highway","default_image_id":0,"font":"","enabled":false},"version":2}},"categories":[5],"tags":[],"class_list":["post-2305","post","type-post","status-publish","format-standard","has-post-thumbnail","hentry","category-parana"],"jetpack_publicize_connections":[],"jetpack_featured_media_url":"https:\/\/i0.wp.com\/oexpressobr.com.br\/wp-content\/uploads\/2026\/01\/7d349bba-aa20-4581-bd37-312de92de483.png?fit=1280%2C960&ssl=1","jetpack_likes_enabled":true,"jetpack_sharing_enabled":true,"_links":{"self":[{"href":"https:\/\/oexpressobr.com.br\/index.php?rest_route=\/wp\/v2\/posts\/2305","targetHints":{"allow":["GET"]}}],"collection":[{"href":"https:\/\/oexpressobr.com.br\/index.php?rest_route=\/wp\/v2\/posts"}],"about":[{"href":"https:\/\/oexpressobr.com.br\/index.php?rest_route=\/wp\/v2\/types\/post"}],"author":[{"embeddable":true,"href":"https:\/\/oexpressobr.com.br\/index.php?rest_route=\/wp\/v2\/users\/1"}],"replies":[{"embeddable":true,"href":"https:\/\/oexpressobr.com.br\/index.php?rest_route=%2Fwp%2Fv2%2Fcomments&post=2305"}],"version-history":[{"count":1,"href":"https:\/\/oexpressobr.com.br\/index.php?rest_route=\/wp\/v2\/posts\/2305\/revisions"}],"predecessor-version":[{"id":2307,"href":"https:\/\/oexpressobr.com.br\/index.php?rest_route=\/wp\/v2\/posts\/2305\/revisions\/2307"}],"wp:featuredmedia":[{"embeddable":true,"href":"https:\/\/oexpressobr.com.br\/index.php?rest_route=\/wp\/v2\/media\/2306"}],"wp:attachment":[{"href":"https:\/\/oexpressobr.com.br\/index.php?rest_route=%2Fwp%2Fv2%2Fmedia&parent=2305"}],"wp:term":[{"taxonomy":"category","embeddable":true,"href":"https:\/\/oexpressobr.com.br\/index.php?rest_route=%2Fwp%2Fv2%2Fcategories&post=2305"},{"taxonomy":"post_tag","embeddable":true,"href":"https:\/\/oexpressobr.com.br\/index.php?rest_route=%2Fwp%2Fv2%2Ftags&post=2305"}],"curies":[{"name":"wp","href":"https:\/\/api.w.org\/{rel}","templated":true}]}}