{"id":2321,"date":"2026-01-22T11:31:51","date_gmt":"2026-01-22T14:31:51","guid":{"rendered":"https:\/\/oexpressobr.com.br\/?p=2321"},"modified":"2026-01-22T11:31:52","modified_gmt":"2026-01-22T14:31:52","slug":"picape-pega-fogo-apos-passar-por-praca-de-pedagio-na-br-376-entre-imbau-e-ortigueira","status":"publish","type":"post","link":"https:\/\/oexpressobr.com.br\/?p=2321","title":{"rendered":"Picape pega fogo ap\u00f3s passar por pra\u00e7a de ped\u00e1gio na BR-376 entre Imba\u00fa e Ortigueira"},"content":{"rendered":"\n<p class=\"wp-block-paragraph\">Um susto marcou a viagem de um motorista na tarde desta quinta-feira (22) na Rodovia do Caf\u00e9. Uma picape foi consumida por chamas logo ap\u00f3s cruzar a pra\u00e7a de ped\u00e1gio da <strong>BR-376<\/strong>, situada entre os munic\u00edpios de <strong>Imba\u00fa<\/strong> e <strong>Ortigueira<\/strong>, na regi\u00e3o dos Campos Gerais, no Paran\u00e1.<\/p>\n\n\n\n<p class=\"wp-block-paragraph\">\u200bDe acordo com informa\u00e7\u00f5es preliminares da concession\u00e1ria que administra o trecho e da Pol\u00edcia Rodovi\u00e1ria Federal (PRF), o incidente ocorreu instantes depois de o condutor realizar o pagamento da tarifa. Ao notar fuma\u00e7a saindo do compartimento do motorista, o homem conseguiu estacionar o ve\u00edculo no acostamento antes que o fogo se alastrasse por toda a estrutura.<\/p>\n\n\n\n<h3 class=\"wp-block-heading\">\u200bDetalhes do Incidente<\/h3>\n\n\n\n<ul class=\"wp-block-list\">\n<li>\u200b<strong>Local:<\/strong> KM 388 da BR-376, pr\u00f3ximo \u00e0 pra\u00e7a de ped\u00e1gio de Ortigueira.<\/li>\n\n\n\n<li>\u200b<strong>V\u00edtimas:<\/strong> O motorista estava sozinho e conseguiu sair do ve\u00edculo sem ferimentos.<\/li>\n\n\n\n<li>\u200b<strong>Atendimento:<\/strong> Equipes de combate a inc\u00eandio da concession\u00e1ria foram acionadas imediatamente para conter as chamas, que geraram uma densa coluna de fuma\u00e7a preta vis\u00edvel a quil\u00f4metros de dist\u00e2ncia.<\/li>\n<\/ul>\n\n\n\n<p class=\"wp-block-paragraph\">\u200bO tr\u00e1fego na regi\u00e3o chegou a operar com lentid\u00e3o e interdi\u00e7\u00e3o parcial de uma das faixas para garantir a seguran\u00e7a das equipes de resgate e evitar novos acidentes, mas j\u00e1 apresenta fluxo normalizado ap\u00f3s a retirada da carca\u00e7a do ve\u00edculo.<\/p>\n\n\n\n<h3 class=\"wp-block-heading\">\u200bContexto e Seguran\u00e7a<\/h3>\n\n\n\n<p class=\"wp-block-paragraph\">\u200bEmbora as causas espec\u00edficas deste inc\u00eandio ainda n\u00e3o tenham sido confirmadas tecnicamente, especialistas alertam que panes el\u00e9tricas e vazamentos de combust\u00edvel s\u00e3o as principais raz\u00f5es para esse tipo de ocorr\u00eancia em rodovias.<\/p>\n\n\n\n<p class=\"wp-block-paragraph\">\u200bNeste in\u00edcio de 2026, as autoridades de tr\u00e2nsito do Paran\u00e1 t\u00eam refor\u00e7ado a import\u00e2ncia da manuten\u00e7\u00e3o preventiva, especialmente em trechos de serra e longas dist\u00e2ncias como a BR-376, onde a exig\u00eancia do motor \u00e9 maior.<\/p>\n\n\n\n<blockquote class=\"wp-block-quote is-layout-flow wp-block-quote-is-layout-flow\">\n<p class=\"wp-block-paragraph\">\u200b<strong>Nota de Seguran\u00e7a:<\/strong> Em caso de fuma\u00e7a no painel ou sob o cap\u00f4, estacione imediatamente em local seguro, desligue a igni\u00e7\u00e3o e afaste-se do ve\u00edculo antes de tentar qualquer combate ao fogo.<\/p>\n<\/blockquote>\n","protected":false},"excerpt":{"rendered":"<p>Um susto marcou a viagem de um motorista na tarde desta quinta-feira (22) na Rodovia do Caf\u00e9. Uma picape foi consumida por chamas logo ap\u00f3s [&#8230;]<\/p>\n","protected":false},"author":1,"featured_media":2322,"comment_status":"open","ping_status":"open","sticky":false,"template":"","format":"standard","meta":{"_crdt_document":"","_jetpack_memberships_contains_paid_content":false,"footnotes":"","jetpack_publicize_message":"","jetpack_publicize_feature_enabled":true,"jetpack_social_post_already_shared":true,"jetpack_social_options":{"image_generator_settings":{"template":"highway","default_image_id":0,"font":"","enabled":false},"version":2}},"categories":[5],"tags":[],"class_list":["post-2321","post","type-post","status-publish","format-standard","has-post-thumbnail","hentry","category-parana"],"jetpack_publicize_connections":[],"jetpack_featured_media_url":"https:\/\/i0.wp.com\/oexpressobr.com.br\/wp-content\/uploads\/2026\/01\/g1-18-.jpeg?fit=984%2C553&ssl=1","jetpack_likes_enabled":true,"jetpack_sharing_enabled":true,"_links":{"self":[{"href":"https:\/\/oexpressobr.com.br\/index.php?rest_route=\/wp\/v2\/posts\/2321","targetHints":{"allow":["GET"]}}],"collection":[{"href":"https:\/\/oexpressobr.com.br\/index.php?rest_route=\/wp\/v2\/posts"}],"about":[{"href":"https:\/\/oexpressobr.com.br\/index.php?rest_route=\/wp\/v2\/types\/post"}],"author":[{"embeddable":true,"href":"https:\/\/oexpressobr.com.br\/index.php?rest_route=\/wp\/v2\/users\/1"}],"replies":[{"embeddable":true,"href":"https:\/\/oexpressobr.com.br\/index.php?rest_route=%2Fwp%2Fv2%2Fcomments&post=2321"}],"version-history":[{"count":1,"href":"https:\/\/oexpressobr.com.br\/index.php?rest_route=\/wp\/v2\/posts\/2321\/revisions"}],"predecessor-version":[{"id":2323,"href":"https:\/\/oexpressobr.com.br\/index.php?rest_route=\/wp\/v2\/posts\/2321\/revisions\/2323"}],"wp:featuredmedia":[{"embeddable":true,"href":"https:\/\/oexpressobr.com.br\/index.php?rest_route=\/wp\/v2\/media\/2322"}],"wp:attachment":[{"href":"https:\/\/oexpressobr.com.br\/index.php?rest_route=%2Fwp%2Fv2%2Fmedia&parent=2321"}],"wp:term":[{"taxonomy":"category","embeddable":true,"href":"https:\/\/oexpressobr.com.br\/index.php?rest_route=%2Fwp%2Fv2%2Fcategories&post=2321"},{"taxonomy":"post_tag","embeddable":true,"href":"https:\/\/oexpressobr.com.br\/index.php?rest_route=%2Fwp%2Fv2%2Ftags&post=2321"}],"curies":[{"name":"wp","href":"https:\/\/api.w.org\/{rel}","templated":true}]}}