{"id":2324,"date":"2026-01-22T14:19:46","date_gmt":"2026-01-22T17:19:46","guid":{"rendered":"https:\/\/oexpressobr.com.br\/?p=2324"},"modified":"2026-01-22T14:19:47","modified_gmt":"2026-01-22T17:19:47","slug":"ministerio-publico-investiga-show-da-dupla-joao-vitor-e-gabriel-e-suspeita-de-favorecimento-envolve-cobra-reporter","status":"publish","type":"post","link":"https:\/\/oexpressobr.com.br\/?p=2324","title":{"rendered":"Minist\u00e9rio P\u00fablico investiga show da dupla Jo\u00e3o Vitor e Gabriel e suspeita de favorecimento envolve Cobra Rep\u00f3rter"},"content":{"rendered":"\n<p class=\"wp-block-paragraph\"><strong>Diferen\u00e7a de mais de R$ 34 mil em cach\u00eas pagos pela prefeitura de Primeiro de Maio em rela\u00e7\u00e3o a munic\u00edpios vizinhos acende alerta sobre poss\u00edvel superfaturamento e uso pol\u00edtico de eventos p\u00fablicos.<\/strong><\/p>\n\n\n\n<p class=\"wp-block-paragraph\">\u200bO Minist\u00e9rio P\u00fablico do Paran\u00e1 (MP-PR) instaurou um inqu\u00e9rito civil para apurar poss\u00edveis irregularidades na contrata\u00e7\u00e3o da dupla sertaneja <strong>Jo\u00e3o Vitor e Gabriel<\/strong> pela Prefeitura de Primeiro de Maio. O foco da investiga\u00e7\u00e3o, que tramita sob o n\u00famero 0115.25.000265-2, \u00e9 a discrep\u00e2ncia nos valores pagos pelo show e a liga\u00e7\u00e3o direta da dupla com o deputado estadual <strong>Cobra Rep\u00f3rter (PSD)<\/strong>.<\/p>\n\n\n\n<p class=\"wp-block-paragraph\">\u200bGabriel, um dos integrantes, \u00e9 filho do parlamentar, que tamb\u00e9m figura como titular da empresa contratada, a <strong>G A Gon\u00e7alves Silva Shows e Eventos<\/strong>.<\/p>\n\n\n\n<h3 class=\"wp-block-heading\">\u200bO peso dos n\u00fameros<\/h3>\n\n\n\n<p class=\"wp-block-paragraph\">\u200bA contrata\u00e7\u00e3o para a primeira Agro Fest de Primeiro de Maio, realizada em julho de 2025, custou aos cofres p\u00fablicos <strong>R$ 50 mil<\/strong>. O valor chamou a aten\u00e7\u00e3o dos \u00f3rg\u00e3os de controle por ser tr\u00eas vezes superior ao pago pela Prefeitura de Ibipor\u00e3 apenas um m\u00eas antes, onde a mesma apresenta\u00e7\u00e3o custou <strong>R$ 15,5 mil<\/strong>.<\/p>\n\n\n\n<p class=\"wp-block-paragraph\">\u200bRelat\u00f3rios preliminares do MP indicam que n\u00e3o h\u00e1 justificativa t\u00e9cnica para tamanha diferen\u00e7a de pre\u00e7o, uma vez que as cidades s\u00e3o vizinhas e possuem perfis semelhantes. Al\u00e9m disso, a prefeitura contratou som, palco e ilumina\u00e7\u00e3o separadamente, o que derruba o argumento de que o valor maior incluiria infraestrutura adicional.<\/p>\n\n\n\n<h3 class=\"wp-block-heading\">\u200bVitrine pol\u00edtica e emendas parlamentares<\/h3>\n\n\n\n<p class=\"wp-block-paragraph\">\u200bAl\u00e9m do suposto superfaturamento, o Minist\u00e9rio P\u00fablico apura se os eventos serviram como &#8220;palanque eleitoral&#8221;. Durante a Agro Fest, o deputado Cobra Rep\u00f3rter subiu ao palco acompanhado do prefeito <strong>Bruno Santa Rosa<\/strong> e do secret\u00e1rio estadual de Sa\u00fade, <strong>Beto Preto<\/strong>, para anunciar investimentos de R$ 8 milh\u00f5es na sa\u00fade local.<\/p>\n\n\n\n<p class=\"wp-block-paragraph\">\u200bO padr\u00e3o de contrata\u00e7\u00f5es da dupla em outros munic\u00edpios tamb\u00e9m est\u00e1 sob a lupa:<\/p>\n\n\n\n<ul class=\"wp-block-list\">\n<li>\u200b<strong>Congonhinhas:<\/strong> Contrata\u00e7\u00e3o de R$ 15 mil (2022) ap\u00f3s an\u00fancio de R$ 600 mil em pavimenta\u00e7\u00e3o pelo deputado.<\/li>\n\n\n\n<li>\u200b<strong>Nova F\u00e1tima:<\/strong> Show vinculado \u00e0 entrega de um caminh\u00e3o de R$ 850 mil via emenda parlamentar.\n<ul class=\"wp-block-list\">\n<li>\u200b<em>Atualiza\u00e7\u00e3o:<\/em> Documentos recentes mostram que em Nova F\u00e1tima, uma nova licita\u00e7\u00e3o para a dupla em dezembro de 2024 chegou a ser cancelada ap\u00f3s recomenda\u00e7\u00f5es administrativas.<\/li>\n<\/ul>\n<\/li>\n\n\n\n<li>\u200b<strong>Faxinal:<\/strong> Registros de julho de 2025 mostram a contrata\u00e7\u00e3o da dupla por <strong>R$ 40 mil<\/strong>, valor que tamb\u00e9m destoa dos contratos iniciais da carreira dos artistas.<\/li>\n<\/ul>\n\n\n\n<h3 class=\"wp-block-heading\">\u200bOutro lado<\/h3>\n\n\n\n<p class=\"wp-block-paragraph\">\u200bA prefeitura de Primeiro de Maio, por meio do secret\u00e1rio de comunica\u00e7\u00e3o Marcelo Villa, defende a legalidade da contrata\u00e7\u00e3o por inexigibilidade, alegando que o valor foi baseado em proposta comercial e documentos fiscais. O secret\u00e1rio de Agricultura, Edilson Devequio, afirmou desconhecer o parentesco entre o cantor e o deputado.<\/p>\n\n\n\n<p class=\"wp-block-paragraph\">\u200bJ\u00e1 o gabinete de Cobra Rep\u00f3rter informou que o parlamentar s\u00f3 se manifestar\u00e1 ap\u00f3s notifica\u00e7\u00e3o oficial. Gabriel, o filho do deputado, possui hist\u00f3rico no setor p\u00fablico, tendo ocupado cargo comissionado no Governo do Estado com sal\u00e1rio de aproximadamente R$ 7 mil antes de se dedicar integralmente \u00e0 carreira art\u00edstica.<\/p>\n\n\n\n<h3 class=\"wp-block-heading\">\u200bContexto nacional<\/h3>\n\n\n\n<p class=\"wp-block-paragraph\">\u200bO caso no Paran\u00e1 ecoa a crise dos &#8220;shows sertanejos&#8221; que estourou no Brasil em 2022, quando cach\u00eas milion\u00e1rios pagos por pequenas prefeituras a artistas como Gusttavo Lima e Z\u00e9 Neto &amp; Cristiano entraram na mira do Tribunal de Contas da Uni\u00e3o (TCU). A investiga\u00e7\u00e3o atual refor\u00e7a a press\u00e3o por maior transpar\u00eancia e crit\u00e9rios t\u00e9cnicos em contrata\u00e7\u00f5es art\u00edsticas com dinheiro p\u00fablico, garantindo que o lazer da popula\u00e7\u00e3o n\u00e3o seja usado para desviar recursos de \u00e1reas cr\u00edticas como sa\u00fade e educa\u00e7\u00e3o.<\/p>\n","protected":false},"excerpt":{"rendered":"<p>Diferen\u00e7a de mais de R$ 34 mil em cach\u00eas pagos pela prefeitura de Primeiro de Maio em rela\u00e7\u00e3o a munic\u00edpios vizinhos acende alerta sobre poss\u00edvel [&#8230;]<\/p>\n","protected":false},"author":1,"featured_media":2325,"comment_status":"open","ping_status":"open","sticky":false,"template":"","format":"standard","meta":{"_crdt_document":"","_jetpack_memberships_contains_paid_content":false,"footnotes":"","jetpack_publicize_message":"","jetpack_publicize_feature_enabled":true,"jetpack_social_post_already_shared":true,"jetpack_social_options":{"image_generator_settings":{"template":"highway","default_image_id":0,"font":"","enabled":false},"version":2}},"categories":[5],"tags":[],"class_list":["post-2324","post","type-post","status-publish","format-standard","has-post-thumbnail","hentry","category-parana"],"jetpack_publicize_connections":[],"jetpack_featured_media_url":"https:\/\/i0.wp.com\/oexpressobr.com.br\/wp-content\/uploads\/2026\/01\/FB_IMG_1769101939214.jpg?fit=614%2C640&ssl=1","jetpack_likes_enabled":true,"jetpack_sharing_enabled":true,"_links":{"self":[{"href":"https:\/\/oexpressobr.com.br\/index.php?rest_route=\/wp\/v2\/posts\/2324","targetHints":{"allow":["GET"]}}],"collection":[{"href":"https:\/\/oexpressobr.com.br\/index.php?rest_route=\/wp\/v2\/posts"}],"about":[{"href":"https:\/\/oexpressobr.com.br\/index.php?rest_route=\/wp\/v2\/types\/post"}],"author":[{"embeddable":true,"href":"https:\/\/oexpressobr.com.br\/index.php?rest_route=\/wp\/v2\/users\/1"}],"replies":[{"embeddable":true,"href":"https:\/\/oexpressobr.com.br\/index.php?rest_route=%2Fwp%2Fv2%2Fcomments&post=2324"}],"version-history":[{"count":1,"href":"https:\/\/oexpressobr.com.br\/index.php?rest_route=\/wp\/v2\/posts\/2324\/revisions"}],"predecessor-version":[{"id":2326,"href":"https:\/\/oexpressobr.com.br\/index.php?rest_route=\/wp\/v2\/posts\/2324\/revisions\/2326"}],"wp:featuredmedia":[{"embeddable":true,"href":"https:\/\/oexpressobr.com.br\/index.php?rest_route=\/wp\/v2\/media\/2325"}],"wp:attachment":[{"href":"https:\/\/oexpressobr.com.br\/index.php?rest_route=%2Fwp%2Fv2%2Fmedia&parent=2324"}],"wp:term":[{"taxonomy":"category","embeddable":true,"href":"https:\/\/oexpressobr.com.br\/index.php?rest_route=%2Fwp%2Fv2%2Fcategories&post=2324"},{"taxonomy":"post_tag","embeddable":true,"href":"https:\/\/oexpressobr.com.br\/index.php?rest_route=%2Fwp%2Fv2%2Ftags&post=2324"}],"curies":[{"name":"wp","href":"https:\/\/api.w.org\/{rel}","templated":true}]}}