{"id":2327,"date":"2026-01-22T14:30:31","date_gmt":"2026-01-22T17:30:31","guid":{"rendered":"https:\/\/oexpressobr.com.br\/?p=2327"},"modified":"2026-01-22T14:30:32","modified_gmt":"2026-01-22T17:30:32","slug":"lula-decidira-vaga-feminina-do-tre-pr-em-eleicao-historica-com-voto-secreto","status":"publish","type":"post","link":"https:\/\/oexpressobr.com.br\/?p=2327","title":{"rendered":"LULA DECIDIR\u00c1 vaga feminina do TRE-PR em elei\u00e7\u00e3o hist\u00f3rica com voto secreto"},"content":{"rendered":"\n<p class=\"wp-block-paragraph\">O Judici\u00e1rio paranaense vive um momento de transforma\u00e7\u00e3o e pioneirismo. Marcada para a pr\u00f3xima segunda-feira, dia 26 de janeiro de 2026, a elei\u00e7\u00e3o para a forma\u00e7\u00e3o da lista tr\u00edplice que definir\u00e1 a nova desembargadora do Tribunal Regional Eleitoral do Paran\u00e1 (TRE-PR) traz duas inova\u00e7\u00f5es significativas: ser\u00e1 o primeiro pleito da Corte paranaense composto exclusivamente por mulheres e, de forma in\u00e9dita, a vota\u00e7\u00e3o ser\u00e1 secreta.<\/p>\n\n\n\n<p class=\"wp-block-paragraph\">\u200bA medida atende a uma diretriz nacional de incentivo \u00e0 participa\u00e7\u00e3o feminina e equidade de g\u00eanero no Poder Judici\u00e1rio. A iniciativa partiu da pr\u00f3pria Presid\u00eancia do TRE-PR, sob a gest\u00e3o do desembargador Sigurd Roberto Bengtsson, que solicitou ao Tribunal de Justi\u00e7a do Paran\u00e1 (TJPR) a abertura de uma vaga destinada especificamente \u00e0 classe dos juristas (advogadas).<\/p>\n\n\n\n<h3 class=\"wp-block-heading\">\u200bAs Candidatas e o Processo<\/h3>\n\n\n\n<p class=\"wp-block-paragraph\">\u200bAp\u00f3s a publica\u00e7\u00e3o de editais de chamamento e de conhecimento em janeiro de 2026, diversas advogadas paranaenses formalizaram suas candidaturas. Entre os nomes que figuram no processo seletivo est\u00e3o especialistas com vasta trajet\u00f3ria jur\u00eddica, como <strong>Ana Carolina de Camargo Cl\u00e8ve<\/strong>, <strong>Juliana Bertholdi<\/strong>, <strong>Luciana Stringhini<\/strong>, <strong>Munirah Muhieddine Rizatti<\/strong>, <strong>Claudete Carvalho Canezin<\/strong>, <strong>Mariane Yuri Shiohara L\u00fcbke<\/strong>, entre outras juristas inscritas na Ordem dos Advogados do Brasil (OAB-PR).<\/p>\n\n\n\n<p class=\"wp-block-paragraph\">\u200bA elei\u00e7\u00e3o ocorrer\u00e1 no Pleno do TJPR. Os desembargadores escolher\u00e3o, entre as inscritas, tr\u00eas nomes para compor a lista final. A introdu\u00e7\u00e3o do voto secreto para este tipo de escolha \u00e9 vista como um mecanismo para garantir maior autonomia e isen\u00e7\u00e3o aos votantes.<\/p>\n\n\n\n<h3 class=\"wp-block-heading\">\u200bDecis\u00e3o Final nas M\u00e3os de Lula<\/h3>\n\n\n\n<p class=\"wp-block-paragraph\">\u200bUma vez definida a lista tr\u00edplice na segunda-feira (26), os nomes ser\u00e3o encaminhados ao Tribunal Superior Eleitoral (TSE) para homologa\u00e7\u00e3o e, posteriormente, submetidos ao Pal\u00e1cio do Planalto. Caber\u00e1 ao presidente <strong>Luiz In\u00e1cio Lula da Silva<\/strong> a escolha final da nova membra efetiva da Corte Eleitoral.<\/p>\n\n\n\n<p class=\"wp-block-paragraph\">\u200bA nomea\u00e7\u00e3o \u00e9 estrat\u00e9gica, especialmente considerando a proximidade das Elei\u00e7\u00f5es 2026. Atualmente, o TRE-PR j\u00e1 apresenta \u00edndices positivos de representatividade: cerca de 60% dos cargos comissionados e metade da corte s\u00e3o ocupados por mulheres, um cen\u00e1rio que a nova indica\u00e7\u00e3o pretende consolidar.<\/p>\n\n\n\n<p class=\"wp-block-paragraph\">\u200bEsta elei\u00e7\u00e3o n\u00e3o apenas preenche uma vac\u00e2ncia t\u00e9cnica, mas simboliza o esfor\u00e7o institucional para romper barreiras hist\u00f3ricas que limitavam a ascens\u00e3o feminina aos cargos de alta lideran\u00e7a na magistratura eleitoral.<\/p>\n\n\n\n<p class=\"wp-block-paragraph\"><\/p>\n","protected":false},"excerpt":{"rendered":"<p>O Judici\u00e1rio paranaense vive um momento de transforma\u00e7\u00e3o e pioneirismo. Marcada para a pr\u00f3xima segunda-feira, dia 26 de janeiro de 2026, a elei\u00e7\u00e3o para a [&#8230;]<\/p>\n","protected":false},"author":1,"featured_media":2328,"comment_status":"open","ping_status":"open","sticky":false,"template":"","format":"standard","meta":{"_crdt_document":"","_jetpack_memberships_contains_paid_content":false,"footnotes":"","jetpack_publicize_message":"","jetpack_publicize_feature_enabled":true,"jetpack_social_post_already_shared":true,"jetpack_social_options":{"image_generator_settings":{"template":"highway","default_image_id":0,"font":"","enabled":false},"version":2}},"categories":[5],"tags":[],"class_list":["post-2327","post","type-post","status-publish","format-standard","has-post-thumbnail","hentry","category-parana"],"jetpack_publicize_connections":[],"jetpack_featured_media_url":"https:\/\/i0.wp.com\/oexpressobr.com.br\/wp-content\/uploads\/2026\/01\/Posse-Lidia-TJ.jpg?fit=1024%2C683&ssl=1","jetpack_likes_enabled":true,"jetpack_sharing_enabled":true,"_links":{"self":[{"href":"https:\/\/oexpressobr.com.br\/index.php?rest_route=\/wp\/v2\/posts\/2327","targetHints":{"allow":["GET"]}}],"collection":[{"href":"https:\/\/oexpressobr.com.br\/index.php?rest_route=\/wp\/v2\/posts"}],"about":[{"href":"https:\/\/oexpressobr.com.br\/index.php?rest_route=\/wp\/v2\/types\/post"}],"author":[{"embeddable":true,"href":"https:\/\/oexpressobr.com.br\/index.php?rest_route=\/wp\/v2\/users\/1"}],"replies":[{"embeddable":true,"href":"https:\/\/oexpressobr.com.br\/index.php?rest_route=%2Fwp%2Fv2%2Fcomments&post=2327"}],"version-history":[{"count":1,"href":"https:\/\/oexpressobr.com.br\/index.php?rest_route=\/wp\/v2\/posts\/2327\/revisions"}],"predecessor-version":[{"id":2329,"href":"https:\/\/oexpressobr.com.br\/index.php?rest_route=\/wp\/v2\/posts\/2327\/revisions\/2329"}],"wp:featuredmedia":[{"embeddable":true,"href":"https:\/\/oexpressobr.com.br\/index.php?rest_route=\/wp\/v2\/media\/2328"}],"wp:attachment":[{"href":"https:\/\/oexpressobr.com.br\/index.php?rest_route=%2Fwp%2Fv2%2Fmedia&parent=2327"}],"wp:term":[{"taxonomy":"category","embeddable":true,"href":"https:\/\/oexpressobr.com.br\/index.php?rest_route=%2Fwp%2Fv2%2Fcategories&post=2327"},{"taxonomy":"post_tag","embeddable":true,"href":"https:\/\/oexpressobr.com.br\/index.php?rest_route=%2Fwp%2Fv2%2Ftags&post=2327"}],"curies":[{"name":"wp","href":"https:\/\/api.w.org\/{rel}","templated":true}]}}