{"id":233,"date":"2025-12-02T12:10:32","date_gmt":"2025-12-02T15:10:32","guid":{"rendered":"https:\/\/oexpressobr.com.br\/?p=233"},"modified":"2025-12-02T12:18:06","modified_gmt":"2025-12-02T15:18:06","slug":"dom-pedro-ii-o-brasil-que-ele-imaginou-e-as-contradicoes-do-presente","status":"publish","type":"post","link":"https:\/\/oexpressobr.com.br\/?p=233","title":{"rendered":"Dom Pedro II, O Brasil Que Ele Imaginou e as Contradi\u00e7\u00f5es do Presente"},"content":{"rendered":"\n<p class=\"wp-block-paragraph\">Dom Pedro II, O Brasil Que Ele Imaginou e as Contradi\u00e7\u00f5es do Presente<br>O longo reinado de Dom Pedro II (1840-1889) \u00e9 frequentemente revisitado como um per\u00edodo de not\u00e1vel estabilidade e progressismo para o Brasil. Em um contraste eloquente com a turbul\u00eancia das na\u00e7\u00f5es vizinhas, o imperador, figura de intelecto e dedica\u00e7\u00e3o \u00e0 p\u00e1tria, vislumbrava um pa\u00eds alicer\u00e7ado na ci\u00eancia, na educa\u00e7\u00e3o e em institui\u00e7\u00f5es s\u00f3lidas, um projeto que, apesar de seus avan\u00e7os, choca-se com as complexidades e desafios do Brasil contempor\u00e2neo.<br>Os Pilares do Sonho Imperial<br>Dom Pedro II, um fervoroso entusiasta da ci\u00eancia e das artes, empreendeu esfor\u00e7os significativos para modernizar o Imp\u00e9rio. Sua vis\u00e3o para a na\u00e7\u00e3o ia al\u00e9m da simples manuten\u00e7\u00e3o do poder; era um projeto de civilidade e cultura.<\/p>\n\n\n\n<ul class=\"wp-block-list\">\n<li>Educa\u00e7\u00e3o e Ci\u00eancia: O imperador via o conhecimento como o pilar do progresso. Institui\u00e7\u00f5es vitais como o Col\u00e9gio Pedro II, o Instituto Hist\u00f3rico e Geogr\u00e1fico Brasileiro (IHGB) e a Escola de Minas de Ouro Preto foram fundadas ou fortemente incentivadas, deixando um legado educacional e cient\u00edfico que perdura. Sua correspond\u00eancia com cientistas como Charles Darwin e Louis Pasteur atesta seu engajamento intelectual.<\/li>\n\n\n\n<li>Infraestrutura e Integra\u00e7\u00e3o: Sob seu governo, houve a expans\u00e3o das ferrovias, a implanta\u00e7\u00e3o dos Correios e a cria\u00e7\u00e3o da primeira rodovia pavimentada do pa\u00eds, a Uni\u00e3o e Ind\u00fastria (ligando Petr\u00f3polis a Juiz de Fora). Tais iniciativas buscavam a unifica\u00e7\u00e3o territorial e a dinamiza\u00e7\u00e3o econ\u00f4mica de um pa\u00eds de dimens\u00f5es continentais.<\/li>\n\n\n\n<li>Ideais Liberais: Em ess\u00eancia, Pedro II defendia a liberdade de imprensa, o apre\u00e7o pela ci\u00eancia e a busca por elei\u00e7\u00f5es regulares, elementos cruciais para a base do sistema pol\u00edtico democr\u00e1tico brasileiro. Sua oposi\u00e7\u00e3o \u00e0 pena de morte e a cren\u00e7a na regenera\u00e7\u00e3o humana refor\u00e7avam um esp\u00edrito liberal que contrastava com a rigidez de seu tempo.<br>O Contraste com a Realidade Atual<br>O Brasil de hoje, uma Rep\u00fablica Federativa, guarda em sua estrutura a heran\u00e7a de Dom Pedro II, mas tamb\u00e9m evidencia as rupturas e as falhas em concretizar plenamente seus ideais mais ambiciosos.<br>| Ideal de D. Pedro II | Cen\u00e1rio Atual (\u00daltimas Novidades e Reflex\u00f5es) |<br>|&#8212;|&#8212;|<br>| Educa\u00e7\u00e3o de Qualidade (Col\u00e9gio Pedro II) | O Brasil ainda luta para sair das \u00faltimas posi\u00e7\u00f5es em rankings internacionais de educa\u00e7\u00e3o, com desigualdade de acesso e disparidade na qualidade entre escolas p\u00fablicas e privadas. O investimento em ci\u00eancia e tecnologia permanece aqu\u00e9m do necess\u00e1rio para o pleno desenvolvimento. |<br>| Justi\u00e7a e Elei\u00e7\u00f5es Livres (Defesa do sistema) | A democracia brasileira, embora consolidada, \u00e9 marcada por intensos debates sobre polariza\u00e7\u00e3o pol\u00edtica, questionamentos sobre a lisura eleitoral por parte de grupos radicais e uma morosidade cr\u00f4nica no sistema de justi\u00e7a, ecoando a cr\u00edtica do pr\u00f3prio imperador sobre a &#8220;falta de justi\u00e7a&#8221; como o &#8220;grande mal&#8221; da na\u00e7\u00e3o. |<br>| Moderniza\u00e7\u00e3o e Infraestrutura (Ferrovias, Correios) | Apesar de avan\u00e7os, a malha ferrovi\u00e1ria e a infraestrutura log\u00edstica ainda s\u00e3o consideradas defasadas para o tamanho da economia, com a depend\u00eancia excessiva do transporte rodovi\u00e1rio. O debate sobre a privatiza\u00e7\u00e3o de servi\u00e7os p\u00fablicos essenciais, como os Correios, reflete a busca por efici\u00eancia. |<br>As Contradi\u00e7\u00f5es do Monarca<br>\u00c9 imposs\u00edvel analisar o sonho de Dom Pedro II sem abordar suas contradi\u00e7\u00f5es, que se refletem at\u00e9 hoje na sociedade brasileira. A mais gritante delas reside na sua pol\u00edtica de imigra\u00e7\u00e3o europeia, que visava explicitamente o &#8220;embranquecimento&#8221; da popula\u00e7\u00e3o e a substitui\u00e7\u00e3o da m\u00e3o de obra escrava com um vi\u00e9s euroc\u00eantrico e, inegavelmente, com contornos racistas conforme an\u00e1lises historiogr\u00e1ficas recentes.<br>Embora o monarca considerasse a escravid\u00e3o uma &#8220;vergonha nacional&#8221; e tenha defendido a aboli\u00e7\u00e3o gradual, a manuten\u00e7\u00e3o do sistema at\u00e9 1888 e a busca por um ideal civilizat\u00f3rio europeu moldaram a identidade nacional de forma desigual, deixando marcas profundas no tecido social brasileiro.<br>O legado de Dom Pedro II \u00e9, portanto, o de um l\u00edder &#8220;cidad\u00e3o&#8221; e intelectual que lan\u00e7ou as bases para a unidade territorial e o conhecimento no Brasil. No entanto, o pa\u00eds que ele imaginou \u2014 culto, est\u00e1vel e progressista \u2014 ainda est\u00e1 em constru\u00e7\u00e3o, confrontando-se diariamente com as heran\u00e7as da desigualdade social e racial, e com a perene tarefa de manter a excel\u00eancia das institui\u00e7\u00f5es que ele ajudou a fundar.<br><\/li>\n<\/ul>\n\n\n\n<p class=\"wp-block-paragraph\"><\/p>\n","protected":false},"excerpt":{"rendered":"<p>Dom Pedro II, O Brasil Que Ele Imaginou e as Contradi\u00e7\u00f5es do PresenteO longo reinado de Dom Pedro II (1840-1889) \u00e9 frequentemente revisitado como um [&#8230;]<\/p>\n","protected":false},"author":1,"featured_media":234,"comment_status":"open","ping_status":"open","sticky":false,"template":"","format":"standard","meta":{"_crdt_document":"","_jetpack_memberships_contains_paid_content":false,"footnotes":"","jetpack_publicize_message":"","jetpack_publicize_feature_enabled":true,"jetpack_social_post_already_shared":false,"jetpack_social_options":{"image_generator_settings":{"template":"highway","default_image_id":0,"font":"","enabled":false},"version":2}},"categories":[3],"tags":[],"class_list":["post-233","post","type-post","status-publish","format-standard","has-post-thumbnail","hentry","category-brasil"],"jetpack_publicize_connections":[],"jetpack_featured_media_url":"https:\/\/i0.wp.com\/oexpressobr.com.br\/wp-content\/uploads\/2025\/12\/625279c0-ceff-11f0-bdb0-ab4ab31f90fa.jpg.webp?fit=500%2C281&ssl=1","jetpack_likes_enabled":true,"jetpack_sharing_enabled":true,"_links":{"self":[{"href":"https:\/\/oexpressobr.com.br\/index.php?rest_route=\/wp\/v2\/posts\/233","targetHints":{"allow":["GET"]}}],"collection":[{"href":"https:\/\/oexpressobr.com.br\/index.php?rest_route=\/wp\/v2\/posts"}],"about":[{"href":"https:\/\/oexpressobr.com.br\/index.php?rest_route=\/wp\/v2\/types\/post"}],"author":[{"embeddable":true,"href":"https:\/\/oexpressobr.com.br\/index.php?rest_route=\/wp\/v2\/users\/1"}],"replies":[{"embeddable":true,"href":"https:\/\/oexpressobr.com.br\/index.php?rest_route=%2Fwp%2Fv2%2Fcomments&post=233"}],"version-history":[{"count":0,"href":"https:\/\/oexpressobr.com.br\/index.php?rest_route=\/wp\/v2\/posts\/233\/revisions"}],"wp:featuredmedia":[{"embeddable":true,"href":"https:\/\/oexpressobr.com.br\/index.php?rest_route=\/wp\/v2\/media\/234"}],"wp:attachment":[{"href":"https:\/\/oexpressobr.com.br\/index.php?rest_route=%2Fwp%2Fv2%2Fmedia&parent=233"}],"wp:term":[{"taxonomy":"category","embeddable":true,"href":"https:\/\/oexpressobr.com.br\/index.php?rest_route=%2Fwp%2Fv2%2Fcategories&post=233"},{"taxonomy":"post_tag","embeddable":true,"href":"https:\/\/oexpressobr.com.br\/index.php?rest_route=%2Fwp%2Fv2%2Ftags&post=233"}],"curies":[{"name":"wp","href":"https:\/\/api.w.org\/{rel}","templated":true}]}}