{"id":2333,"date":"2026-01-22T14:44:55","date_gmt":"2026-01-22T17:44:55","guid":{"rendered":"https:\/\/oexpressobr.com.br\/?p=2333"},"modified":"2026-01-22T14:45:03","modified_gmt":"2026-01-22T17:45:03","slug":"requiao-e-entidades-medicas-alertam-para-o-colapso-na-formacao-de-doutores-e-riscos-a-saude-publica","status":"publish","type":"post","link":"https:\/\/oexpressobr.com.br\/?p=2333","title":{"rendered":"Requi\u00e3o e entidades m\u00e9dicas alertam para o colapso na forma\u00e7\u00e3o de doutores e riscos \u00e0 sa\u00fade p\u00fablica"},"content":{"rendered":"\n<p class=\"wp-block-paragraph\">O ex-governador e ex-senador Roberto Requi\u00e3o voltou a subir o tom contra o que define como a &#8220;mercantiliza\u00e7\u00e3o desenfreada&#8221; do ensino m\u00e9dico no Brasil. Em declara\u00e7\u00f5es recentes, Requi\u00e3o disparou um alerta grave: o problema superou a barreira acad\u00eamica e tornou-se uma amea\u00e7a direta \u00e0 integridade f\u00edsica dos cidad\u00e3os. \u201cN\u00e3o \u00e9 s\u00f3 faculdade ruim, \u00e9 a vida do povo brasileiro em risco\u201d, afirmou, ecoando uma preocupa\u00e7\u00e3o que ganha for\u00e7a com os dados alarmantes divulgados nesta semana pelo Minist\u00e9rio da Educa\u00e7\u00e3o (MEC).<\/p>\n\n\n\n<p class=\"wp-block-paragraph\">\u200bA den\u00fancia de Requi\u00e3o ganha contornos dram\u00e1ticos diante dos resultados do Exame Nacional de Avalia\u00e7\u00e3o da Forma\u00e7\u00e3o M\u00e9dica (Enamed) de 2025, revelados na \u00faltima segunda-feira (19). O balan\u00e7o aponta que cerca de 13 mil rec\u00e9m-formados em medicina n\u00e3o atingiram o n\u00edvel de profici\u00eancia m\u00ednima para exercer a profiss\u00e3o. O cen\u00e1rio \u00e9 de uma &#8220;f\u00e1brica de diplomas&#8221; que, segundo especialistas, prioriza o lucro de conglomerados educacionais em detrimento da qualidade t\u00e9cnica.<\/p>\n\n\n\n<h3 class=\"wp-block-heading\">\u200bO &#8220;apag\u00e3o&#8221; da compet\u00eancia<\/h3>\n\n\n\n<p class=\"wp-block-paragraph\">\u200bDe acordo com o MEC, aproximadamente 30% dos cursos de medicina avaliados tiveram desempenho insatisfat\u00f3rio (notas 1 e 2). O impacto dessa realidade j\u00e1 come\u00e7ou a ser sentido nos conselhos profissionais. O Conselho Federal de Medicina (CFM) anunciou que pretende barrar a concess\u00e3o de registro profissional (CRM) para esses 13 mil egressos reprovados no exame nacional.<\/p>\n\n\n\n<p class=\"wp-block-paragraph\">\u200bO presidente do CFM, Jos\u00e9 Hiran Gallo, classificou como &#8220;tenebroso&#8221; permitir que profissionais sem a devida qualifica\u00e7\u00e3o realizem atendimentos. A autarquia defende agora a implementa\u00e7\u00e3o da chamada &#8220;OAB da Medicina&#8221;, um exame de profici\u00eancia obrigat\u00f3rio para que o m\u00e9dico possa atuar, desvinculado apenas da conclus\u00e3o acad\u00eamica.<\/p>\n\n\n\n<h3 class=\"wp-block-heading\">\u200bAs novidades no front jur\u00eddico e educacional<\/h3>\n\n\n\n<p class=\"wp-block-paragraph\">\u200bPara tentar frear a expans\u00e3o desordenada que Requi\u00e3o denuncia, o cen\u00e1rio em janeiro de 2026 apresenta medidas severas:<\/p>\n\n\n\n<ul class=\"wp-block-list\">\n<li>\u200b<strong>Puni\u00e7\u00f5es do MEC:<\/strong> O Minist\u00e9rio anunciou que 99 cursos de medicina sofrer\u00e3o san\u00e7\u00f5es imediatas, que incluem a suspens\u00e3o do ingresso de novos alunos, o corte de vagas e o impedimento de participa\u00e7\u00e3o em programas como o Fies e o Prouni.<\/li>\n\n\n\n<li>\u200b<strong>Decis\u00f5es do STF:<\/strong> O Supremo Tribunal Federal (STF) mant\u00e9m o entendimento de que novos cursos s\u00f3 devem ser abertos mediante chamamento p\u00fablico, visando \u00e1reas com real necessidade social, combatendo a concentra\u00e7\u00e3o de faculdades privadas em grandes centros que buscam apenas a alta rentabilidade das mensalidades.<\/li>\n\n\n\n<li>\u200b<strong>Crise das Municipais:<\/strong> Os dados do Enamed revelaram que as institui\u00e7\u00f5es municipais e privadas com fins lucrativos det\u00eam os piores \u00edndices. Enquanto universidades federais mant\u00eam altos padr\u00f5es, as faculdades que operam sob a l\u00f3gica de mercado apresentam as maiores taxas de reprova\u00e7\u00e3o.<\/li>\n<\/ul>\n\n\n\n<h3 class=\"wp-block-heading\">\u200bA vida em jogo<\/h3>\n\n\n\n<p class=\"wp-block-paragraph\">\u200bA cr\u00edtica de Requi\u00e3o ressoa em um momento de judicializa\u00e7\u00e3o extrema. Enquanto institui\u00e7\u00f5es de ensino tentam garantir na justi\u00e7a a manuten\u00e7\u00e3o de vagas e mensalidades, as entidades m\u00e9dicas alertam para o aumento exponencial de processos por erro m\u00e9dico. &#8220;Estamos tratando a sa\u00fade como mercadoria de prateleira&#8221;, refor\u00e7a o pol\u00edtico.<\/p>\n\n\n\n<p class=\"wp-block-paragraph\">\u200bO debate agora se desloca para o Congresso Nacional, onde o Projeto de Lei 2294\/2024, que institui o exame de profici\u00eancia, aguarda vota\u00e7\u00e3o. O objetivo \u00e9 criar um filtro que impe\u00e7a que a &#8220;mercantiliza\u00e7\u00e3o&#8221; denunciada por Requi\u00e3o resulte em trag\u00e9dias evit\u00e1veis nos hospitais e postos de sa\u00fade de todo o pa\u00eds.<\/p>\n","protected":false},"excerpt":{"rendered":"<p>O ex-governador e ex-senador Roberto Requi\u00e3o voltou a subir o tom contra o que define como a &#8220;mercantiliza\u00e7\u00e3o desenfreada&#8221; do ensino m\u00e9dico no Brasil. Em [&#8230;]<\/p>\n","protected":false},"author":1,"featured_media":2334,"comment_status":"open","ping_status":"open","sticky":false,"template":"","format":"standard","meta":{"_crdt_document":"","_jetpack_memberships_contains_paid_content":false,"footnotes":"","jetpack_publicize_message":"","jetpack_publicize_feature_enabled":true,"jetpack_social_post_already_shared":true,"jetpack_social_options":{"image_generator_settings":{"template":"highway","default_image_id":0,"font":"","enabled":false},"version":2}},"categories":[16],"tags":[],"class_list":["post-2333","post","type-post","status-publish","format-standard","has-post-thumbnail","hentry","category-denuncia"],"jetpack_publicize_connections":[],"jetpack_featured_media_url":"https:\/\/i0.wp.com\/oexpressobr.com.br\/wp-content\/uploads\/2026\/01\/17691011908231202303066992242784.webp?fit=400%2C214&ssl=1","jetpack_likes_enabled":true,"jetpack_sharing_enabled":true,"_links":{"self":[{"href":"https:\/\/oexpressobr.com.br\/index.php?rest_route=\/wp\/v2\/posts\/2333","targetHints":{"allow":["GET"]}}],"collection":[{"href":"https:\/\/oexpressobr.com.br\/index.php?rest_route=\/wp\/v2\/posts"}],"about":[{"href":"https:\/\/oexpressobr.com.br\/index.php?rest_route=\/wp\/v2\/types\/post"}],"author":[{"embeddable":true,"href":"https:\/\/oexpressobr.com.br\/index.php?rest_route=\/wp\/v2\/users\/1"}],"replies":[{"embeddable":true,"href":"https:\/\/oexpressobr.com.br\/index.php?rest_route=%2Fwp%2Fv2%2Fcomments&post=2333"}],"version-history":[{"count":1,"href":"https:\/\/oexpressobr.com.br\/index.php?rest_route=\/wp\/v2\/posts\/2333\/revisions"}],"predecessor-version":[{"id":2335,"href":"https:\/\/oexpressobr.com.br\/index.php?rest_route=\/wp\/v2\/posts\/2333\/revisions\/2335"}],"wp:featuredmedia":[{"embeddable":true,"href":"https:\/\/oexpressobr.com.br\/index.php?rest_route=\/wp\/v2\/media\/2334"}],"wp:attachment":[{"href":"https:\/\/oexpressobr.com.br\/index.php?rest_route=%2Fwp%2Fv2%2Fmedia&parent=2333"}],"wp:term":[{"taxonomy":"category","embeddable":true,"href":"https:\/\/oexpressobr.com.br\/index.php?rest_route=%2Fwp%2Fv2%2Fcategories&post=2333"},{"taxonomy":"post_tag","embeddable":true,"href":"https:\/\/oexpressobr.com.br\/index.php?rest_route=%2Fwp%2Fv2%2Ftags&post=2333"}],"curies":[{"name":"wp","href":"https:\/\/api.w.org\/{rel}","templated":true}]}}