{"id":2337,"date":"2026-01-23T04:02:47","date_gmt":"2026-01-23T07:02:47","guid":{"rendered":"https:\/\/oexpressobr.com.br\/?p=2337"},"modified":"2026-01-23T04:02:47","modified_gmt":"2026-01-23T07:02:47","slug":"falta-de-formulas-infantis-especiais-gera-crise-na-saude-de-paranagua-e-cobranca-sobre-gestao-de-adriano-ramos","status":"publish","type":"post","link":"https:\/\/oexpressobr.com.br\/?p=2337","title":{"rendered":"Falta de f\u00f3rmulas infantis especiais gera crise na sa\u00fade de Paranagu\u00e1 e cobran\u00e7a sobre gest\u00e3o de Adriano Ramos"},"content":{"rendered":"\n<p class=\"wp-block-paragraph\">O desabastecimento de f\u00f3rmulas l\u00e1cteas especiais e suplementos nutricionais destinados a crian\u00e7as com condi\u00e7\u00f5es espec\u00edficas de sa\u00fade (como alergia \u00e0 prote\u00edna do leite de vaca \u2013 APLV) tornou-se o centro de uma crise humanit\u00e1ria e pol\u00edtica em Paranagu\u00e1. Fam\u00edlias relatam que, sem o insumo b\u00e1sico fornecido pela rede municipal, o tratamento de rec\u00e9m-nascidos e crian\u00e7as est\u00e1 seriamente comprometido.<\/p>\n\n\n\n<h3 class=\"wp-block-heading\">\u200bO impacto nas fam\u00edlias<\/h3>\n\n\n\n<p class=\"wp-block-paragraph\">\u200bPara muitos pais, o custo dessas f\u00f3rmulas \u2014 que podem chegar a valores entre R$ 200 e R$ 600 a lata \u2014 \u00e9 impag\u00e1vel. A interrup\u00e7\u00e3o no fornecimento n\u00e3o \u00e9 apenas um problema log\u00edstico, mas um risco \u00e0 vida. Sem o &#8220;leite especial&#8221;, crian\u00e7as apresentam quadros de desnutri\u00e7\u00e3o, rea\u00e7\u00f5es al\u00e9rgicas graves e interna\u00e7\u00f5es recorrentes.<\/p>\n\n\n\n<h3 class=\"wp-block-heading\">\u200bA press\u00e3o sobre o Executivo e o Legislativo<\/h3>\n\n\n\n<p class=\"wp-block-paragraph\">\u200bO atual prefeito, <strong>Adriano Ramos<\/strong>, tem enfrentado duras cr\u00edticas pela gest\u00e3o da Secretaria de Sa\u00fade. A popula\u00e7\u00e3o questiona como uma cidade com uma das maiores arrecada\u00e7\u00f5es do estado, devido \u00e0 atividade portu\u00e1ria, permite que itens essenciais faltem nas prateleiras dos postos de sa\u00fade.<\/p>\n\n\n\n<p class=\"wp-block-paragraph\">\u200bA cobran\u00e7a tamb\u00e9m recai sobre a <strong>C\u00e2mara Municipal de Vereadores<\/strong>. O papel constitucional do vereador \u00e9 fiscalizar o uso do dinheiro p\u00fablico e garantir que os servi\u00e7os essenciais funcionem. A aus\u00eancia de uma fiscaliza\u00e7\u00e3o r\u00edgida ou de pedidos de provid\u00eancia eficazes tem gerado revolta, sendo descrita por moradores como uma &#8220;omiss\u00e3o diante de uma patifaria com o dinheiro p\u00fablico&#8221;.<\/p>\n\n\n\n<h3 class=\"wp-block-heading\">\u200bO que dizem as autoridades<\/h3>\n\n\n\n<p class=\"wp-block-paragraph\">\u200bEm monitoramentos recentes sobre a gest\u00e3o de sa\u00fade na regi\u00e3o litor\u00e2nea:<\/p>\n\n\n\n<ul class=\"wp-block-list\">\n<li>\u200b<strong>A Prefeitura:<\/strong> Geralmente atribui os atrasos a processos licitat\u00f3rios desertos ou problemas com fornecedores, justificativas que pouco acalentam as m\u00e3es que veem as latas de leite vazias em casa.<\/li>\n\n\n\n<li>\u200b<strong>C\u00e2mara de Vereadores:<\/strong> Alguns parlamentares alegam que est\u00e3o cobrando relat\u00f3rios, mas a popula\u00e7\u00e3o exige medidas mais dr\u00e1sticas, como a abertura de comiss\u00f5es de investiga\u00e7\u00e3o para entender onde o fluxo de recursos est\u00e1 travando.<\/li>\n<\/ul>\n\n\n\n<h3 class=\"wp-block-heading\">\u200bSitua\u00e7\u00e3o Atual<\/h3>\n\n\n\n<p class=\"wp-block-paragraph\">\u200bO cen\u00e1rio em 2026 exige respostas r\u00e1pidas. Com o aumento da infla\u00e7\u00e3o de itens alimentares e insumos m\u00e9dicos, a depend\u00eancia do setor p\u00fablico aumentou. Enquanto a solu\u00e7\u00e3o definitiva n\u00e3o chega, grupos de m\u00e3es t\u00eam se organizado em redes sociais para realizar doa\u00e7\u00f5es e trocas, tentando suprir o que deveria ser um direito garantido pelo Estado.<\/p>\n\n\n\n<p class=\"wp-block-paragraph\">\u200b<strong>Nota do Jornalista:<\/strong> A sa\u00fade infantil \u00e9 prioridade absoluta por lei (Estatuto da Crian\u00e7a e do Adolescente). Qualquer interrup\u00e7\u00e3o no fornecimento de dieta especial \u00e9 pass\u00edvel de judicializa\u00e7\u00e3o imediata.<\/p>\n","protected":false},"excerpt":{"rendered":"<p>O desabastecimento de f\u00f3rmulas l\u00e1cteas especiais e suplementos nutricionais destinados a crian\u00e7as com condi\u00e7\u00f5es espec\u00edficas de sa\u00fade (como alergia \u00e0 prote\u00edna do leite de vaca [&#8230;]<\/p>\n","protected":false},"author":1,"featured_media":2338,"comment_status":"open","ping_status":"open","sticky":false,"template":"","format":"standard","meta":{"_crdt_document":"","_jetpack_memberships_contains_paid_content":false,"footnotes":"","jetpack_publicize_message":"","jetpack_publicize_feature_enabled":true,"jetpack_social_post_already_shared":true,"jetpack_social_options":{"image_generator_settings":{"template":"highway","default_image_id":0,"font":"","enabled":false},"version":2}},"categories":[16],"tags":[],"class_list":["post-2337","post","type-post","status-publish","format-standard","has-post-thumbnail","hentry","category-denuncia"],"jetpack_publicize_connections":[],"jetpack_featured_media_url":"https:\/\/i0.wp.com\/oexpressobr.com.br\/wp-content\/uploads\/2026\/01\/images1.png?fit=523%2C382&ssl=1","jetpack_likes_enabled":true,"jetpack_sharing_enabled":true,"_links":{"self":[{"href":"https:\/\/oexpressobr.com.br\/index.php?rest_route=\/wp\/v2\/posts\/2337","targetHints":{"allow":["GET"]}}],"collection":[{"href":"https:\/\/oexpressobr.com.br\/index.php?rest_route=\/wp\/v2\/posts"}],"about":[{"href":"https:\/\/oexpressobr.com.br\/index.php?rest_route=\/wp\/v2\/types\/post"}],"author":[{"embeddable":true,"href":"https:\/\/oexpressobr.com.br\/index.php?rest_route=\/wp\/v2\/users\/1"}],"replies":[{"embeddable":true,"href":"https:\/\/oexpressobr.com.br\/index.php?rest_route=%2Fwp%2Fv2%2Fcomments&post=2337"}],"version-history":[{"count":1,"href":"https:\/\/oexpressobr.com.br\/index.php?rest_route=\/wp\/v2\/posts\/2337\/revisions"}],"predecessor-version":[{"id":2339,"href":"https:\/\/oexpressobr.com.br\/index.php?rest_route=\/wp\/v2\/posts\/2337\/revisions\/2339"}],"wp:featuredmedia":[{"embeddable":true,"href":"https:\/\/oexpressobr.com.br\/index.php?rest_route=\/wp\/v2\/media\/2338"}],"wp:attachment":[{"href":"https:\/\/oexpressobr.com.br\/index.php?rest_route=%2Fwp%2Fv2%2Fmedia&parent=2337"}],"wp:term":[{"taxonomy":"category","embeddable":true,"href":"https:\/\/oexpressobr.com.br\/index.php?rest_route=%2Fwp%2Fv2%2Fcategories&post=2337"},{"taxonomy":"post_tag","embeddable":true,"href":"https:\/\/oexpressobr.com.br\/index.php?rest_route=%2Fwp%2Fv2%2Ftags&post=2337"}],"curies":[{"name":"wp","href":"https:\/\/api.w.org\/{rel}","templated":true}]}}