{"id":2340,"date":"2026-01-23T04:12:23","date_gmt":"2026-01-23T07:12:23","guid":{"rendered":"https:\/\/oexpressobr.com.br\/?p=2340"},"modified":"2026-01-23T04:12:23","modified_gmt":"2026-01-23T07:12:23","slug":"documentos-revelam-suposto-esquema-de-arrecadacao-paralela-envolvendo-guto-silva-e-campanha-de-ratinho-junior","status":"publish","type":"post","link":"https:\/\/oexpressobr.com.br\/?p=2340","title":{"rendered":"Documentos revelam suposto esquema de arrecada\u00e7\u00e3o paralela envolvendo Guto Silva e campanha de Ratinho Junior"},"content":{"rendered":"\n<p class=\"wp-block-paragraph\">Um conjunto de documentos e \u00e1udios que chegou com exclusividade a esta reda\u00e7\u00e3o levanta s\u00e9rias suspeitas sobre a regularidade do financiamento de despesas remanescentes da campanha eleitoral de 2022 do governador Ratinho Junior (PSD). O material, que inclui um extrato consolidado de dep\u00f3sitos e transfer\u00eancias realizados entre <strong>13 de junho e 28 de dezembro de 2022<\/strong>, aponta para uma estrutura de arrecada\u00e7\u00e3o supostamente coordenada por <strong>Guto Silva<\/strong>, atual secret\u00e1rio de Estado do Planejamento e um dos principais nomes cotados para a sucess\u00e3o estadual em 2026.<\/p>\n\n\n\n<h3 class=\"wp-block-heading\">\u200bO &#8220;Jantar do Madalosso&#8221; e as listas de contribuintes<\/h3>\n\n\n\n<p class=\"wp-block-paragraph\">\u200bO centro da controv\u00e9rsia \u00e9 um evento realizado em Curitiba, no tradicional restaurante Madalosso, citado nos documentos como o marco inicial para a quita\u00e7\u00e3o de &#8220;restos de campanha&#8221;. De acordo com as informa\u00e7\u00f5es analisadas, n\u00e3o se tratou apenas de um encontro pol\u00edtico, mas de uma opera\u00e7\u00e3o estruturada que contaria com:<\/p>\n\n\n\n<ul class=\"wp-block-list\">\n<li>\u200b<strong>Lista de Presen\u00e7a:<\/strong> Controle rigoroso de quem compareceu ao evento.<\/li>\n\n\n\n<li>\u200b<strong>Lista de Contribuintes:<\/strong> Registro nominal de doadores e valores repassados.<\/li>\n\n\n\n<li>\u200b<strong>Press\u00e3o Hier\u00e1rquica:<\/strong> O ponto mais sens\u00edvel da den\u00fancia indica que servidores comissionados e ocupantes de cargos de confian\u00e7a teriam sido compelidos a realizar doa\u00e7\u00f5es.<\/li>\n<\/ul>\n\n\n\n<p class=\"wp-block-paragraph\">\u200bRelatos contidos nos \u00e1udios sugerem que a contribui\u00e7\u00e3o era vista como &#8220;obrigat\u00f3ria&#8221; para a manuten\u00e7\u00e3o do prest\u00edgio pol\u00edtico dentro da estrutura do governo, atingindo inclusive pessoas que sequer compareceram ao jantar, mas que figuram nos registros de dep\u00f3sitos.<\/p>\n\n\n\n<h3 class=\"wp-block-heading\">\u200bContexto pol\u00edtico e desdobramentos<\/h3>\n\n\n\n<p class=\"wp-block-paragraph\">\u200bA den\u00fancia surge em um momento de ebuli\u00e7\u00e3o nos bastidores do Pal\u00e1cio Igua\u00e7u. Com a proximidade das elei\u00e7\u00f5es de 2026, Guto Silva tem intensificado sua agenda como pr\u00e9-candidato ao Governo do Paran\u00e1, disputando o esp\u00f3lio pol\u00edtico de Ratinho Junior com nomes como Alexandre Curi.<\/p>\n\n\n\n<p class=\"wp-block-paragraph\">\u200bHistoricamente, Guto Silva j\u00e1 enfrentou questionamentos sobre arrecada\u00e7\u00e3o em per\u00edodos eleitorais. Em 2019, o secret\u00e1rio foi citado em dela\u00e7\u00f5es da Opera\u00e7\u00e3o Lava Jato sob alega\u00e7\u00e3o de recebimento de recursos n\u00e3o declarados em 2014, acusa\u00e7\u00f5es que ele sempre negou veementemente, classificando-as como &#8220;inver\u00eddicas&#8221;.<\/p>\n\n\n\n<p class=\"wp-block-paragraph\">\u200bA atual suspeita de utiliza\u00e7\u00e3o de servidores para sanar d\u00edvidas de campanha \u2014 o que pode configurar abuso de poder pol\u00edtico e econ\u00f4mico, al\u00e9m de crime eleitoral \u2014 coloca a gest\u00e3o sob press\u00e3o.<\/p>\n\n\n\n<blockquote class=\"wp-block-quote is-layout-flow wp-block-quote-is-layout-flow\">\n<p class=\"wp-block-paragraph\">\u200b<strong>O que diz a lei:<\/strong> A legisla\u00e7\u00e3o eleitoral brasileira veda estritamente a coa\u00e7\u00e3o de servidores p\u00fablicos para fins de doa\u00e7\u00e3o de campanha. Al\u00e9m disso, toda arrecada\u00e7\u00e3o para quita\u00e7\u00e3o de d\u00edvidas eleitorais deve passar pelas contas oficiais do partido ou do candidato, com a devida transpar\u00eancia junto ao Tribunal Superior Eleitoral (TSE).<\/p>\n<\/blockquote>\n\n\n\n<h3 class=\"wp-block-heading\">\u200bTranspar\u00eancia e defesa<\/h3>\n\n\n\n<p class=\"wp-block-paragraph\">\u200bAt\u00e9 o fechamento desta edi\u00e7\u00e3o, o Governo do Estado e a assessoria de Guto Silva n\u00e3o haviam se manifestado oficialmente sobre o teor espec\u00edfico dos novos extratos e \u00e1udios mencionados. O espa\u00e7o permanece aberto para o contradit\u00f3rio.<\/p>\n\n\n\n<p class=\"wp-block-paragraph\">\u200bA gravidade dos documentos \u2014 que detalham lan\u00e7amentos de cr\u00e9dito justamente no semestre posterior ao pleito de 2022 \u2014 exige uma investiga\u00e7\u00e3o rigorosa dos \u00f3rg\u00e3os de controle para determinar se houve a pr\u00e1tica de &#8220;caixa dois&#8221; ou extors\u00e3o administrativa.<\/p>\n\n\n\n<p class=\"wp-block-paragraph\"><\/p>\n","protected":false},"excerpt":{"rendered":"<p>Um conjunto de documentos e \u00e1udios que chegou com exclusividade a esta reda\u00e7\u00e3o levanta s\u00e9rias suspeitas sobre a regularidade do financiamento de despesas remanescentes da [&#8230;]<\/p>\n","protected":false},"author":1,"featured_media":2341,"comment_status":"open","ping_status":"open","sticky":false,"template":"","format":"standard","meta":{"_crdt_document":"","_jetpack_memberships_contains_paid_content":false,"footnotes":"","jetpack_publicize_message":"","jetpack_publicize_feature_enabled":true,"jetpack_social_post_already_shared":true,"jetpack_social_options":{"image_generator_settings":{"template":"highway","default_image_id":0,"font":"","enabled":false},"version":2}},"categories":[5],"tags":[],"class_list":["post-2340","post","type-post","status-publish","format-standard","has-post-thumbnail","hentry","category-parana"],"jetpack_publicize_connections":[],"jetpack_featured_media_url":"https:\/\/i0.wp.com\/oexpressobr.com.br\/wp-content\/uploads\/2026\/01\/8bfc81ec-7860-459a-b171-8a55ec3a0ad5.png?fit=1536%2C1024&ssl=1","jetpack_likes_enabled":true,"jetpack_sharing_enabled":true,"_links":{"self":[{"href":"https:\/\/oexpressobr.com.br\/index.php?rest_route=\/wp\/v2\/posts\/2340","targetHints":{"allow":["GET"]}}],"collection":[{"href":"https:\/\/oexpressobr.com.br\/index.php?rest_route=\/wp\/v2\/posts"}],"about":[{"href":"https:\/\/oexpressobr.com.br\/index.php?rest_route=\/wp\/v2\/types\/post"}],"author":[{"embeddable":true,"href":"https:\/\/oexpressobr.com.br\/index.php?rest_route=\/wp\/v2\/users\/1"}],"replies":[{"embeddable":true,"href":"https:\/\/oexpressobr.com.br\/index.php?rest_route=%2Fwp%2Fv2%2Fcomments&post=2340"}],"version-history":[{"count":1,"href":"https:\/\/oexpressobr.com.br\/index.php?rest_route=\/wp\/v2\/posts\/2340\/revisions"}],"predecessor-version":[{"id":2342,"href":"https:\/\/oexpressobr.com.br\/index.php?rest_route=\/wp\/v2\/posts\/2340\/revisions\/2342"}],"wp:featuredmedia":[{"embeddable":true,"href":"https:\/\/oexpressobr.com.br\/index.php?rest_route=\/wp\/v2\/media\/2341"}],"wp:attachment":[{"href":"https:\/\/oexpressobr.com.br\/index.php?rest_route=%2Fwp%2Fv2%2Fmedia&parent=2340"}],"wp:term":[{"taxonomy":"category","embeddable":true,"href":"https:\/\/oexpressobr.com.br\/index.php?rest_route=%2Fwp%2Fv2%2Fcategories&post=2340"},{"taxonomy":"post_tag","embeddable":true,"href":"https:\/\/oexpressobr.com.br\/index.php?rest_route=%2Fwp%2Fv2%2Ftags&post=2340"}],"curies":[{"name":"wp","href":"https:\/\/api.w.org\/{rel}","templated":true}]}}