{"id":2343,"date":"2026-01-23T04:28:39","date_gmt":"2026-01-23T07:28:39","guid":{"rendered":"https:\/\/oexpressobr.com.br\/?p=2343"},"modified":"2026-01-23T04:28:40","modified_gmt":"2026-01-23T07:28:40","slug":"a-errada-decisao-da-globo-com-atitudes-homofobicas-de-matheus-no-bbb-26","status":"publish","type":"post","link":"https:\/\/oexpressobr.com.br\/?p=2343","title":{"rendered":"A errada decis\u00e3o da Globo com atitudes homof\u00f3bicas de Matheus no BBB 26"},"content":{"rendered":"\n<p class=\"wp-block-paragraph\">O &#8220;Big Brother Brasil 26&#8221; mal come\u00e7ou e j\u00e1 enfrenta sua primeira crise de grandes propor\u00e7\u00f5es \u00e9tica e social. O epicentro da pol\u00eamica \u00e9 o participante Matheus Moreira, banc\u00e1rio ga\u00facho que entrou no programa ap\u00f3s a din\u00e2mica do Quarto Branco. Durante a primeira Festa do L\u00edder, Matheus teve comportamentos que foram amplamente classificados como homof\u00f3bicos por outros confinados, gerando revolta dentro e fora da casa. No entanto, o que mais assusta n\u00e3o \u00e9 apenas o comportamento do &#8220;brother&#8221;, mas a omiss\u00e3o estrat\u00e9gica da TV Globo diante dos fatos.<\/p>\n\n\n\n<p class=\"wp-block-paragraph\">\u200b<strong>Os fatos no confinamento<\/strong><\/p>\n\n\n\n<p class=\"wp-block-paragraph\">As tens\u00f5es escalaram quando Matheus realizou um desfile improvisado na sala, utilizando trejeitos afeminados de forma caricata e pejorativa para &#8220;exibir&#8221; seu figurino. A cena atingiu em cheio o m\u00e9dico Marcelo Alves, que n\u00e3o conteve as l\u00e1grimas. &#8220;Ele desfilou como se fosse um viado, eu fiquei hiperincomodado. Passei minha vida todinha sofrendo com isso&#8221;, desabafou Marcelo em conversa com Breno e Maxiane.<\/p>\n\n\n\n<p class=\"wp-block-paragraph\">\u200bA conduta de Matheus n\u00e3o foi um epis\u00f3dio isolado. O influenciador Juliano Floss tamb\u00e9m exp\u00f4s coment\u00e1rios preconceituosos feitos pelo ga\u00facho sobre suas roupas: &#8220;Ele olhou para mim e disse: &#8216;Bah, se coloco isso a\u00ed eu, um neg\u00e3o desses, vish'&#8221;. Al\u00e9m disso, o veterano Babu Santana relatou ter ouvido Matheus entoar c\u00e2nticos de torcidas de futebol (Inter e Gr\u00eamio) que possuem teor explicitamente homof\u00f3bico, justamente ao lado de Breno, um dos participantes abertamente LGBTQIA+ da edi\u00e7\u00e3o.<\/p>\n\n\n\n<p class=\"wp-block-paragraph\">\u200b<strong>A in\u00e9rcia da emissora<\/strong><\/p>\n\n\n\n<p class=\"wp-block-paragraph\">Mesmo diante de um cen\u00e1rio onde o preconceito foi verbalizado, performado e gerou sofrimento psicol\u00f3gico vis\u00edvel em outros competidores, a dire\u00e7\u00e3o do programa optou por n\u00e3o intervir de forma contundente. At\u00e9 o momento, a Globo tratou as situa\u00e7\u00f5es apenas como &#8220;conflitos de conviv\u00eancia&#8221; ou &#8220;pautas para o entretenimento&#8221;, sem aplicar advert\u00eancias formais ou realizar o necess\u00e1rio letramento pedag\u00f3gico ao vivo, como j\u00e1 ocorreu em edi\u00e7\u00f5es anteriores.<\/p>\n\n\n\n<p class=\"wp-block-paragraph\">\u200bA decis\u00e3o de &#8220;deixar o jogo seguir&#8221; \u00e9 perigosa. Ao silenciar sobre atitudes que beiram o crime de homofobia (equiparado ao racismo pelo STF), a emissora falha em sua responsabilidade social e envia uma mensagem amb\u00edgua ao p\u00fablico: a de que o entretenimento vale mais do que o respeito e a dignidade humana.<\/p>\n\n\n\n<p class=\"wp-block-paragraph\">\u200b<strong>Repercuss\u00e3o e &#8220;ran\u00e7o&#8221;<\/strong><\/p>\n\n\n\n<p class=\"wp-block-paragraph\">Nas redes sociais, a tag criticando a postura de Matheus \u2014 e a in\u00e9rcia da Globo \u2014 dominou os t\u00f3picos mais comentados. Internautas relembram que o participante j\u00e1 havia sido criticado por coment\u00e1rios invasivos sobre a vida pessoal da participante Gabriela. Dentro da casa, o &#8220;ran\u00e7o&#8221; por Matheus j\u00e1 une grupos distintos, como Ana Paula e Babu, que enxergam no comportamento do banc\u00e1rio um perfil t\u00f3xico que n\u00e3o deveria ser validado pelo p\u00fablico ou pela produ\u00e7\u00e3o.<\/p>\n\n\n\n<p class=\"wp-block-paragraph\">\u200bSe o BBB se prop\u00f5e a ser o &#8220;espelho da sociedade&#8221;, a imagem refletida neste in\u00edcio de temporada \u00e9 preocupante. A Globo tem em m\u00e3os a chance de corrigir o rumo e mostrar que o preconceito n\u00e3o \u00e9 entretenimento, mas a manuten\u00e7\u00e3o do sil\u00eancio sugere que, para o b\u00f4nus da audi\u00eancia, o \u00f4nus da homofobia ainda \u00e9 tolerado.<\/p>\n","protected":false},"excerpt":{"rendered":"<p>O &#8220;Big Brother Brasil 26&#8221; mal come\u00e7ou e j\u00e1 enfrenta sua primeira crise de grandes propor\u00e7\u00f5es \u00e9tica e social. O epicentro da pol\u00eamica \u00e9 o [&#8230;]<\/p>\n","protected":false},"author":1,"featured_media":2344,"comment_status":"open","ping_status":"open","sticky":false,"template":"","format":"standard","meta":{"_crdt_document":"","_jetpack_memberships_contains_paid_content":false,"footnotes":"","jetpack_publicize_message":"","jetpack_publicize_feature_enabled":true,"jetpack_social_post_already_shared":true,"jetpack_social_options":{"image_generator_settings":{"template":"highway","default_image_id":0,"font":"","enabled":false},"version":2}},"categories":[31],"tags":[],"class_list":["post-2343","post","type-post","status-publish","format-standard","has-post-thumbnail","hentry","category-entretenimento"],"jetpack_publicize_connections":[],"jetpack_featured_media_url":"https:\/\/i0.wp.com\/oexpressobr.com.br\/wp-content\/uploads\/2026\/01\/marcelomathjeus.jpg?fit=414%2C280&ssl=1","jetpack_likes_enabled":true,"jetpack_sharing_enabled":true,"_links":{"self":[{"href":"https:\/\/oexpressobr.com.br\/index.php?rest_route=\/wp\/v2\/posts\/2343","targetHints":{"allow":["GET"]}}],"collection":[{"href":"https:\/\/oexpressobr.com.br\/index.php?rest_route=\/wp\/v2\/posts"}],"about":[{"href":"https:\/\/oexpressobr.com.br\/index.php?rest_route=\/wp\/v2\/types\/post"}],"author":[{"embeddable":true,"href":"https:\/\/oexpressobr.com.br\/index.php?rest_route=\/wp\/v2\/users\/1"}],"replies":[{"embeddable":true,"href":"https:\/\/oexpressobr.com.br\/index.php?rest_route=%2Fwp%2Fv2%2Fcomments&post=2343"}],"version-history":[{"count":1,"href":"https:\/\/oexpressobr.com.br\/index.php?rest_route=\/wp\/v2\/posts\/2343\/revisions"}],"predecessor-version":[{"id":2345,"href":"https:\/\/oexpressobr.com.br\/index.php?rest_route=\/wp\/v2\/posts\/2343\/revisions\/2345"}],"wp:featuredmedia":[{"embeddable":true,"href":"https:\/\/oexpressobr.com.br\/index.php?rest_route=\/wp\/v2\/media\/2344"}],"wp:attachment":[{"href":"https:\/\/oexpressobr.com.br\/index.php?rest_route=%2Fwp%2Fv2%2Fmedia&parent=2343"}],"wp:term":[{"taxonomy":"category","embeddable":true,"href":"https:\/\/oexpressobr.com.br\/index.php?rest_route=%2Fwp%2Fv2%2Fcategories&post=2343"},{"taxonomy":"post_tag","embeddable":true,"href":"https:\/\/oexpressobr.com.br\/index.php?rest_route=%2Fwp%2Fv2%2Ftags&post=2343"}],"curies":[{"name":"wp","href":"https:\/\/api.w.org\/{rel}","templated":true}]}}