{"id":2346,"date":"2026-01-23T04:33:36","date_gmt":"2026-01-23T07:33:36","guid":{"rendered":"https:\/\/oexpressobr.com.br\/?p=2346"},"modified":"2026-01-23T04:33:37","modified_gmt":"2026-01-23T07:33:37","slug":"bbb-26-pedro-e-internado-em-hospital-especializado-em-transtornos-mentais","status":"publish","type":"post","link":"https:\/\/oexpressobr.com.br\/?p=2346","title":{"rendered":"BBB 26: Pedro \u00e9 internado em hospital especializado em transtornos mentais"},"content":{"rendered":"\n<p class=\"wp-block-paragraph\">A participa\u00e7\u00e3o de Pedro no <strong>Big Brother Brasil 26<\/strong> tomou um rumo inesperado e preocupante nas \u00faltimas horas. Ap\u00f3s apresentar comportamentos que acenderam o alerta da produ\u00e7\u00e3o e do p\u00fablico, o participante foi encaminhado para uma unidade hospitalar especializada em sa\u00fade mental para avalia\u00e7\u00e3o e suporte cl\u00ednico.<\/p>\n\n\n\n<h3 class=\"wp-block-heading\">\u200bOcorr\u00eancias na casa e interven\u00e7\u00e3o m\u00e9dica<\/h3>\n\n\n\n<p class=\"wp-block-paragraph\">\u200bA decis\u00e3o pela retirada tempor\u00e1ria \u2014 ou poss\u00edvel desist\u00eancia assistida \u2014 ocorreu ap\u00f3s uma madrugada de crise intensa dentro do confinamento. Segundo fontes ligadas \u00e0 emissora, a equipe m\u00e9dica do programa monitorava o brother desde o \u00faltimo &#8220;Jogo da Disc\u00f3rdia&#8221;, onde Pedro demonstrou sinais claros de exaust\u00e3o emocional e desorienta\u00e7\u00e3o.<\/p>\n\n\n\n<p class=\"wp-block-paragraph\">\u200bEm nota oficial, a <strong>TV Globo<\/strong> informou que a prioridade absoluta \u00e9 o bem-estar do participante:<\/p>\n\n\n\n<blockquote class=\"wp-block-quote is-layout-flow wp-block-quote-is-layout-flow\">\n<p class=\"wp-block-paragraph\">\u200b&#8221;O Big Brother Brasil preza pela sa\u00fade f\u00edsica e mental de todos os confinados. Pedro est\u00e1 recebendo atendimento especializado e conta com o apoio de uma equipe multidisciplinar fora da casa.&#8221;<\/p>\n<\/blockquote>\n\n\n\n<h3 class=\"wp-block-heading\">\u200bRepercuss\u00e3o entre os familiares e p\u00fablico<\/h3>\n\n\n\n<p class=\"wp-block-paragraph\">\u200bA fam\u00edlia de Pedro utilizou as redes sociais para agradecer o carinho dos f\u00e3s e pedir respeito ao momento delicado. &#8220;A sa\u00fade mental n\u00e3o \u00e9 entretenimento. Pedimos compreens\u00e3o e ora\u00e7\u00f5es para que ele se recupere o mais breve poss\u00edvel&#8221;, diz o comunicado publicado no perfil oficial do Instagram do participante.<\/p>\n\n\n\n<p class=\"wp-block-paragraph\">\u200bNa internet, o caso levantou discuss\u00f5es urgentes sobre:<\/p>\n\n\n\n<ul class=\"wp-block-list\">\n<li>\u200b<strong>A press\u00e3o do confinamento:<\/strong> At\u00e9 que ponto o isolamento e o conflito estimulado afetam a psique dos jogadores.<\/li>\n\n\n\n<li>\u200b<strong>Protocolos de seguran\u00e7a:<\/strong> A agilidade da produ\u00e7\u00e3o em intervir antes que um incidente mais grave ocorresse.<\/li>\n\n\n\n<li>\u200b<strong>Responsabilidade social:<\/strong> O papel do reality em abordar o tema de forma s\u00e9ria e informativa para o p\u00fablico.<\/li>\n<\/ul>\n\n\n\n<h3 class=\"wp-block-heading\">\u200bPr\u00f3ximos passos no jogo<\/h3>\n\n\n\n<p class=\"wp-block-paragraph\">\u200bAt\u00e9 o momento, a dire\u00e7\u00e3o do programa n\u00e3o confirmou se Pedro retornar\u00e1 \u00e0 competi\u00e7\u00e3o ou se sua sa\u00edda ser\u00e1 definitiva. Especialistas sugerem que, em casos de interna\u00e7\u00e3o para estabiliza\u00e7\u00e3o mental, o protocolo padr\u00e3o costuma ser o desligamento definitivo para garantir que o paciente n\u00e3o retorne ao ambiente estressor que desencadeou a crise.<\/p>\n","protected":false},"excerpt":{"rendered":"<p>A participa\u00e7\u00e3o de Pedro no Big Brother Brasil 26 tomou um rumo inesperado e preocupante nas \u00faltimas horas. Ap\u00f3s apresentar comportamentos que acenderam o alerta [&#8230;]<\/p>\n","protected":false},"author":1,"featured_media":2347,"comment_status":"open","ping_status":"open","sticky":false,"template":"","format":"standard","meta":{"_crdt_document":"","_jetpack_memberships_contains_paid_content":false,"footnotes":"","jetpack_publicize_message":"","jetpack_publicize_feature_enabled":true,"jetpack_social_post_already_shared":true,"jetpack_social_options":{"image_generator_settings":{"template":"highway","default_image_id":0,"font":"","enabled":false},"version":2}},"categories":[31],"tags":[],"class_list":["post-2346","post","type-post","status-publish","format-standard","has-post-thumbnail","hentry","category-entretenimento"],"jetpack_publicize_connections":[],"jetpack_featured_media_url":"https:\/\/i0.wp.com\/oexpressobr.com.br\/wp-content\/uploads\/2026\/01\/Captura-de-tela-2026-01-15-151527.jpg?fit=414%2C280&ssl=1","jetpack_likes_enabled":true,"jetpack_sharing_enabled":true,"_links":{"self":[{"href":"https:\/\/oexpressobr.com.br\/index.php?rest_route=\/wp\/v2\/posts\/2346","targetHints":{"allow":["GET"]}}],"collection":[{"href":"https:\/\/oexpressobr.com.br\/index.php?rest_route=\/wp\/v2\/posts"}],"about":[{"href":"https:\/\/oexpressobr.com.br\/index.php?rest_route=\/wp\/v2\/types\/post"}],"author":[{"embeddable":true,"href":"https:\/\/oexpressobr.com.br\/index.php?rest_route=\/wp\/v2\/users\/1"}],"replies":[{"embeddable":true,"href":"https:\/\/oexpressobr.com.br\/index.php?rest_route=%2Fwp%2Fv2%2Fcomments&post=2346"}],"version-history":[{"count":1,"href":"https:\/\/oexpressobr.com.br\/index.php?rest_route=\/wp\/v2\/posts\/2346\/revisions"}],"predecessor-version":[{"id":2348,"href":"https:\/\/oexpressobr.com.br\/index.php?rest_route=\/wp\/v2\/posts\/2346\/revisions\/2348"}],"wp:featuredmedia":[{"embeddable":true,"href":"https:\/\/oexpressobr.com.br\/index.php?rest_route=\/wp\/v2\/media\/2347"}],"wp:attachment":[{"href":"https:\/\/oexpressobr.com.br\/index.php?rest_route=%2Fwp%2Fv2%2Fmedia&parent=2346"}],"wp:term":[{"taxonomy":"category","embeddable":true,"href":"https:\/\/oexpressobr.com.br\/index.php?rest_route=%2Fwp%2Fv2%2Fcategories&post=2346"},{"taxonomy":"post_tag","embeddable":true,"href":"https:\/\/oexpressobr.com.br\/index.php?rest_route=%2Fwp%2Fv2%2Ftags&post=2346"}],"curies":[{"name":"wp","href":"https:\/\/api.w.org\/{rel}","templated":true}]}}