{"id":2349,"date":"2026-01-23T04:41:50","date_gmt":"2026-01-23T07:41:50","guid":{"rendered":"https:\/\/oexpressobr.com.br\/?p=2349"},"modified":"2026-01-23T04:41:51","modified_gmt":"2026-01-23T07:41:51","slug":"prf-alerta-para-riscos-a-seguranca-em-caminhada-de-nikolas-ferreira-rumo-a-brasilia","status":"publish","type":"post","link":"https:\/\/oexpressobr.com.br\/?p=2349","title":{"rendered":"Prf alerta para riscos \u00e0 seguran\u00e7a em caminhada de Nikolas Ferreira rumo a Bras\u00edlia"},"content":{"rendered":"\n<p class=\"wp-block-paragraph\">A Pol\u00edcia Rodovi\u00e1ria Federal (PRF) emitiu um alerta oficial na quinta-feira (22) sobre os perigos da &#8220;Caminhada pela Justi\u00e7a e Liberdade&#8221;, liderada pelo deputado federal <strong>Nikolas Ferreira<\/strong> (PL-MG). O parlamentar percorre cerca de 240 quil\u00f4metros entre o interior de Minas Gerais e o Distrito Federal, em protesto contra as pris\u00f5es relacionadas aos atos de 8 de janeiro e \u00e0 recente condena\u00e7\u00e3o do ex-presidente <strong>Jair Bolsonaro<\/strong>, que cumpre pena no Complexo da Papuda.<\/p>\n\n\n\n<h3 class=\"wp-block-heading\">\u200bO conflito de vers\u00f5es entre a PRF e o Deputado<\/h3>\n\n\n\n<p class=\"wp-block-paragraph\">\u200bA principal diverg\u00eancia entre a corpora\u00e7\u00e3o e a equipe do parlamentar gira em torno da comunica\u00e7\u00e3o pr\u00e9via do evento.<\/p>\n\n\n\n<ul class=\"wp-block-list\">\n<li>\u200b<strong>Posicionamento da PRF:<\/strong> A institui\u00e7\u00e3o afirmou que n\u00e3o foi informada formalmente sobre o deslocamento com anteced\u00eancia, o que impossibilitou o planejamento de medidas mitigadoras para o fluxo extraordin\u00e1rio de pedestres na <strong>BR-040<\/strong>. Segundo a nota, a falta de organiza\u00e7\u00e3o pr\u00e9via gera &#8220;riscos inerentes&#8221; tanto para os manifestantes quanto para os motoristas que trafegam pela rodovia.<\/li>\n\n\n\n<li>\u200b<strong>Defesa de Nikolas Ferreira:<\/strong> A assessoria do deputado contesta a PRF, alegando que enviou of\u00edcios \u00e0 corpora\u00e7\u00e3o e \u00e0 Ag\u00eancia Nacional de Transportes Terrestres (ANTT) no in\u00edcio da semana. A equipe do parlamentar afirma, inclusive, possuir um comprovante de recebimento do comunicado pela Secretaria-Executiva da Diretoria de Opera\u00e7\u00f5es da PRF.<\/li>\n<\/ul>\n\n\n\n<h3 class=\"wp-block-heading\">\u200bManifesta\u00e7\u00e3o pol\u00edtica e refor\u00e7o na seguran\u00e7a<\/h3>\n\n\n\n<p class=\"wp-block-paragraph\">\u200bA caminhada, iniciada na \u00faltima segunda-feira em Paracatu (MG), conta com a participa\u00e7\u00e3o de nomes como <strong>Carlos Bolsonaro<\/strong>, <strong>Gustavo Gayer<\/strong> e <strong>Andr\u00e9 Fernandes<\/strong>. O grupo pretende chegar \u00e0 Pra\u00e7a do Cruzeiro, em Bras\u00edlia, no pr\u00f3ximo domingo (25).<\/p>\n\n\n\n<p class=\"wp-block-paragraph\">\u200bA seguran\u00e7a do trajeto ganhou novos contornos com a presen\u00e7a da <strong>Pol\u00edcia Legislativa da C\u00e2mara<\/strong>. Devido a amea\u00e7as registradas anteriormente contra o deputado, policiais da C\u00e2mara s\u00e3o obrigados a escolt\u00e1-lo durante todo o percurso, o que tem gerado cr\u00edticas de advers\u00e1rios pol\u00edticos, como o deputado <strong>Lindbergh Farias<\/strong> (PT-RJ), que solicitou a interrup\u00e7\u00e3o do ato alegando riscos \u00e0 ordem p\u00fablica e uso indevido de recursos.<\/p>\n\n\n\n<blockquote class=\"wp-block-quote is-layout-flow wp-block-quote-is-layout-flow\">\n<p class=\"wp-block-paragraph\">\u200b&#8221;Esta caminhada \u00e9 um ato simb\u00f3lico \u2014 e s\u00edmbolos importam mais do que muitos imaginam&#8221;, declarou Nikolas em suas redes sociais, refor\u00e7ando o car\u00e1ter pac\u00edfico do movimento apesar do desgaste f\u00edsico e das pol\u00eamicas judiciais.<\/p>\n<\/blockquote>\n\n\n\n<h3 class=\"wp-block-heading\">\u200bSitua\u00e7\u00e3o atual do percurso<\/h3>\n\n\n\n<p class=\"wp-block-paragraph\">\u200bAt\u00e9 o momento, a PRF monitora o deslocamento para evitar interdi\u00e7\u00f5es totais da pista, embora j\u00e1 tenham sido registrados pontos de lentid\u00e3o, como no quil\u00f4metro 105, em Cristalina (GO).<\/p>\n","protected":false},"excerpt":{"rendered":"<p>A Pol\u00edcia Rodovi\u00e1ria Federal (PRF) emitiu um alerta oficial na quinta-feira (22) sobre os perigos da &#8220;Caminhada pela Justi\u00e7a e Liberdade&#8221;, liderada pelo deputado federal [&#8230;]<\/p>\n","protected":false},"author":1,"featured_media":2350,"comment_status":"open","ping_status":"open","sticky":false,"template":"","format":"standard","meta":{"_crdt_document":"","_jetpack_memberships_contains_paid_content":false,"footnotes":"","jetpack_publicize_message":"","jetpack_publicize_feature_enabled":true,"jetpack_social_post_already_shared":true,"jetpack_social_options":{"image_generator_settings":{"template":"highway","default_image_id":0,"font":"","enabled":false},"version":2}},"categories":[7],"tags":[],"class_list":["post-2349","post","type-post","status-publish","format-standard","has-post-thumbnail","hentry","category-politica"],"jetpack_publicize_connections":[],"jetpack_featured_media_url":"https:\/\/i0.wp.com\/oexpressobr.com.br\/wp-content\/uploads\/2026\/01\/6453345435-2.jpg?fit=414%2C280&ssl=1","jetpack_likes_enabled":true,"jetpack_sharing_enabled":true,"_links":{"self":[{"href":"https:\/\/oexpressobr.com.br\/index.php?rest_route=\/wp\/v2\/posts\/2349","targetHints":{"allow":["GET"]}}],"collection":[{"href":"https:\/\/oexpressobr.com.br\/index.php?rest_route=\/wp\/v2\/posts"}],"about":[{"href":"https:\/\/oexpressobr.com.br\/index.php?rest_route=\/wp\/v2\/types\/post"}],"author":[{"embeddable":true,"href":"https:\/\/oexpressobr.com.br\/index.php?rest_route=\/wp\/v2\/users\/1"}],"replies":[{"embeddable":true,"href":"https:\/\/oexpressobr.com.br\/index.php?rest_route=%2Fwp%2Fv2%2Fcomments&post=2349"}],"version-history":[{"count":1,"href":"https:\/\/oexpressobr.com.br\/index.php?rest_route=\/wp\/v2\/posts\/2349\/revisions"}],"predecessor-version":[{"id":2351,"href":"https:\/\/oexpressobr.com.br\/index.php?rest_route=\/wp\/v2\/posts\/2349\/revisions\/2351"}],"wp:featuredmedia":[{"embeddable":true,"href":"https:\/\/oexpressobr.com.br\/index.php?rest_route=\/wp\/v2\/media\/2350"}],"wp:attachment":[{"href":"https:\/\/oexpressobr.com.br\/index.php?rest_route=%2Fwp%2Fv2%2Fmedia&parent=2349"}],"wp:term":[{"taxonomy":"category","embeddable":true,"href":"https:\/\/oexpressobr.com.br\/index.php?rest_route=%2Fwp%2Fv2%2Fcategories&post=2349"},{"taxonomy":"post_tag","embeddable":true,"href":"https:\/\/oexpressobr.com.br\/index.php?rest_route=%2Fwp%2Fv2%2Ftags&post=2349"}],"curies":[{"name":"wp","href":"https:\/\/api.w.org\/{rel}","templated":true}]}}