{"id":2352,"date":"2026-01-23T04:46:28","date_gmt":"2026-01-23T07:46:28","guid":{"rendered":"https:\/\/oexpressobr.com.br\/?p=2352"},"modified":"2026-01-23T04:46:29","modified_gmt":"2026-01-23T07:46:29","slug":"ucrania-russia-e-eua-iniciam-em-abu-dhabi-primeira-reuniao-trilateral-para-negociar-fim-da-guerra","status":"publish","type":"post","link":"https:\/\/oexpressobr.com.br\/?p=2352","title":{"rendered":"Ucr\u00e2nia, R\u00fassia e EUA iniciam em Abu Dhabi primeira reuni\u00e3o trilateral para negociar fim da guerra"},"content":{"rendered":"\n<p class=\"wp-block-paragraph\">Em um desdobramento diplom\u00e1tico hist\u00f3rico, representantes da <strong>Ucr\u00e2nia, R\u00fassia e Estados Unidos<\/strong> iniciam nesta sexta-feira (23 de janeiro de 2026) o primeiro encontro conjunto em formato trilateral desde o in\u00edcio da invas\u00e3o russa, em 2022. A reuni\u00e3o ocorre em <strong>Abu Dhabi<\/strong>, nos Emirados \u00c1rabes Unidos, e foi anunciada pelo presidente ucraniano, <strong>Volodymyr Zelensky<\/strong>, durante sua participa\u00e7\u00e3o no F\u00f3rum Econ\u00f4mico Mundial, em Davos.<\/p>\n\n\n\n<p class=\"wp-block-paragraph\">\u200bO encontro marca uma mudan\u00e7a de patamar nas negocia\u00e7\u00f5es, que at\u00e9 ent\u00e3o ocorriam apenas de forma bilateral ou por meio de intermedi\u00e1rios. A confirma\u00e7\u00e3o da participa\u00e7\u00e3o russa veio atrav\u00e9s do assessor de pol\u00edtica externa do Kremlin, <strong>Yury Ushakov<\/strong>, refor\u00e7ando que o foco inicial da mesa de di\u00e1logo ser\u00e1 a arquitetura de <strong>seguran\u00e7a regional<\/strong>.<\/p>\n\n\n\n<h3 class=\"wp-block-heading\">\u200bOs pontos centrais da negocia\u00e7\u00e3o<\/h3>\n\n\n\n<p class=\"wp-block-paragraph\">\u200bDe acordo com declara\u00e7\u00f5es de Zelensky e de fontes diplom\u00e1ticas em Davos e Moscou, o processo de paz est\u00e1 em uma fase avan\u00e7ada, mas ainda enfrenta obst\u00e1culos cr\u00edticos:<\/p>\n\n\n\n<ul class=\"wp-block-list\">\n<li>\u200b<strong>Acordos &#8220;Quase Prontos&#8221;:<\/strong> Zelensky afirmou que os documentos que visam o fim do conflito est\u00e3o &#8220;90% conclu\u00eddos&#8221;. Os textos abrangem garantias de seguran\u00e7a internacional e planos para a reconstru\u00e7\u00e3o econ\u00f4mica da Ucr\u00e2nia.<\/li>\n\n\n\n<li>\u200b<strong>O Papel dos EUA:<\/strong> A reuni\u00e3o em Abu Dhabi foi precedida por uma miss\u00e3o rel\u00e2mpago dos enviados de Donald Trump, <strong>Steve Witkoff e Jared Kushner<\/strong>, a Moscou, onde se reuniram com Vladimir Putin. Os EUA t\u00eam atuado como o principal motor para colocar as tr\u00eas partes na mesma sala.<\/li>\n\n\n\n<li>\u200b<strong>Impasse Territorial:<\/strong> Apesar do otimismo sobre garantias de seguran\u00e7a, a quest\u00e3o dos territ\u00f3rios ocupados pela R\u00fassia (cerca de 20% da Ucr\u00e2nia) continua sendo o ponto de maior atrito. O Kremlin reiterou que um acordo de longo prazo \u00e9 imposs\u00edvel sem a resolu\u00e7\u00e3o desta quest\u00e3o sob seus termos.<\/li>\n<\/ul>\n\n\n\n<h3 class=\"wp-block-heading\">\u200bContexto e Press\u00e3o Internacional<\/h3>\n\n\n\n<p class=\"wp-block-paragraph\">\u200bO an\u00fancio acontece em um momento de alta visibilidade internacional para a pol\u00edtica externa americana. Em Davos, o presidente <strong>Donald Trump<\/strong> lan\u00e7ou oficialmente o seu <strong>&#8220;Conselho da Paz&#8221;<\/strong> (<em>Board of Peace<\/em>), uma iniciativa que visa mediar conflitos globais, incluindo a guerra na Ucr\u00e2nia e a situa\u00e7\u00e3o em Gaza.<\/p>\n\n\n\n<blockquote class=\"wp-block-quote is-layout-flow wp-block-quote-is-layout-flow\">\n<p class=\"wp-block-paragraph\">\u200b&#8221;A guerra tem que acabar. Muitas pessoas est\u00e3o sendo mortas. \u00c9 um processo cont\u00ednuo, mas todos querem que isso termine&#8221;, declarou Trump ap\u00f3s se reunir com Zelensky por cerca de uma hora na Su\u00ed\u00e7a.<\/p>\n<\/blockquote>\n\n\n\n<p class=\"wp-block-paragraph\">\u200bPor outro lado, Zelensky aproveitou o palco de Davos para cobrar flexibilidade de Moscou. &#8220;A Ucr\u00e2nia est\u00e1 trabalhando com total honestidade e determina\u00e7\u00e3o&#8230; a R\u00fassia tamb\u00e9m precisa estar preparada para compromissos&#8221;, pontuou o l\u00edder ucraniano, comparando a rotina da guerra ao filme &#8220;Feiti\u00e7o do Tempo&#8221;, onde o mesmo dia de viol\u00eancia se repete incessantemente.<\/p>\n\n\n\n<h3 class=\"wp-block-heading\">\u200bO que esperar dos pr\u00f3ximos dias<\/h3>\n\n\n\n<p class=\"wp-block-paragraph\">\u200bAs conversas em Abu Dhabi devem durar pelo menos dois dias (sexta e s\u00e1bado). Embora sejam conduzidas em n\u00edvel t\u00e9cnico e por enviados especiais, o sucesso desta rodada poder\u00e1 pavimentar o caminho para uma c\u00fapula de alto n\u00edvel entre os chefes de Estado ainda no primeiro trimestre de 2026.<\/p>\n\n\n\n<p class=\"wp-block-paragraph\"><\/p>\n","protected":false},"excerpt":{"rendered":"<p>Em um desdobramento diplom\u00e1tico hist\u00f3rico, representantes da Ucr\u00e2nia, R\u00fassia e Estados Unidos iniciam nesta sexta-feira (23 de janeiro de 2026) o primeiro encontro conjunto em [&#8230;]<\/p>\n","protected":false},"author":1,"featured_media":2353,"comment_status":"open","ping_status":"open","sticky":false,"template":"","format":"standard","meta":{"_crdt_document":"","_jetpack_memberships_contains_paid_content":false,"footnotes":"","jetpack_publicize_message":"","jetpack_publicize_feature_enabled":true,"jetpack_social_post_already_shared":true,"jetpack_social_options":{"image_generator_settings":{"template":"highway","default_image_id":0,"font":"","enabled":false},"version":2}},"categories":[15],"tags":[],"class_list":["post-2352","post","type-post","status-publish","format-standard","has-post-thumbnail","hentry","category-internacional"],"jetpack_publicize_connections":[],"jetpack_featured_media_url":"https:\/\/i0.wp.com\/oexpressobr.com.br\/wp-content\/uploads\/2026\/01\/000_696D9CR-e1764103852517.jpg?fit=414%2C280&ssl=1","jetpack_likes_enabled":true,"jetpack_sharing_enabled":true,"_links":{"self":[{"href":"https:\/\/oexpressobr.com.br\/index.php?rest_route=\/wp\/v2\/posts\/2352","targetHints":{"allow":["GET"]}}],"collection":[{"href":"https:\/\/oexpressobr.com.br\/index.php?rest_route=\/wp\/v2\/posts"}],"about":[{"href":"https:\/\/oexpressobr.com.br\/index.php?rest_route=\/wp\/v2\/types\/post"}],"author":[{"embeddable":true,"href":"https:\/\/oexpressobr.com.br\/index.php?rest_route=\/wp\/v2\/users\/1"}],"replies":[{"embeddable":true,"href":"https:\/\/oexpressobr.com.br\/index.php?rest_route=%2Fwp%2Fv2%2Fcomments&post=2352"}],"version-history":[{"count":1,"href":"https:\/\/oexpressobr.com.br\/index.php?rest_route=\/wp\/v2\/posts\/2352\/revisions"}],"predecessor-version":[{"id":2354,"href":"https:\/\/oexpressobr.com.br\/index.php?rest_route=\/wp\/v2\/posts\/2352\/revisions\/2354"}],"wp:featuredmedia":[{"embeddable":true,"href":"https:\/\/oexpressobr.com.br\/index.php?rest_route=\/wp\/v2\/media\/2353"}],"wp:attachment":[{"href":"https:\/\/oexpressobr.com.br\/index.php?rest_route=%2Fwp%2Fv2%2Fmedia&parent=2352"}],"wp:term":[{"taxonomy":"category","embeddable":true,"href":"https:\/\/oexpressobr.com.br\/index.php?rest_route=%2Fwp%2Fv2%2Fcategories&post=2352"},{"taxonomy":"post_tag","embeddable":true,"href":"https:\/\/oexpressobr.com.br\/index.php?rest_route=%2Fwp%2Fv2%2Ftags&post=2352"}],"curies":[{"name":"wp","href":"https:\/\/api.w.org\/{rel}","templated":true}]}}