{"id":2355,"date":"2026-01-23T04:52:45","date_gmt":"2026-01-23T07:52:45","guid":{"rendered":"https:\/\/oexpressobr.com.br\/?p=2355"},"modified":"2026-01-23T04:52:46","modified_gmt":"2026-01-23T07:52:46","slug":"tarcisio-de-freitas-recua-de-encontro-e-sinaliza-autonomia-diante-da-familia-bolsonaro","status":"publish","type":"post","link":"https:\/\/oexpressobr.com.br\/?p=2355","title":{"rendered":"Tarc\u00edsio de Freitas recua de encontro e sinaliza autonomia diante da fam\u00edlia Bolsonaro"},"content":{"rendered":"\n<p class=\"wp-block-paragraph\">\u200bO governador de S\u00e3o Paulo, Tarc\u00edsio de Freitas (Republicanos), enviou um recado silencioso, mas contundente, ao cl\u00e3 Bolsonaro nesta semana ao cancelar uma visita que faria ao ex-presidente Jair Bolsonaro. O epis\u00f3dio, justificado oficialmente como uma quest\u00e3o de &#8220;despachos internos&#8221;, ocorre em um momento de crescente tens\u00e3o sobre os rumos da direita para as elei\u00e7\u00f5es de 2026.<\/p>\n\n\n\n<h3 class=\"wp-block-heading\">\u200bO impasse da visita e o &#8220;fogo amigo&#8221;<\/h3>\n\n\n\n<p class=\"wp-block-paragraph\">\u200bA visita estava agendada para ocorrer no 19\u00ba Batalh\u00e3o da Pol\u00edcia Militar do Distrito Federal, onde Bolsonaro se encontra detido. No entanto, o movimento de Tarc\u00edsio de recuar no \u00faltimo momento foi interpretado por analistas e aliados como uma rea\u00e7\u00e3o direta \u00e0s press\u00f5es exercidas pelos filhos do ex-presidente.<\/p>\n\n\n\n<p class=\"wp-block-paragraph\">\u200bRecentemente, o senador Fl\u00e1vio Bolsonaro (PL-RJ) foi al\u00e7ado pelo pai \u00e0 condi\u00e7\u00e3o de sucessor oficial para a disputa presidencial. O movimento, ratificado por Jair Bolsonaro em uma carta manuscrita no \u00faltimo Natal, colocou Tarc\u00edsio em uma posi\u00e7\u00e3o delicada. O cl\u00e3 espera que o governador paulista n\u00e3o apenas apoie Fl\u00e1vio, mas que cogite ser seu vice \u2014 uma hip\u00f3tese que Tarc\u00edsio descarta publicamente, reiterando seu desejo de buscar a reelei\u00e7\u00e3o em S\u00e3o Paulo.<\/p>\n\n\n\n<h3 class=\"wp-block-heading\">\u200bA press\u00e3o de Eduardo e o &#8220;CEO do Brasil&#8221;<\/h3>\n\n\n\n<p class=\"wp-block-paragraph\">\u200bA temperatura pol\u00edtica subiu ap\u00f3s declara\u00e7\u00f5es de Eduardo Bolsonaro (PL-SP), que afirmou que Tarc\u00edsio &#8220;n\u00e3o tem a op\u00e7\u00e3o&#8221; de n\u00e3o apoiar a candidatura da fam\u00edlia, citando a lealdade devida ao padrinho pol\u00edtico que o elegeu.<\/p>\n\n\n\n<p class=\"wp-block-paragraph\">\u200bSomado a isso, um incidente envolvendo a primeira-dama paulista, Cristiane Freitas, gerou desconforto. Cristiane comentou em uma rede social que o Brasil precisaria de um &#8220;novo CEO&#8221;, referindo-se ao marido, coment\u00e1rio que foi curtido por Michelle Bolsonaro. O gesto foi visto como uma afronta por Fl\u00e1vio e Eduardo, aprofundando o desgaste entre as alas &#8220;raiz&#8221; e &#8220;moderada&#8221; do bolsonarismo.<\/p>\n\n\n\n<h3 class=\"wp-block-heading\">\u200bEstrat\u00e9gia de sobreviv\u00eancia e 2026<\/h3>\n\n\n\n<p class=\"wp-block-paragraph\">\u200bPara interlocutores do Pal\u00e1cio dos Bandeirantes, o recado de Tarc\u00edsio \u00e9 claro: ele mant\u00e9m a gratid\u00e3o e a lealdade pessoal a Jair Bolsonaro, mas n\u00e3o aceita ser &#8220;submisso&#8221; nem tutelado pelos filhos do ex-presidente. Ao evitar o encontro nesta quinta-feira (22), Tarc\u00edsio evitou ser palco de uma cobran\u00e7a p\u00fablica por engajamento na campanha de Fl\u00e1vio.<\/p>\n\n\n\n<p class=\"wp-block-paragraph\">\u200bEnquanto a fam\u00edlia Bolsonaro tenta fechar o cerco para garantir o controle do esp\u00f3lio pol\u00edtico da direita, Tarc\u00edsio de Freitas foca na gest\u00e3o de S\u00e3o Paulo e mant\u00e9m pontes com o centro e o mercado financeiro \u2014 setores que o enxergam como o nome mais competitivo para enfrentar o presidente Lula, apesar de sua insist\u00eancia em focar no governo estadual.<\/p>\n\n\n\n<p class=\"wp-block-paragraph\">\u200bA visita foi remarcada para a pr\u00f3xima quinta-feira (29), sob nova autoriza\u00e7\u00e3o do ministro Alexandre de Moraes (STF), mas o clima de desconfian\u00e7a m\u00fatua permanece como a t\u00f4nica da rela\u00e7\u00e3o entre o governador e o cl\u00e3 da Fl\u00f3rida.<\/p>\n","protected":false},"excerpt":{"rendered":"<p>\u200bO governador de S\u00e3o Paulo, Tarc\u00edsio de Freitas (Republicanos), enviou um recado silencioso, mas contundente, ao cl\u00e3 Bolsonaro nesta semana ao cancelar uma visita que [&#8230;]<\/p>\n","protected":false},"author":1,"featured_media":2356,"comment_status":"open","ping_status":"open","sticky":false,"template":"","format":"standard","meta":{"_crdt_document":"","_jetpack_memberships_contains_paid_content":false,"footnotes":"","jetpack_publicize_message":"","jetpack_publicize_feature_enabled":true,"jetpack_social_post_already_shared":true,"jetpack_social_options":{"image_generator_settings":{"template":"highway","default_image_id":0,"font":"","enabled":false},"version":2}},"categories":[7],"tags":[],"class_list":["post-2355","post","type-post","status-publish","format-standard","has-post-thumbnail","hentry","category-politica"],"jetpack_publicize_connections":[],"jetpack_featured_media_url":"https:\/\/i0.wp.com\/oexpressobr.com.br\/wp-content\/uploads\/2026\/01\/1D-2-54967970829_caeaf087a9_o.jpg.jpg?fit=1212%2C909&ssl=1","jetpack_likes_enabled":true,"jetpack_sharing_enabled":true,"_links":{"self":[{"href":"https:\/\/oexpressobr.com.br\/index.php?rest_route=\/wp\/v2\/posts\/2355","targetHints":{"allow":["GET"]}}],"collection":[{"href":"https:\/\/oexpressobr.com.br\/index.php?rest_route=\/wp\/v2\/posts"}],"about":[{"href":"https:\/\/oexpressobr.com.br\/index.php?rest_route=\/wp\/v2\/types\/post"}],"author":[{"embeddable":true,"href":"https:\/\/oexpressobr.com.br\/index.php?rest_route=\/wp\/v2\/users\/1"}],"replies":[{"embeddable":true,"href":"https:\/\/oexpressobr.com.br\/index.php?rest_route=%2Fwp%2Fv2%2Fcomments&post=2355"}],"version-history":[{"count":1,"href":"https:\/\/oexpressobr.com.br\/index.php?rest_route=\/wp\/v2\/posts\/2355\/revisions"}],"predecessor-version":[{"id":2357,"href":"https:\/\/oexpressobr.com.br\/index.php?rest_route=\/wp\/v2\/posts\/2355\/revisions\/2357"}],"wp:featuredmedia":[{"embeddable":true,"href":"https:\/\/oexpressobr.com.br\/index.php?rest_route=\/wp\/v2\/media\/2356"}],"wp:attachment":[{"href":"https:\/\/oexpressobr.com.br\/index.php?rest_route=%2Fwp%2Fv2%2Fmedia&parent=2355"}],"wp:term":[{"taxonomy":"category","embeddable":true,"href":"https:\/\/oexpressobr.com.br\/index.php?rest_route=%2Fwp%2Fv2%2Fcategories&post=2355"},{"taxonomy":"post_tag","embeddable":true,"href":"https:\/\/oexpressobr.com.br\/index.php?rest_route=%2Fwp%2Fv2%2Ftags&post=2355"}],"curies":[{"name":"wp","href":"https:\/\/api.w.org\/{rel}","templated":true}]}}