{"id":2363,"date":"2026-01-23T05:03:30","date_gmt":"2026-01-23T08:03:30","guid":{"rendered":"https:\/\/oexpressobr.com.br\/?p=2363"},"modified":"2026-01-23T05:03:31","modified_gmt":"2026-01-23T08:03:31","slug":"policiais-da-camara-sao-obrigados-a-acompanhar-caminhada-de-nikolas-ferreira","status":"publish","type":"post","link":"https:\/\/oexpressobr.com.br\/?p=2363","title":{"rendered":"Policiais da C\u00e2mara s\u00e3o obrigados a acompanhar caminhada de Nikolas Ferreira"},"content":{"rendered":"\n<p class=\"wp-block-paragraph\">\u200b<strong>Em meio a protestos contra a pris\u00e3o de Jair Bolsonaro e decis\u00f5es do Judici\u00e1rio, escolta da Pol\u00edcia Legislativa acompanha o deputado federal em trajeto de 240 km at\u00e9 Bras\u00edlia.<\/strong><\/p>\n\n\n\n<p class=\"wp-block-paragraph\">\u200b<strong>BRAS\u00cdLIA<\/strong> \u2013 O deputado federal Nikolas Ferreira (PL-MG) iniciou, no \u00faltimo dia 19 de janeiro, uma caminhada de aproximadamente 240 quil\u00f4metros partindo de Paracatu (MG) com destino \u00e0 capital federal. O ato, intitulado por aliados como &#8220;marcha pela liberdade&#8221;, conta com um elemento controverso: a presen\u00e7a obrigat\u00f3ria de agentes da Pol\u00edcia Legislativa da C\u00e2mara dos Deputados (Dpol) fazendo a escolta direta do parlamentar durante todo o percurso.<\/p>\n\n\n\n<p class=\"wp-block-paragraph\">\u200bA determina\u00e7\u00e3o para que os policiais acompanhem o deputado &#8220;aonde ele for&#8221; decorre de protocolos de seguran\u00e7a e amea\u00e7as reportadas pelo parlamentar. Embora o ato tenha um car\u00e1ter pol\u00edtico e pessoal, a estrutura da C\u00e2mara \u00e9 mobilizada para garantir a integridade f\u00edsica de Nikolas, o que tem gerado debates sobre o uso de recursos e pessoal do Poder Legislativo em manifesta\u00e7\u00f5es de rua de longa dura\u00e7\u00e3o.<\/p>\n\n\n\n<h3 class=\"wp-block-heading\">\u200bO movimento e o trajeto<\/h3>\n\n\n\n<p class=\"wp-block-paragraph\">\u200bA caminhada atravessa rodovias federais e estaduais, com previs\u00e3o de chegada \u00e0 Esplanada dos Minist\u00e9rios neste domingo, 25 de janeiro. Nikolas Ferreira afirma que o objetivo da marcha \u00e9 protestar contra a pris\u00e3o do ex-presidente Jair Bolsonaro \u2014 que cumpre pena no Complexo da Papuda por tentativa de golpe de Estado \u2014 e cobrar o avan\u00e7o de pautas como a &#8220;CPI do Banco Master&#8221; e a &#8220;CPI do INSS&#8221;.<\/p>\n\n\n\n<p class=\"wp-block-paragraph\">\u200bAl\u00e9m da Pol\u00edcia Legislativa, o movimento tem sido monitorado pela Pol\u00edcia Rodovi\u00e1ria Federal (PRF), que emitiu alertas sobre os riscos de seguran\u00e7a vi\u00e1ria. A corpora\u00e7\u00e3o chegou a sinalizar que o trajeto a p\u00e9 em rodovias de alta velocidade oferece perigo tanto aos manifestantes quanto aos motoristas. Em resposta, a equipe do deputado afirmou ter comunicado oficialmente as autoridades sobre o itiner\u00e1rio.<\/p>\n\n\n\n<h3 class=\"wp-block-heading\">\u200bApoio pol\u00edtico e estrutura<\/h3>\n\n\n\n<p class=\"wp-block-paragraph\">\u200bO parlamentar mineiro n\u00e3o est\u00e1 sozinho. Diversas figuras da oposi\u00e7\u00e3o, como os deputados Gustavo Gayer (PL-GO), Andr\u00e9 Fernandes (PL-CE) e o vereador Carlos Bolsonaro (PL-RJ), j\u00e1 marcaram presen\u00e7a em trechos do percurso. A mobiliza\u00e7\u00e3o ganha for\u00e7a nas redes sociais, onde Nikolas compartilha v\u00eddeos di\u00e1rios comparando sua jornada a marchas hist\u00f3ricas, como as de Martin Luther King e Gandhi, o que atraiu tanto elogios de apoiadores quanto cr\u00edticas severas de opositores.<\/p>\n\n\n\n<p class=\"wp-block-paragraph\">\u200bA escolta da Pol\u00edcia Legislativa deve permanecer com o deputado at\u00e9 o encerramento do ato em Bras\u00edlia, onde se espera uma concentra\u00e7\u00e3o de apoiadores para recepcionar a comitiva. At\u00e9 o momento, a presid\u00eancia da C\u00e2mara n\u00e3o se manifestou sobre eventuais custos extras ou o remanejamento do efetivo policial para a opera\u00e7\u00e3o externa.<\/p>\n","protected":false},"excerpt":{"rendered":"<p>\u200bEm meio a protestos contra a pris\u00e3o de Jair Bolsonaro e decis\u00f5es do Judici\u00e1rio, escolta da Pol\u00edcia Legislativa acompanha o deputado federal em trajeto de [&#8230;]<\/p>\n","protected":false},"author":1,"featured_media":2364,"comment_status":"open","ping_status":"open","sticky":false,"template":"","format":"standard","meta":{"_crdt_document":"","_jetpack_memberships_contains_paid_content":false,"footnotes":"","jetpack_publicize_message":"","jetpack_publicize_feature_enabled":true,"jetpack_social_post_already_shared":true,"jetpack_social_options":{"image_generator_settings":{"template":"highway","default_image_id":0,"font":"","enabled":false},"version":2}},"categories":[7],"tags":[],"class_list":["post-2363","post","type-post","status-publish","format-standard","has-post-thumbnail","hentry","category-politica"],"jetpack_publicize_connections":[],"jetpack_featured_media_url":"https:\/\/i0.wp.com\/oexpressobr.com.br\/wp-content\/uploads\/2026\/01\/img20250709181402161.jpg?fit=414%2C280&ssl=1","jetpack_likes_enabled":true,"jetpack_sharing_enabled":true,"_links":{"self":[{"href":"https:\/\/oexpressobr.com.br\/index.php?rest_route=\/wp\/v2\/posts\/2363","targetHints":{"allow":["GET"]}}],"collection":[{"href":"https:\/\/oexpressobr.com.br\/index.php?rest_route=\/wp\/v2\/posts"}],"about":[{"href":"https:\/\/oexpressobr.com.br\/index.php?rest_route=\/wp\/v2\/types\/post"}],"author":[{"embeddable":true,"href":"https:\/\/oexpressobr.com.br\/index.php?rest_route=\/wp\/v2\/users\/1"}],"replies":[{"embeddable":true,"href":"https:\/\/oexpressobr.com.br\/index.php?rest_route=%2Fwp%2Fv2%2Fcomments&post=2363"}],"version-history":[{"count":1,"href":"https:\/\/oexpressobr.com.br\/index.php?rest_route=\/wp\/v2\/posts\/2363\/revisions"}],"predecessor-version":[{"id":2365,"href":"https:\/\/oexpressobr.com.br\/index.php?rest_route=\/wp\/v2\/posts\/2363\/revisions\/2365"}],"wp:featuredmedia":[{"embeddable":true,"href":"https:\/\/oexpressobr.com.br\/index.php?rest_route=\/wp\/v2\/media\/2364"}],"wp:attachment":[{"href":"https:\/\/oexpressobr.com.br\/index.php?rest_route=%2Fwp%2Fv2%2Fmedia&parent=2363"}],"wp:term":[{"taxonomy":"category","embeddable":true,"href":"https:\/\/oexpressobr.com.br\/index.php?rest_route=%2Fwp%2Fv2%2Fcategories&post=2363"},{"taxonomy":"post_tag","embeddable":true,"href":"https:\/\/oexpressobr.com.br\/index.php?rest_route=%2Fwp%2Fv2%2Ftags&post=2363"}],"curies":[{"name":"wp","href":"https:\/\/api.w.org\/{rel}","templated":true}]}}