{"id":2366,"date":"2026-01-23T05:08:51","date_gmt":"2026-01-23T08:08:51","guid":{"rendered":"https:\/\/oexpressobr.com.br\/?p=2366"},"modified":"2026-01-23T05:08:52","modified_gmt":"2026-01-23T08:08:52","slug":"fachin-defende-atuacao-do-stf-e-de-toffoli-em-meio-a-desdobramentos-do-caso-banco-master","status":"publish","type":"post","link":"https:\/\/oexpressobr.com.br\/?p=2366","title":{"rendered":"Fachin defende atua\u00e7\u00e3o do STF e de Toffoli em meio a desdobramentos do caso Banco Master"},"content":{"rendered":"\n<p class=\"wp-block-paragraph\">O presidente do Supremo Tribunal Federal (STF), ministro Edson Fachin, saiu publicamente em defesa da integridade da Corte e da regularidade da atua\u00e7\u00e3o do ministro Dias Toffoli, relator do inqu\u00e9rito que investiga supostas fraudes envolvendo o Banco Master. Em nota oficial divulgada nesta quinta-feira (22), Fachin afirmou que o tribunal &#8220;n\u00e3o se curva a amea\u00e7as ou intimida\u00e7\u00f5es&#8221; e classificou as tentativas de desmoraliza\u00e7\u00e3o do Judici\u00e1rio como ataques \u00e0 pr\u00f3pria democracia.<\/p>\n\n\n\n<p class=\"wp-block-paragraph\">\u200bA manifesta\u00e7\u00e3o ocorre em um momento de alta tens\u00e3o institucional. O &#8220;Caso Master&#8221; ganhou contornos dram\u00e1ticos ap\u00f3s o Banco Central decretar a liquida\u00e7\u00e3o da institui\u00e7\u00e3o financeira em novembro de 2024, deixando milhares de investidores dependentes do Fundo Garantidor de Cr\u00e9dito (FGC). Desde ent\u00e3o, a condu\u00e7\u00e3o de Toffoli tem sido alvo de intensos questionamentos por parte de parlamentares da oposi\u00e7\u00e3o e de setores da Pol\u00edcia Federal.<\/p>\n\n\n\n<h3 class=\"wp-block-heading\">\u200bO centro da controv\u00e9rsia<\/h3>\n\n\n\n<p class=\"wp-block-paragraph\">\u200bAs cr\u00edticas a Dias Toffoli intensificaram-se ap\u00f3s decis\u00f5es que retiraram da Pol\u00edcia Federal a cust\u00f3dia de provas colhidas na Opera\u00e7\u00e3o Compliance Zero, transferindo a per\u00edcia t\u00e9cnica para a Procuradoria-Geral da Rep\u00fablica (PGR). Al\u00e9m disso, surgiram suspeitas levantadas por congressistas sobre supostos elos indiretos entre familiares do ministro e figuras ligadas ao banco, o que motivou pedidos de suspei\u00e7\u00e3o e impedimento.<\/p>\n\n\n\n<p class=\"wp-block-paragraph\">\u200bApesar da press\u00e3o, a PGR, sob o comando de Paulo Gonet, decidiu pelo arquivamento do pedido de afastamento de Toffoli, argumentando que n\u00e3o h\u00e1 elementos concretos que justifiquem a medida. Esse posicionamento foi elogiado pelo decano Gilmar Mendes, que refor\u00e7ou a tese de que as institui\u00e7\u00f5es est\u00e3o funcionando regularmente.<\/p>\n\n\n\n<h3 class=\"wp-block-heading\">\u200bA estrat\u00e9gia de Fachin<\/h3>\n\n\n\n<p class=\"wp-block-paragraph\">\u200bEdson Fachin, que chegou a antecipar seu retorno do recesso para gerenciar a crise de imagem da Corte, busca uma &#8220;sa\u00edda institucional&#8221;. Em sua nota, o presidente destacou:<\/p>\n\n\n\n<blockquote class=\"wp-block-quote is-layout-flow wp-block-quote-is-layout-flow\">\n<p class=\"wp-block-paragraph\">\u200b\u201cQuem almeja substituir a ousada pedagogia da prud\u00eancia pelo irrespons\u00e1vel primitivismo da pancada errou de endere\u00e7o. Transpar\u00eancia, \u00e9tica, credibilidade e respeitabilidade fazem bem ao Estado de Direito.\u201d<\/p>\n<\/blockquote>\n\n\n\n<p class=\"wp-block-paragraph\">\u200bParalelamente \u00e0 defesa de Toffoli, Fachin tem articulado a cria\u00e7\u00e3o de um novo <strong>C\u00f3digo de Conduta<\/strong> para os ministros. Ele defende que a magistratura precisa de balizas \u00e9ticas mais claras para lidar com a participa\u00e7\u00e3o em eventos e conflitos de interesse, mas ressaltou que n\u00e3o pretende impor regras &#8220;goela abaixo&#8221;, buscando o consenso entre seus pares.<\/p>\n\n\n\n<h3 class=\"wp-block-heading\">\u200bPr\u00f3ximos passos<\/h3>\n\n\n\n<p class=\"wp-block-paragraph\">\u200bO caso Banco Master segue como uma &#8220;bomba-rel\u00f3gio&#8221; no Judici\u00e1rio. Toffoli j\u00e1 marcou depoimentos cruciais para os dias 26 e 27 de janeiro, enquanto o Senado articula uma CPI para investigar o rombo financeiro e a atua\u00e7\u00e3o das autoridades reguladoras. No STF, o sentimento de &#8220;corpo&#8221; prevalece: ministros avaliam que ceder \u00e0 press\u00e3o externa para afastar um relator abriria um precedente perigoso para a autonomia da magistratura.<\/p>\n\n\n\n<p class=\"wp-block-paragraph\">\u200bA defesa de Fachin tenta, portanto, blindar o Supremo de uma nova crise de credibilidade, ao mesmo tempo em que sinaliza \u00e0 sociedade que eventuais falhas processuais ser\u00e3o examinadas dentro dos ritos legais, e n\u00e3o sob o &#8220;primitivismo da pancada&#8221;.<\/p>\n","protected":false},"excerpt":{"rendered":"<p>O presidente do Supremo Tribunal Federal (STF), ministro Edson Fachin, saiu publicamente em defesa da integridade da Corte e da regularidade da atua\u00e7\u00e3o do ministro [&#8230;]<\/p>\n","protected":false},"author":1,"featured_media":2367,"comment_status":"open","ping_status":"open","sticky":false,"template":"","format":"standard","meta":{"_crdt_document":"","_jetpack_memberships_contains_paid_content":false,"footnotes":"","jetpack_publicize_message":"","jetpack_publicize_feature_enabled":true,"jetpack_social_post_already_shared":true,"jetpack_social_options":{"image_generator_settings":{"template":"highway","default_image_id":0,"font":"","enabled":false},"version":2}},"categories":[8],"tags":[],"class_list":["post-2366","post","type-post","status-publish","format-standard","has-post-thumbnail","hentry","category-judiciario"],"jetpack_publicize_connections":[],"jetpack_featured_media_url":"https:\/\/i0.wp.com\/oexpressobr.com.br\/wp-content\/uploads\/2026\/01\/edson-fachin-STF-1.jpg?fit=414%2C280&ssl=1","jetpack_likes_enabled":true,"jetpack_sharing_enabled":true,"_links":{"self":[{"href":"https:\/\/oexpressobr.com.br\/index.php?rest_route=\/wp\/v2\/posts\/2366","targetHints":{"allow":["GET"]}}],"collection":[{"href":"https:\/\/oexpressobr.com.br\/index.php?rest_route=\/wp\/v2\/posts"}],"about":[{"href":"https:\/\/oexpressobr.com.br\/index.php?rest_route=\/wp\/v2\/types\/post"}],"author":[{"embeddable":true,"href":"https:\/\/oexpressobr.com.br\/index.php?rest_route=\/wp\/v2\/users\/1"}],"replies":[{"embeddable":true,"href":"https:\/\/oexpressobr.com.br\/index.php?rest_route=%2Fwp%2Fv2%2Fcomments&post=2366"}],"version-history":[{"count":1,"href":"https:\/\/oexpressobr.com.br\/index.php?rest_route=\/wp\/v2\/posts\/2366\/revisions"}],"predecessor-version":[{"id":2368,"href":"https:\/\/oexpressobr.com.br\/index.php?rest_route=\/wp\/v2\/posts\/2366\/revisions\/2368"}],"wp:featuredmedia":[{"embeddable":true,"href":"https:\/\/oexpressobr.com.br\/index.php?rest_route=\/wp\/v2\/media\/2367"}],"wp:attachment":[{"href":"https:\/\/oexpressobr.com.br\/index.php?rest_route=%2Fwp%2Fv2%2Fmedia&parent=2366"}],"wp:term":[{"taxonomy":"category","embeddable":true,"href":"https:\/\/oexpressobr.com.br\/index.php?rest_route=%2Fwp%2Fv2%2Fcategories&post=2366"},{"taxonomy":"post_tag","embeddable":true,"href":"https:\/\/oexpressobr.com.br\/index.php?rest_route=%2Fwp%2Fv2%2Ftags&post=2366"}],"curies":[{"name":"wp","href":"https:\/\/api.w.org\/{rel}","templated":true}]}}