{"id":2369,"date":"2026-01-23T05:15:17","date_gmt":"2026-01-23T08:15:17","guid":{"rendered":"https:\/\/oexpressobr.com.br\/?p=2369"},"modified":"2026-01-23T05:15:18","modified_gmt":"2026-01-23T08:15:18","slug":"a-indicacao-historica-de-wagner-moura-ao-oscar-2026-e-a-esquete-acida-do-porta-dos-fundos-que-dividiu-a-internet","status":"publish","type":"post","link":"https:\/\/oexpressobr.com.br\/?p=2369","title":{"rendered":"A indica\u00e7\u00e3o hist\u00f3rica de Wagner Moura ao Oscar 2026 e a esquete \u00e1cida do Porta dos Fundos que dividiu a internet"},"content":{"rendered":"\n<p class=\"wp-block-paragraph\">A corrida pelo Oscar 2026 ganhou um tempero tipicamente brasileiro e altamente inflam\u00e1vel nesta semana. Ap\u00f3s o an\u00fancio oficial da Academia de Artes e Ci\u00eancias Cinematogr\u00e1ficas, que confirmou a indica\u00e7\u00e3o de <strong>Wagner Moura<\/strong> \u00e0 categoria de Melhor Ator por seu papel em <em>&#8220;O Agente Secreto&#8221;<\/em>, o grupo humor\u00edstico <strong>Porta dos Fundos<\/strong> lan\u00e7ou a esquete &#8220;Wagner Moura Ingrato&#8221;, desencadeando uma onda de debates sobre pol\u00edtica, cinema e os limites da s\u00e1tira.<\/p>\n\n\n\n<h3 class=\"wp-block-heading\">\u200bA pol\u00eamica: Humor ou provoca\u00e7\u00e3o pol\u00edtica?<\/h3>\n\n\n\n<p class=\"wp-block-paragraph\">\u200bProtagonizado por <strong>F\u00e1bio Porchat<\/strong>, o v\u00eddeo ironiza a tem\u00e1tica recorrente de filmes brasileiros que abordam o per\u00edodo da ditadura militar \u2014 o exato pano de fundo do longa dirigido por Kleber Mendon\u00e7a Filho, que rendeu a indica\u00e7\u00e3o a Moura. Na s\u00e1tira, Porchat interpreta uma figura que exige gratid\u00e3o dos artistas, sugerindo que atores como Wagner Moura e m\u00fasicos como Caetano Veloso s\u00f3 alcan\u00e7aram o sucesso gra\u00e7as ao &#8220;legado&#8221; deixado pelos militares, fornecendo conte\u00fado para suas obras.<\/p>\n\n\n\n<p class=\"wp-block-paragraph\">\u200bA esquete n\u00e3o poupou cr\u00edticas aos editais de fomento \u00e0 cultura e at\u00e9 mencionou os eventos de 8 de janeiro, o que provocou rea\u00e7\u00f5es imediatas. De um lado, internautas aplaudiram a acidez do grupo em expor contradi\u00e7\u00f5es do cen\u00e1rio pol\u00edtico-cultural; de outro, grupos ligados a militares e setores conservadores receberam o conte\u00fado como um &#8220;abuso&#8221; e uma desonra \u00e0s institui\u00e7\u00f5es.<\/p>\n\n\n\n<h3 class=\"wp-block-heading\">\u200bWagner Moura: Do Globo de Ouro \u00e0 elite de Hollywood<\/h3>\n\n\n\n<p class=\"wp-block-paragraph\">\u200bEnquanto o humor gera fa\u00edscas no Brasil, a carreira internacional de Wagner Moura vive seu apogeu. A indica\u00e7\u00e3o ao Oscar, confirmada na \u00faltima quinta-feira (22), veio na esteira de uma vit\u00f3ria hist\u00f3rica no <strong>Globo de Ouro<\/strong>, onde o baiano desbancou nomes como Leonardo DiCaprio e Timoth\u00e9e Chalamet para levar o pr\u00eamio de Melhor Ator em Drama.<\/p>\n\n\n\n<p class=\"wp-block-paragraph\">\u200b<em>&#8220;O Agente Secreto&#8221;<\/em> tornou-se um fen\u00f4meno de cr\u00edtica, garantindo ao Brasil n\u00e3o apenas a chance de atua\u00e7\u00e3o, mas tamb\u00e9m indica\u00e7\u00f5es em categorias t\u00e9cnicas e a de Melhor Filme Internacional. A rea\u00e7\u00e3o de colegas de profiss\u00e3o na cerim\u00f4nia do Globo de Ouro, como o semblante de surpresa de <strong>Oscar Isaac<\/strong> e o entusiasmo de <strong>The Rock<\/strong>, j\u00e1 havia viralizado, pavimentando o caminho para o burburinho que agora culmina com a lista da Academia.<\/p>\n\n\n\n<h3 class=\"wp-block-heading\">\u200bO cen\u00e1rio atual<\/h3>\n\n\n\n<p class=\"wp-block-paragraph\">\u200bA indica\u00e7\u00e3o de Moura \u00e9 a primeira de um brasileiro na categoria de Melhor Ator, quebrando um jejum e consolidando o cinema nacional no mercado global ap\u00f3s o sucesso de Fernanda Torres com <em>&#8220;Ainda Estou Aqui&#8221;<\/em> no ano anterior.<\/p>\n\n\n\n<p class=\"wp-block-paragraph\">\u200bA pol\u00eamica do Porta dos Fundos, embora local, reflete a polariza\u00e7\u00e3o que ainda cerca obras que tocam em feridas hist\u00f3ricas do pa\u00eds. Wagner Moura, em seus discursos de agradecimento, tem refor\u00e7ado a import\u00e2ncia da mem\u00f3ria e da cultura brasileira: <em>&#8220;A gente j\u00e1 foi longe. Este filme \u00e9 sobre a nossa mem\u00f3ria, ou a falta dela&#8221;<\/em>, afirmou o ator ap\u00f3s sua \u00faltima vit\u00f3ria.<\/p>\n\n\n\n<p class=\"wp-block-paragraph\">\u200bA cerim\u00f4nia do Oscar 2026 est\u00e1 marcada para o dia 15 de mar\u00e7o, e at\u00e9 l\u00e1, o Brasil segue entre memes, cr\u00edticas e uma torcida fervorosa por sua primeira estatueta de atua\u00e7\u00e3o.<\/p>\n","protected":false},"excerpt":{"rendered":"<p>A corrida pelo Oscar 2026 ganhou um tempero tipicamente brasileiro e altamente inflam\u00e1vel nesta semana. Ap\u00f3s o an\u00fancio oficial da Academia de Artes e Ci\u00eancias [&#8230;]<\/p>\n","protected":false},"author":1,"featured_media":2370,"comment_status":"open","ping_status":"open","sticky":false,"template":"","format":"standard","meta":{"_crdt_document":"","_jetpack_memberships_contains_paid_content":false,"footnotes":"","jetpack_publicize_message":"","jetpack_publicize_feature_enabled":true,"jetpack_social_post_already_shared":true,"jetpack_social_options":{"image_generator_settings":{"template":"highway","default_image_id":0,"font":"","enabled":false},"version":2}},"categories":[31],"tags":[],"class_list":["post-2369","post","type-post","status-publish","format-standard","has-post-thumbnail","hentry","category-entretenimento"],"jetpack_publicize_connections":[],"jetpack_featured_media_url":"https:\/\/i0.wp.com\/oexpressobr.com.br\/wp-content\/uploads\/2026\/01\/VS-YouTube-WAGNERMOURAINGRATO-000-2.jpg?fit=414%2C280&ssl=1","jetpack_likes_enabled":true,"jetpack_sharing_enabled":true,"_links":{"self":[{"href":"https:\/\/oexpressobr.com.br\/index.php?rest_route=\/wp\/v2\/posts\/2369","targetHints":{"allow":["GET"]}}],"collection":[{"href":"https:\/\/oexpressobr.com.br\/index.php?rest_route=\/wp\/v2\/posts"}],"about":[{"href":"https:\/\/oexpressobr.com.br\/index.php?rest_route=\/wp\/v2\/types\/post"}],"author":[{"embeddable":true,"href":"https:\/\/oexpressobr.com.br\/index.php?rest_route=\/wp\/v2\/users\/1"}],"replies":[{"embeddable":true,"href":"https:\/\/oexpressobr.com.br\/index.php?rest_route=%2Fwp%2Fv2%2Fcomments&post=2369"}],"version-history":[{"count":1,"href":"https:\/\/oexpressobr.com.br\/index.php?rest_route=\/wp\/v2\/posts\/2369\/revisions"}],"predecessor-version":[{"id":2371,"href":"https:\/\/oexpressobr.com.br\/index.php?rest_route=\/wp\/v2\/posts\/2369\/revisions\/2371"}],"wp:featuredmedia":[{"embeddable":true,"href":"https:\/\/oexpressobr.com.br\/index.php?rest_route=\/wp\/v2\/media\/2370"}],"wp:attachment":[{"href":"https:\/\/oexpressobr.com.br\/index.php?rest_route=%2Fwp%2Fv2%2Fmedia&parent=2369"}],"wp:term":[{"taxonomy":"category","embeddable":true,"href":"https:\/\/oexpressobr.com.br\/index.php?rest_route=%2Fwp%2Fv2%2Fcategories&post=2369"},{"taxonomy":"post_tag","embeddable":true,"href":"https:\/\/oexpressobr.com.br\/index.php?rest_route=%2Fwp%2Fv2%2Ftags&post=2369"}],"curies":[{"name":"wp","href":"https:\/\/api.w.org\/{rel}","templated":true}]}}