{"id":2372,"date":"2026-01-23T05:20:34","date_gmt":"2026-01-23T08:20:34","guid":{"rendered":"https:\/\/oexpressobr.com.br\/?p=2372"},"modified":"2026-01-23T05:20:35","modified_gmt":"2026-01-23T08:20:35","slug":"justica-mineira-condena-estado-por-prisao-de-servente-apos-confusao-com-apelido","status":"publish","type":"post","link":"https:\/\/oexpressobr.com.br\/?p=2372","title":{"rendered":"JUSTI\u00c7A mineira condena Estado por pris\u00e3o de servente ap\u00f3s confus\u00e3o com apelido"},"content":{"rendered":"\n<p class=\"wp-block-paragraph\">A 1\u00aa C\u00e2mara C\u00edvel do Tribunal de Justi\u00e7a de Minas Gerais (TJMG) confirmou, nesta semana, a condena\u00e7\u00e3o do Estado ao pagamento de uma indeniza\u00e7\u00e3o de <strong>R$ 20 mil<\/strong> por danos morais a um servente de pedreiro preso indevidamente. O erro judici\u00e1rio ocorreu devido \u00e0 coincid\u00eancia de apelidos entre o trabalhador e um suspeito de homic\u00eddio.<\/p>\n\n\n\n<p class=\"wp-block-paragraph\">\u200bO caso, que tramita sob o n\u00famero <strong>1.0000.25.338926-6\/001<\/strong>, reacende o debate sobre falhas na identifica\u00e7\u00e3o de investigados e a responsabilidade civil do Estado em casos de priva\u00e7\u00e3o injusta de liberdade.<\/p>\n\n\n\n<h3 class=\"wp-block-heading\">\u200bO erro: Mais do que apenas um apelido<\/h3>\n\n\n\n<p class=\"wp-block-paragraph\">\u200bA pris\u00e3o ocorreu em junho de 2022, na cidade de <strong>Varginha<\/strong>, no Sul de Minas. O homem foi detido durante as investiga\u00e7\u00f5es de um homic\u00eddio ocorrido no ano anterior em Campos Gerais. Segundo o processo, a Pol\u00edcia Civil baseou a identifica\u00e7\u00e3o quase exclusivamente no <strong>apelido<\/strong> do suspeito.<\/p>\n\n\n\n<p class=\"wp-block-paragraph\">\u200bAs coincid\u00eancias, no entanto, iam al\u00e9m da alcunha:<\/p>\n\n\n\n<ul class=\"wp-block-list\">\n<li>\u200b<strong>Namoradas:<\/strong> Curiosamente, tanto o servente quanto o verdadeiro criminoso tinham namoradas com nomes semelhantes.<\/li>\n\n\n\n<li>\u200b<strong>Falta de Checagem:<\/strong> Os agentes n\u00e3o realizaram o cruzamento de dados b\u00e1sicos de identifica\u00e7\u00e3o civil (como RG ou CPF) antes de efetuar a pris\u00e3o.<\/li>\n<\/ul>\n\n\n\n<p class=\"wp-block-paragraph\">\u200bO trabalhador permaneceu <strong>30 dias detido<\/strong> injustamente. A liberdade s\u00f3 foi concedida ap\u00f3s a Pol\u00edcia Civil receber den\u00fancias an\u00f4nimas que apontaram o verdadeiro paradeiro do suspeito, confirmando que o homem preso em Varginha n\u00e3o possu\u00eda qualquer rela\u00e7\u00e3o com o crime.<\/p>\n\n\n\n<h3 class=\"wp-block-heading\">\u200bDecis\u00e3o judicial e precedentes<\/h3>\n\n\n\n<p class=\"wp-block-paragraph\">\u200bEm primeira inst\u00e2ncia, o pedido de indeniza\u00e7\u00e3o havia sido negado sob o argumento de que a pris\u00e3o cautelar fazia parte dos tr\u00e2mites legais de investiga\u00e7\u00e3o. No entanto, ao recorrer ao TJMG, os desembargadores reformaram a senten\u00e7a.<\/p>\n\n\n\n<p class=\"wp-block-paragraph\">\u200bO relator do caso, desembargador <strong>Marcelo Rodrigues<\/strong>, classificou o epis\u00f3dio como um <strong>&#8220;erro grosseiro&#8221;<\/strong>. Em seu voto, acompanhado pelos desembargadores Juliana Campos Horta e M\u00e1rcio Idalmo Santos Miranda, destacou que a responsabilidade do Estado \u00e9 objetiva.<\/p>\n\n\n\n<blockquote class=\"wp-block-quote is-layout-flow wp-block-quote-is-layout-flow\">\n<p class=\"wp-block-paragraph\">\u200b&#8221;A aus\u00eancia de cautela e de verifica\u00e7\u00e3o pr\u00e9via de elementos objetivos evidenciou a falha administrativa. Dinheiro nenhum paga o que ele passou, mas a indeniza\u00e7\u00e3o cumpre fun\u00e7\u00e3o pedag\u00f3gica&#8221;, apontou a decis\u00e3o.<\/p>\n<\/blockquote>\n\n\n\n<h3 class=\"wp-block-heading\">\u200bContexto: Outros casos de homon\u00edmia em 2025\/2026<\/h3>\n\n\n\n<p class=\"wp-block-paragraph\">\u200bEste n\u00e3o \u00e9 um caso isolado em Minas Gerais. Em agosto de 2025, a Defensoria P\u00fablica de Minas Gerais atuou na liberta\u00e7\u00e3o de um mineiro de 52 anos que ficou <strong>dois meses preso<\/strong> em Belo Horizonte por ser hom\u00f4nimo de um foragido de Alagoas. Naquela ocasi\u00e3o, mesmo com o n\u00famero de RG diferente, o sistema de justi\u00e7a manteve a cust\u00f3dia por semanas antes de reconhecer o equ\u00edvoco.<\/p>\n\n\n\n<h3 class=\"wp-block-heading\">Pr\u00f3ximos Passos<\/h3>\n\n\n\n<p class=\"wp-block-paragraph\">\u200bA decis\u00e3o de segunda inst\u00e2ncia ainda cabe recurso por parte da Advocacia-Geral do Estado (AGE), que pode questionar o valor fixado ou a interpreta\u00e7\u00e3o do dano. Especialistas indicam que casos assim refor\u00e7am a necessidade de moderniza\u00e7\u00e3o dos bancos de dados das pol\u00edcias civis para evitar que apelidos sobreponham documentos oficiais.<\/p>\n","protected":false},"excerpt":{"rendered":"<p>A 1\u00aa C\u00e2mara C\u00edvel do Tribunal de Justi\u00e7a de Minas Gerais (TJMG) confirmou, nesta semana, a condena\u00e7\u00e3o do Estado ao pagamento de uma indeniza\u00e7\u00e3o de [&#8230;]<\/p>\n","protected":false},"author":1,"featured_media":2373,"comment_status":"open","ping_status":"open","sticky":false,"template":"","format":"standard","meta":{"_crdt_document":"","_jetpack_memberships_contains_paid_content":false,"footnotes":"","jetpack_publicize_message":"","jetpack_publicize_feature_enabled":true,"jetpack_social_post_already_shared":true,"jetpack_social_options":{"image_generator_settings":{"template":"highway","default_image_id":0,"font":"","enabled":false},"version":2}},"categories":[8],"tags":[],"class_list":["post-2372","post","type-post","status-publish","format-standard","has-post-thumbnail","hentry","category-judiciario"],"jetpack_publicize_connections":[],"jetpack_featured_media_url":"https:\/\/i0.wp.com\/oexpressobr.com.br\/wp-content\/uploads\/2026\/01\/IMG-20260123-WA0069.jpg?fit=1600%2C1002&ssl=1","jetpack_likes_enabled":true,"jetpack_sharing_enabled":true,"_links":{"self":[{"href":"https:\/\/oexpressobr.com.br\/index.php?rest_route=\/wp\/v2\/posts\/2372","targetHints":{"allow":["GET"]}}],"collection":[{"href":"https:\/\/oexpressobr.com.br\/index.php?rest_route=\/wp\/v2\/posts"}],"about":[{"href":"https:\/\/oexpressobr.com.br\/index.php?rest_route=\/wp\/v2\/types\/post"}],"author":[{"embeddable":true,"href":"https:\/\/oexpressobr.com.br\/index.php?rest_route=\/wp\/v2\/users\/1"}],"replies":[{"embeddable":true,"href":"https:\/\/oexpressobr.com.br\/index.php?rest_route=%2Fwp%2Fv2%2Fcomments&post=2372"}],"version-history":[{"count":1,"href":"https:\/\/oexpressobr.com.br\/index.php?rest_route=\/wp\/v2\/posts\/2372\/revisions"}],"predecessor-version":[{"id":2374,"href":"https:\/\/oexpressobr.com.br\/index.php?rest_route=\/wp\/v2\/posts\/2372\/revisions\/2374"}],"wp:featuredmedia":[{"embeddable":true,"href":"https:\/\/oexpressobr.com.br\/index.php?rest_route=\/wp\/v2\/media\/2373"}],"wp:attachment":[{"href":"https:\/\/oexpressobr.com.br\/index.php?rest_route=%2Fwp%2Fv2%2Fmedia&parent=2372"}],"wp:term":[{"taxonomy":"category","embeddable":true,"href":"https:\/\/oexpressobr.com.br\/index.php?rest_route=%2Fwp%2Fv2%2Fcategories&post=2372"},{"taxonomy":"post_tag","embeddable":true,"href":"https:\/\/oexpressobr.com.br\/index.php?rest_route=%2Fwp%2Fv2%2Ftags&post=2372"}],"curies":[{"name":"wp","href":"https:\/\/api.w.org\/{rel}","templated":true}]}}