{"id":2375,"date":"2026-01-23T05:25:54","date_gmt":"2026-01-23T08:25:54","guid":{"rendered":"https:\/\/oexpressobr.com.br\/?p=2375"},"modified":"2026-01-23T05:25:54","modified_gmt":"2026-01-23T08:25:54","slug":"familia-denuncia-troca-de-corpos-no-hospital-metropolitano-em-santa-rita","status":"publish","type":"post","link":"https:\/\/oexpressobr.com.br\/?p=2375","title":{"rendered":"Fam\u00edlia denuncia troca de corpos no Hospital Metropolitano em Santa Rita"},"content":{"rendered":"\n<p class=\"wp-block-paragraph\">Um caso estarrecedor mobilizou a Pol\u00edcia Civil na Grande Jo\u00e3o Pessoa nesta quinta-feira (22). A fam\u00edlia de <strong>Jos\u00e9 Pereira<\/strong>, de 74 anos, denunciou que o corpo entregue para o vel\u00f3rio, em <strong>Santa Rita<\/strong>, n\u00e3o era o do idoso, que havia falecido ap\u00f3s um procedimento card\u00edaco. O erro s\u00f3 foi percebido durante a prepara\u00e7\u00e3o da cerim\u00f4nia f\u00fanebre, causando choque entre os parentes.<\/p>\n\n\n\n<h3 class=\"wp-block-heading\">\u200bO erro descoberto no vel\u00f3rio<\/h3>\n\n\n\n<p class=\"wp-block-paragraph\">\u200bDe acordo com relatos de <strong>Jennifer Pereira<\/strong>, filha da v\u00edtima, \u00e0 imprensa local, o reconhecimento oficial havia sido feito por ela e uma prima ainda no hospital. No entanto, ao receberem o caix\u00e3o para o vel\u00f3rio, notaram que as caracter\u00edsticas f\u00edsicas do homem n\u00e3o correspondiam \u00e0s de Jos\u00e9 Pereira.<\/p>\n\n\n\n<p class=\"wp-block-paragraph\">\u200bA suspeita \u00e9 de que tenha ocorrido uma troca com o corpo de outro paciente, identificado como <strong>Waldeci Batista<\/strong>. Ao buscarem informa\u00e7\u00f5es com a fam\u00edlia de Waldeci, os parentes de Jos\u00e9 descobriram que o outro sepultamento j\u00e1 havia, inclusive, sido realizado.<\/p>\n\n\n\n<h3 class=\"wp-block-heading\">\u200bPosicionamento das institui\u00e7\u00f5es<\/h3>\n\n\n\n<p class=\"wp-block-paragraph\">\u200bDiante da gravidade da situa\u00e7\u00e3o, o <strong>Hospital Metropolitano Dom Jos\u00e9 Maria Pires<\/strong>, unidade onde ocorreu o \u00f3bito, emitiu uma nota oficial sobre o ocorrido:<\/p>\n\n\n\n<ul class=\"wp-block-list\">\n<li>\u200b<strong>A unidade afirma:<\/strong> Que realizou as verifica\u00e7\u00f5es internas e que o corpo foi corretamente identificado e liberado para a funer\u00e1ria seguindo todos os fluxos t\u00e9cnicos e legais.<\/li>\n\n\n\n<li>\u200b<strong>Investiga\u00e7\u00e3o:<\/strong> O hospital declarou estar \u00e0 disposi\u00e7\u00e3o das autoridades e da fam\u00edlia para esclarecimentos adicionais, refor\u00e7ando que os procedimentos sob sua responsabilidade foram executados de maneira adequada.<\/li>\n<\/ul>\n\n\n\n<h3 class=\"wp-block-heading\">\u200bPr\u00f3ximos passos legais<\/h3>\n\n\n\n<p class=\"wp-block-paragraph\">\u200bA fam\u00edlia registrou um boletim de ocorr\u00eancia na <strong>Central de Pol\u00edcia<\/strong>. O caso agora segue sob investiga\u00e7\u00e3o para determinar se a falha ocorreu no necrot\u00e9rio da unidade hospitalar ou durante o servi\u00e7o prestado pelas funer\u00e1rias envolvidas. Caso a troca seja confirmada judicialmente, ser\u00e1 necess\u00e1ria uma autoriza\u00e7\u00e3o para a exuma\u00e7\u00e3o do corpo sepultado indevidamente para que as fam\u00edlias possam realizar os ritos f\u00fanebres corretos.<\/p>\n","protected":false},"excerpt":{"rendered":"<p>Um caso estarrecedor mobilizou a Pol\u00edcia Civil na Grande Jo\u00e3o Pessoa nesta quinta-feira (22). A fam\u00edlia de Jos\u00e9 Pereira, de 74 anos, denunciou que o [&#8230;]<\/p>\n","protected":false},"author":1,"featured_media":2376,"comment_status":"open","ping_status":"open","sticky":false,"template":"","format":"standard","meta":{"_crdt_document":"","_jetpack_memberships_contains_paid_content":false,"footnotes":"","jetpack_publicize_message":"","jetpack_publicize_feature_enabled":true,"jetpack_social_post_already_shared":true,"jetpack_social_options":{"image_generator_settings":{"template":"highway","default_image_id":0,"font":"","enabled":false},"version":2}},"categories":[16],"tags":[],"class_list":["post-2375","post","type-post","status-publish","format-standard","has-post-thumbnail","hentry","category-denuncia"],"jetpack_publicize_connections":[],"jetpack_featured_media_url":"https:\/\/i0.wp.com\/oexpressobr.com.br\/wp-content\/uploads\/2026\/01\/IMG-20260123-WA0070.jpg?fit=1600%2C900&ssl=1","jetpack_likes_enabled":true,"jetpack_sharing_enabled":true,"_links":{"self":[{"href":"https:\/\/oexpressobr.com.br\/index.php?rest_route=\/wp\/v2\/posts\/2375","targetHints":{"allow":["GET"]}}],"collection":[{"href":"https:\/\/oexpressobr.com.br\/index.php?rest_route=\/wp\/v2\/posts"}],"about":[{"href":"https:\/\/oexpressobr.com.br\/index.php?rest_route=\/wp\/v2\/types\/post"}],"author":[{"embeddable":true,"href":"https:\/\/oexpressobr.com.br\/index.php?rest_route=\/wp\/v2\/users\/1"}],"replies":[{"embeddable":true,"href":"https:\/\/oexpressobr.com.br\/index.php?rest_route=%2Fwp%2Fv2%2Fcomments&post=2375"}],"version-history":[{"count":1,"href":"https:\/\/oexpressobr.com.br\/index.php?rest_route=\/wp\/v2\/posts\/2375\/revisions"}],"predecessor-version":[{"id":2377,"href":"https:\/\/oexpressobr.com.br\/index.php?rest_route=\/wp\/v2\/posts\/2375\/revisions\/2377"}],"wp:featuredmedia":[{"embeddable":true,"href":"https:\/\/oexpressobr.com.br\/index.php?rest_route=\/wp\/v2\/media\/2376"}],"wp:attachment":[{"href":"https:\/\/oexpressobr.com.br\/index.php?rest_route=%2Fwp%2Fv2%2Fmedia&parent=2375"}],"wp:term":[{"taxonomy":"category","embeddable":true,"href":"https:\/\/oexpressobr.com.br\/index.php?rest_route=%2Fwp%2Fv2%2Fcategories&post=2375"},{"taxonomy":"post_tag","embeddable":true,"href":"https:\/\/oexpressobr.com.br\/index.php?rest_route=%2Fwp%2Fv2%2Ftags&post=2375"}],"curies":[{"name":"wp","href":"https:\/\/api.w.org\/{rel}","templated":true}]}}