{"id":2378,"date":"2026-01-23T05:31:01","date_gmt":"2026-01-23T08:31:01","guid":{"rendered":"https:\/\/oexpressobr.com.br\/?p=2378"},"modified":"2026-01-23T05:31:02","modified_gmt":"2026-01-23T08:31:02","slug":"pgr-arquiva-pedido-de-deputados-da-oposicao-contra-dias-toffoli-no-caso-banco-master","status":"publish","type":"post","link":"https:\/\/oexpressobr.com.br\/?p=2378","title":{"rendered":"PGR arquiva pedido de deputados da oposi\u00e7\u00e3o contra Dias Toffoli no caso Banco Master"},"content":{"rendered":"\n<p class=\"wp-block-paragraph\">O Procurador-Geral da Rep\u00fablica, <strong>Paulo Gonet<\/strong>, decidiu nesta quinta-feira (22 de janeiro de 2026) pelo arquivamento do pedido protocolado por parlamentares da oposi\u00e7\u00e3o que buscavam o afastamento do ministro <strong>Dias Toffoli<\/strong>, do Supremo Tribunal Federal (STF), da relatoria do processo envolvendo o <strong>Banco Master<\/strong>.<\/p>\n\n\n\n<h3 class=\"wp-block-heading\">\u200bEntenda o caso e os argumentos apresentados<\/h3>\n\n\n\n<p class=\"wp-block-paragraph\">\u200bA representa\u00e7\u00e3o foi encabe\u00e7ada pelos deputados <strong>Caroline de Toni (PL-SC)<\/strong>, <strong>Carlos Jordy (PL-RJ)<\/strong> e <strong>Adriana Ventura (Novo-SP)<\/strong>. O grupo alegava a exist\u00eancia de um conflito de interesses e pedia a declara\u00e7\u00e3o de suspei\u00e7\u00e3o e impedimento de Toffoli com base em dois pilares principais:<\/p>\n\n\n\n<ul class=\"wp-block-list\">\n<li>\u200b<strong>Viagem em jatinho particular:<\/strong> O ministro viajou para Lima, no Peru, para assistir \u00e0 final da Libertadores, na mesma aeronave que o advogado <strong>Augusto de Arruda Botelho<\/strong>, defensor de executivos ligados ao Banco Master.<\/li>\n\n\n\n<li>\u200b<strong>Rela\u00e7\u00f5es comerciais familiares:<\/strong> Reportagens recentes indicaram que familiares do magistrado teriam negociado cotas de um resort no Paran\u00e1 com um fundo ligado \u00e0 <strong>Reag Investimentos<\/strong>, empresa que estaria conectada \u00e0 rede de neg\u00f3cios do Banco Master.<\/li>\n<\/ul>\n\n\n\n<h3 class=\"wp-block-heading\">\u200bA decis\u00e3o da Procuradoria-Geral da Rep\u00fablica<\/h3>\n\n\n\n<p class=\"wp-block-paragraph\">\u200bEm seu despacho, Paulo Gonet afirmou que n\u00e3o h\u00e1 provid\u00eancias a serem tomadas pela PGR no momento. A avalia\u00e7\u00e3o t\u00e9cnica do \u00f3rg\u00e3o \u00e9 de que os fatos narrados, at\u00e9 agora, baseiam-se majoritariamente em not\u00edcias veiculadas pela imprensa e n\u00e3o possuem elementos probat\u00f3rios suficientes nos autos para justificar o afastamento de um ministro da Corte.<\/p>\n\n\n\n<p class=\"wp-block-paragraph\">\u200bIntegrantes da c\u00fapula da PGR tamb\u00e9m ponderaram que tentativas similares de afastar ministros durante a Opera\u00e7\u00e3o Lava Jato resultaram em nulidades processuais e inseguran\u00e7a jur\u00eddica, o que refor\u00e7ou a cautela na an\u00e1lise atual.<\/p>\n\n\n\n<h3 class=\"wp-block-heading\">\u200bRea\u00e7\u00f5es e o contexto da &#8220;Opera\u00e7\u00e3o Compliance Zero&#8221;<\/h3>\n\n\n\n<p class=\"wp-block-paragraph\">\u200bA decis\u00e3o de Gonet foi defendida pelo decano do STF, ministro <strong>Gilmar Mendes<\/strong>, que classificou o arquivamento como uma demonstra\u00e7\u00e3o do &#8220;funcionamento regular das institui\u00e7\u00f5es&#8221;. O ministro <strong>Edson Fachin<\/strong> tamb\u00e9m manifestou apoio \u00e0 atua\u00e7\u00e3o de Toffoli, afirmando que o tribunal n\u00e3o se curvar\u00e1 a press\u00f5es externas.<\/p>\n\n\n\n<p class=\"wp-block-paragraph\">\u200bEnquanto isso, a investiga\u00e7\u00e3o sobre o Banco Master \u2014 agora sob a <strong>Opera\u00e7\u00e3o Compliance Zero<\/strong> \u2014 ganha novos contornos:<\/p>\n\n\n\n<ol class=\"wp-block-list\">\n<li>\u200b<strong>Liquida\u00e7\u00e3o Extrajudicial:<\/strong> O Banco Central decretou a liquida\u00e7\u00e3o de institui\u00e7\u00f5es ligadas ao grupo, como a Will Financeira, por insolv\u00eancia.<\/li>\n\n\n\n<li>\u200b<strong>Quebra de Sigilo:<\/strong> Recentemente, Toffoli autorizou a quebra de sigilo fiscal e banc\u00e1rio de diversos investigados e o bloqueio de at\u00e9 <strong>R$ 5,7 bilh\u00f5es<\/strong> em bens.<\/li>\n\n\n\n<li>\u200b<strong>Conflitos com a PF:<\/strong> O caso tamb\u00e9m registra tens\u00f5es entre o ministro e a Pol\u00edcia Federal, ap\u00f3s Toffoli determinar que provas apreendidas fossem entregues lacradas ao STF antes da an\u00e1lise pericial, decis\u00e3o que ele reconsiderou posteriormente.<\/li>\n<\/ol>\n\n\n\n<p class=\"wp-block-paragraph\">\u200bA oposi\u00e7\u00e3o j\u00e1 sinalizou que pretende apresentar novos pedidos de suspei\u00e7\u00e3o com &#8220;elementos in\u00e9ditos&#8221; e focar os esfor\u00e7os em uma <strong>CPMI no Congresso<\/strong> para investigar o que chamam de &#8220;maior esc\u00e2ndalo banc\u00e1rio da hist\u00f3ria recente&#8221;.<\/p>\n","protected":false},"excerpt":{"rendered":"<p>O Procurador-Geral da Rep\u00fablica, Paulo Gonet, decidiu nesta quinta-feira (22 de janeiro de 2026) pelo arquivamento do pedido protocolado por parlamentares da oposi\u00e7\u00e3o que buscavam [&#8230;]<\/p>\n","protected":false},"author":1,"featured_media":2379,"comment_status":"open","ping_status":"open","sticky":false,"template":"","format":"standard","meta":{"_crdt_document":"","_jetpack_memberships_contains_paid_content":false,"footnotes":"","jetpack_publicize_message":"","jetpack_publicize_feature_enabled":true,"jetpack_social_post_already_shared":true,"jetpack_social_options":{"image_generator_settings":{"template":"highway","default_image_id":0,"font":"","enabled":false},"version":2}},"categories":[8],"tags":[],"class_list":["post-2378","post","type-post","status-publish","format-standard","has-post-thumbnail","hentry","category-judiciario"],"jetpack_publicize_connections":[],"jetpack_featured_media_url":"https:\/\/i0.wp.com\/oexpressobr.com.br\/wp-content\/uploads\/2026\/01\/IMG-20260123-WA0074.jpg?fit=1600%2C900&ssl=1","jetpack_likes_enabled":true,"jetpack_sharing_enabled":true,"_links":{"self":[{"href":"https:\/\/oexpressobr.com.br\/index.php?rest_route=\/wp\/v2\/posts\/2378","targetHints":{"allow":["GET"]}}],"collection":[{"href":"https:\/\/oexpressobr.com.br\/index.php?rest_route=\/wp\/v2\/posts"}],"about":[{"href":"https:\/\/oexpressobr.com.br\/index.php?rest_route=\/wp\/v2\/types\/post"}],"author":[{"embeddable":true,"href":"https:\/\/oexpressobr.com.br\/index.php?rest_route=\/wp\/v2\/users\/1"}],"replies":[{"embeddable":true,"href":"https:\/\/oexpressobr.com.br\/index.php?rest_route=%2Fwp%2Fv2%2Fcomments&post=2378"}],"version-history":[{"count":1,"href":"https:\/\/oexpressobr.com.br\/index.php?rest_route=\/wp\/v2\/posts\/2378\/revisions"}],"predecessor-version":[{"id":2380,"href":"https:\/\/oexpressobr.com.br\/index.php?rest_route=\/wp\/v2\/posts\/2378\/revisions\/2380"}],"wp:featuredmedia":[{"embeddable":true,"href":"https:\/\/oexpressobr.com.br\/index.php?rest_route=\/wp\/v2\/media\/2379"}],"wp:attachment":[{"href":"https:\/\/oexpressobr.com.br\/index.php?rest_route=%2Fwp%2Fv2%2Fmedia&parent=2378"}],"wp:term":[{"taxonomy":"category","embeddable":true,"href":"https:\/\/oexpressobr.com.br\/index.php?rest_route=%2Fwp%2Fv2%2Fcategories&post=2378"},{"taxonomy":"post_tag","embeddable":true,"href":"https:\/\/oexpressobr.com.br\/index.php?rest_route=%2Fwp%2Fv2%2Ftags&post=2378"}],"curies":[{"name":"wp","href":"https:\/\/api.w.org\/{rel}","templated":true}]}}