{"id":2387,"date":"2026-01-23T13:34:55","date_gmt":"2026-01-23T16:34:55","guid":{"rendered":"https:\/\/oexpressobr.com.br\/?p=2387"},"modified":"2026-01-23T13:34:56","modified_gmt":"2026-01-23T16:34:56","slug":"xi-jinping-garante-a-lula-apoio-da-china-em-tempos-turbulentos","status":"publish","type":"post","link":"https:\/\/oexpressobr.com.br\/?p=2387","title":{"rendered":"Xi Jinping garante a Lula apoio da China em tempos &#8220;turbulentos&#8221;"},"content":{"rendered":"\n<p class=\"wp-block-paragraph\">Em um cen\u00e1rio global marcado por incertezas geopol\u00edticas e a ascens\u00e3o de pol\u00edticas protecionistas, o presidente da China, Xi Jinping, reafirmou ao presidente Luiz In\u00e1cio Lula da Silva o compromisso de Pequim em fortalecer a alian\u00e7a estrat\u00e9gica com o Brasil. Durante o encontro oficial realizado em Bras\u00edlia, que selou a visita de Estado do l\u00edder chin\u00eas ap\u00f3s a C\u00fapula do G20, os dois mandat\u00e1rios elevaram o status da rela\u00e7\u00e3o bilateral para uma &#8220;Comunidade de Futuro Compartilhado por um Mundo mais Justo e um Planeta mais Sustent\u00e1vel&#8221;.<\/p>\n\n\n\n<p class=\"wp-block-paragraph\">\u200bA declara\u00e7\u00e3o de Xi Jinping ocorre em um momento de &#8220;mudan\u00e7as profundas e turbul\u00eancias no mundo&#8221;, conforme as pr\u00f3prias palavras do l\u00edder chin\u00eas. O apoio m\u00fatuo foi simbolizado pela assinatura de <strong>37 acordos bilaterais<\/strong> abrangendo setores cruciais como agricultura, infraestrutura, energia, ci\u00eancia e tecnologia, e economia digital. Entre os destaques, est\u00e3o memorandos de entendimento para a troca de informa\u00e7\u00f5es no setor el\u00e9trico e novos protocolos sanit\u00e1rios que facilitam a exporta\u00e7\u00e3o de carnes e gr\u00e3os brasileiros para o mercado chin\u00eas.<\/p>\n\n\n\n<h3 class=\"wp-block-heading\">\u200bSinergia econ\u00f4mica e resist\u00eancia ao unilateralismo<\/h3>\n\n\n\n<p class=\"wp-block-paragraph\">\u200bEmbora o Brasil tenha optado por n\u00e3o aderir formalmente \u00e0 &#8220;Iniciativa Cintur\u00e3o e Rota&#8221; (Nova Rota da Seda) neste momento, os governos concordaram em buscar &#8220;sinergias&#8221; entre os programas de investimento brasileiros, como o Novo PAC, e as estrat\u00e9gias de desenvolvimento chinesas. A China, maior parceiro comercial do Brasil desde 2009, atingiu em 2023 um recorde de interc\u00e2mbio comercial de US$ 157 bilh\u00f5es, e a meta agora \u00e9 diversificar essa pauta para al\u00e9m das commodities.<\/p>\n\n\n\n<p class=\"wp-block-paragraph\">\u200bNo campo diplom\u00e1tico, a sintonia entre os dois l\u00edderes ficou evidente na defesa do multilateralismo. Em conversas que se estenderam por meses \u2014 incluindo di\u00e1logos recentes sobre o cen\u00e1rio de &#8220;guerra comercial&#8221; e tarifas impostas por outras pot\u00eancias \u2014 Xi Jinping refor\u00e7ou que a China apoia a soberania brasileira e se op\u00f5e \u00e0 &#8220;intimida\u00e7\u00e3o unilateral&#8221;. Os dois pa\u00edses tamb\u00e9m reiteraram a proposta conjunta de paz para o conflito entre R\u00fassia e Ucr\u00e2nia e o papel central do BRICS na defesa dos interesses do Sul Global.<\/p>\n\n\n\n<h3 class=\"wp-block-heading\">\u200bPerspectivas para 2025<\/h3>\n\n\n\n<p class=\"wp-block-paragraph\">\u200bO encontro preparou o terreno para os pr\u00f3ximos grandes eventos internacionais que ter\u00e3o o Brasil como sede e protagonismo chin\u00eas: a C\u00fapula do BRICS e a COP-30, que ser\u00e1 realizada em Bel\u00e9m. Xi Jinping garantiu que enviar\u00e1 delega\u00e7\u00f5es de alto n\u00edvel para apoiar o sucesso da confer\u00eancia clim\u00e1tica, consolidando a parceria ambiental entre as duas na\u00e7\u00f5es.<\/p>\n\n\n\n<p class=\"wp-block-paragraph\">\u200bAo encerrar o encontro, Lula destacou que o relacionamento entre Brasil e China &#8220;est\u00e1 no seu melhor momento hist\u00f3rico&#8221;, servindo de exemplo para a coopera\u00e7\u00e3o entre economias emergentes que buscam estabilidade em meio aos desafios globais.<\/p>\n\n\n\n<p class=\"wp-block-paragraph\"><\/p>\n","protected":false},"excerpt":{"rendered":"<p>Em um cen\u00e1rio global marcado por incertezas geopol\u00edticas e a ascens\u00e3o de pol\u00edticas protecionistas, o presidente da China, Xi Jinping, reafirmou ao presidente Luiz In\u00e1cio [&#8230;]<\/p>\n","protected":false},"author":1,"featured_media":2388,"comment_status":"open","ping_status":"open","sticky":false,"template":"","format":"standard","meta":{"_crdt_document":"","_jetpack_memberships_contains_paid_content":false,"footnotes":"","jetpack_publicize_message":"","jetpack_publicize_feature_enabled":true,"jetpack_social_post_already_shared":true,"jetpack_social_options":{"image_generator_settings":{"template":"highway","default_image_id":0,"font":"","enabled":false},"version":2}},"categories":[15],"tags":[],"class_list":["post-2387","post","type-post","status-publish","format-standard","has-post-thumbnail","hentry","category-internacional"],"jetpack_publicize_connections":[],"jetpack_featured_media_url":"https:\/\/i0.wp.com\/oexpressobr.com.br\/wp-content\/uploads\/2026\/01\/54152272137_c66bba24e9_o_0.webp?fit=1170%2C700&ssl=1","jetpack_likes_enabled":true,"jetpack_sharing_enabled":true,"_links":{"self":[{"href":"https:\/\/oexpressobr.com.br\/index.php?rest_route=\/wp\/v2\/posts\/2387","targetHints":{"allow":["GET"]}}],"collection":[{"href":"https:\/\/oexpressobr.com.br\/index.php?rest_route=\/wp\/v2\/posts"}],"about":[{"href":"https:\/\/oexpressobr.com.br\/index.php?rest_route=\/wp\/v2\/types\/post"}],"author":[{"embeddable":true,"href":"https:\/\/oexpressobr.com.br\/index.php?rest_route=\/wp\/v2\/users\/1"}],"replies":[{"embeddable":true,"href":"https:\/\/oexpressobr.com.br\/index.php?rest_route=%2Fwp%2Fv2%2Fcomments&post=2387"}],"version-history":[{"count":1,"href":"https:\/\/oexpressobr.com.br\/index.php?rest_route=\/wp\/v2\/posts\/2387\/revisions"}],"predecessor-version":[{"id":2389,"href":"https:\/\/oexpressobr.com.br\/index.php?rest_route=\/wp\/v2\/posts\/2387\/revisions\/2389"}],"wp:featuredmedia":[{"embeddable":true,"href":"https:\/\/oexpressobr.com.br\/index.php?rest_route=\/wp\/v2\/media\/2388"}],"wp:attachment":[{"href":"https:\/\/oexpressobr.com.br\/index.php?rest_route=%2Fwp%2Fv2%2Fmedia&parent=2387"}],"wp:term":[{"taxonomy":"category","embeddable":true,"href":"https:\/\/oexpressobr.com.br\/index.php?rest_route=%2Fwp%2Fv2%2Fcategories&post=2387"},{"taxonomy":"post_tag","embeddable":true,"href":"https:\/\/oexpressobr.com.br\/index.php?rest_route=%2Fwp%2Fv2%2Ftags&post=2387"}],"curies":[{"name":"wp","href":"https:\/\/api.w.org\/{rel}","templated":true}]}}