{"id":2390,"date":"2026-01-23T13:43:20","date_gmt":"2026-01-23T16:43:20","guid":{"rendered":"https:\/\/oexpressobr.com.br\/?p=2390"},"modified":"2026-01-23T13:43:21","modified_gmt":"2026-01-23T16:43:21","slug":"lula-e-fifa-alinham-regras-de-marketing-e-midia-para-a-copa-do-mundo-feminina-de-2027-no-brasil","status":"publish","type":"post","link":"https:\/\/oexpressobr.com.br\/?p=2390","title":{"rendered":"Lula e Fifa alinham regras de marketing e m\u00eddia para a Copa do Mundo Feminina de 2027 no Brasil"},"content":{"rendered":"\n<p class=\"wp-block-paragraph\">Em um passo decisivo para a organiza\u00e7\u00e3o do maior evento do futebol feminino mundial, o presidente Luiz In\u00e1cio Lula da Silva assinou, nesta sexta-feira (23), a Medida Provis\u00f3ria (MP) n\u00ba 1.335\/2026. O texto estabelece o regime jur\u00eddico de prote\u00e7\u00e3o especial \u00e0 propriedade intelectual e aos direitos de m\u00eddia e marketing para a Copa do Mundo Feminina da Fifa de 2027, que ser\u00e1 sediada no Brasil entre 24 de junho e 25 de julho do pr\u00f3ximo ano.<\/p>\n\n\n\n<p class=\"wp-block-paragraph\">\u200bA medida visa garantir a seguran\u00e7a jur\u00eddica exigida pela Fifa e replicar o modelo de sucesso adotado na Copa do Mundo masculina de 2014. Com a publica\u00e7\u00e3o no Di\u00e1rio Oficial da Uni\u00e3o, a entidade m\u00e1xima do futebol passa a ser reconhecida como titular exclusiva de todos os direitos de explora\u00e7\u00e3o comercial, o que inclui logotipos, mascotes, trof\u00e9us e a transmiss\u00e3o de \u00e1udio e v\u00eddeo das partidas.<\/p>\n\n\n\n<h3 class=\"wp-block-heading\">\u200bCombate ao marketing de emboscada<\/h3>\n\n\n\n<p class=\"wp-block-paragraph\">\u200bUm dos pontos centrais da MP \u00e9 a cria\u00e7\u00e3o de \u00e1reas de restri\u00e7\u00e3o comercial e publicit\u00e1ria ao redor das oito arenas sedes e das \u00e1reas destinadas ao &#8220;Fifa Fan Festival&#8221;. Nessas zonas delimitadas, apenas marcas parceiras e patrocinadores oficiais poder\u00e3o realizar a\u00e7\u00f5es promocionais. O objetivo \u00e9 coibir o chamado &#8220;marketing de emboscada&#8221;, quando empresas n\u00e3o patrocinadoras tentam pegar &#8220;carona&#8221; na visibilidade do evento.<\/p>\n\n\n\n<p class=\"wp-block-paragraph\">\u200bAs oito cidades-sede confirmadas s\u00e3o: Belo Horizonte, Bras\u00edlia, Fortaleza, Porto Alegre, Recife, Rio de Janeiro, Salvador e S\u00e3o Paulo.<\/p>\n\n\n\n<h3 class=\"wp-block-heading\">\u200bRegras para a imprensa e marcas oficiais<\/h3>\n\n\n\n<p class=\"wp-block-paragraph\">\u200bPara os ve\u00edculos de comunica\u00e7\u00e3o que n\u00e3o possuem direitos de transmiss\u00e3o, a MP garante o direito \u00e0 informa\u00e7\u00e3o: ser\u00e1 permitida a exibi\u00e7\u00e3o de &#8220;flagrantes&#8221; das partidas (at\u00e9 3% da dura\u00e7\u00e3o de cada jogo) exclusivamente para fins jornal\u00edsticos e informativos, sem qualquer associa\u00e7\u00e3o publicit\u00e1ria.<\/p>\n\n\n\n<p class=\"wp-block-paragraph\">\u200bAl\u00e9m disso, o Instituto Nacional da Propriedade Industrial (INPI) adotar\u00e1 um regime especial para acelerar o registro de marcas e desenhos industriais vinculados ao torneio. Uma novidade aguardada \u00e9 o lan\u00e7amento oficial da identidade visual e das marcas do Mundial, previsto pela Fifa para este pr\u00f3ximo domingo, 25 de janeiro.<\/p>\n\n\n\n<h3 class=\"wp-block-heading\">\u200bLegisla\u00e7\u00e3o nacional preservada<\/h3>\n\n\n\n<p class=\"wp-block-paragraph\">\u200bApesar das concess\u00f5es comerciais \u00e0 Fifa, o Governo Federal ressaltou que a Medida Provis\u00f3ria n\u00e3o flexibiliza normas fundamentais do pa\u00eds. &#8220;A prote\u00e7\u00e3o aos direitos comerciais n\u00e3o significa dispensa de normas sanit\u00e1rias, de defesa do consumidor ou de prote\u00e7\u00e3o \u00e0 crian\u00e7a e ao adolescente&#8221;, destacou o Pal\u00e1cio do Planalto em nota oficial. A publicidade e o consumo de bebidas alco\u00f3licas, por exemplo, dever\u00e3o seguir rigorosamente a legisla\u00e7\u00e3o brasileira vigente.<\/p>\n\n\n\n<p class=\"wp-block-paragraph\">\u200bA MP tem validade imediata, mas precisar\u00e1 ser ratificada pelo Congresso Nacional ap\u00f3s o retorno do recesso parlamentar, em fevereiro. O governo tamb\u00e9m planeja enviar, ainda no primeiro semestre, um projeto de &#8220;Lei Geral da Copa Feminina&#8221; para detalhar quest\u00f5es como isen\u00e7\u00f5es fiscais e vistos para delega\u00e7\u00f5es estrangeiras, consolidando o legado social e esportivo pretendido para a modalidade no Brasil.<\/p>\n","protected":false},"excerpt":{"rendered":"<p>Em um passo decisivo para a organiza\u00e7\u00e3o do maior evento do futebol feminino mundial, o presidente Luiz In\u00e1cio Lula da Silva assinou, nesta sexta-feira (23), [&#8230;]<\/p>\n","protected":false},"author":1,"featured_media":2391,"comment_status":"open","ping_status":"open","sticky":false,"template":"","format":"standard","meta":{"_crdt_document":"","_jetpack_memberships_contains_paid_content":false,"footnotes":"","jetpack_publicize_message":"","jetpack_publicize_feature_enabled":true,"jetpack_social_post_already_shared":true,"jetpack_social_options":{"image_generator_settings":{"template":"highway","default_image_id":0,"font":"","enabled":false},"version":2}},"categories":[12],"tags":[],"class_list":["post-2390","post","type-post","status-publish","format-standard","has-post-thumbnail","hentry","category-esporte"],"jetpack_publicize_connections":[],"jetpack_featured_media_url":"https:\/\/i0.wp.com\/oexpressobr.com.br\/wp-content\/uploads\/2026\/01\/image-2023-03-07t073906001_1.webp?fit=1170%2C700&ssl=1","jetpack_likes_enabled":true,"jetpack_sharing_enabled":true,"_links":{"self":[{"href":"https:\/\/oexpressobr.com.br\/index.php?rest_route=\/wp\/v2\/posts\/2390","targetHints":{"allow":["GET"]}}],"collection":[{"href":"https:\/\/oexpressobr.com.br\/index.php?rest_route=\/wp\/v2\/posts"}],"about":[{"href":"https:\/\/oexpressobr.com.br\/index.php?rest_route=\/wp\/v2\/types\/post"}],"author":[{"embeddable":true,"href":"https:\/\/oexpressobr.com.br\/index.php?rest_route=\/wp\/v2\/users\/1"}],"replies":[{"embeddable":true,"href":"https:\/\/oexpressobr.com.br\/index.php?rest_route=%2Fwp%2Fv2%2Fcomments&post=2390"}],"version-history":[{"count":1,"href":"https:\/\/oexpressobr.com.br\/index.php?rest_route=\/wp\/v2\/posts\/2390\/revisions"}],"predecessor-version":[{"id":2392,"href":"https:\/\/oexpressobr.com.br\/index.php?rest_route=\/wp\/v2\/posts\/2390\/revisions\/2392"}],"wp:featuredmedia":[{"embeddable":true,"href":"https:\/\/oexpressobr.com.br\/index.php?rest_route=\/wp\/v2\/media\/2391"}],"wp:attachment":[{"href":"https:\/\/oexpressobr.com.br\/index.php?rest_route=%2Fwp%2Fv2%2Fmedia&parent=2390"}],"wp:term":[{"taxonomy":"category","embeddable":true,"href":"https:\/\/oexpressobr.com.br\/index.php?rest_route=%2Fwp%2Fv2%2Fcategories&post=2390"},{"taxonomy":"post_tag","embeddable":true,"href":"https:\/\/oexpressobr.com.br\/index.php?rest_route=%2Fwp%2Fv2%2Ftags&post=2390"}],"curies":[{"name":"wp","href":"https:\/\/api.w.org\/{rel}","templated":true}]}}