{"id":2413,"date":"2026-01-23T20:52:47","date_gmt":"2026-01-23T23:52:47","guid":{"rendered":"https:\/\/oexpressobr.com.br\/?p=2413"},"modified":"2026-01-23T20:52:48","modified_gmt":"2026-01-23T23:52:48","slug":"cnte-e-sindicatos-mobilizam-rede-contra-o-confisco-de-aposentadorias-em-ofensiva-voltada-ao-stf","status":"publish","type":"post","link":"https:\/\/oexpressobr.com.br\/?p=2413","title":{"rendered":"CNTE e sindicatos mobilizam rede contra o confisco de aposentadorias em ofensiva voltada ao STF"},"content":{"rendered":"\n<p class=\"wp-block-paragraph\">Em uma articula\u00e7\u00e3o nacional que ganha for\u00e7a com o fim do recesso do Judici\u00e1rio, a Confedera\u00e7\u00e3o Nacional dos Trabalhadores em Educa\u00e7\u00e3o (CNTE) iniciou uma ofensiva digital estrat\u00e9gica. Sob o mote <strong>\u201cVota, STF: o confisco de aposentados n\u00e3o \u00e9 justo\u201d<\/strong>, a categoria busca sensibilizar os ministros do Supremo Tribunal Federal sobre a urg\u00eancia de derrubar a contribui\u00e7\u00e3o previdenci\u00e1ria de inativos e pensionistas, implementada na \u00faltima Reforma da Previd\u00eancia.<\/p>\n\n\n\n<h3 class=\"wp-block-heading\">\u200bO foco da mobiliza\u00e7\u00e3o<\/h3>\n\n\n\n<p class=\"wp-block-paragraph\">\u200bA data escolhida para o \u00e1pice das a\u00e7\u00f5es n\u00e3o \u00e9 por acaso: o <strong>Dia Nacional do Aposentado<\/strong>, celebrado em 24 de janeiro. O calend\u00e1rio de postagens, que se estende at\u00e9 o dia 31 de janeiro, coincide com o retorno das atividades plen\u00e1rias da Corte.<\/p>\n\n\n\n<p class=\"wp-block-paragraph\">\u200bO objetivo central \u00e9 pressionar pelo julgamento das <strong>A\u00e7\u00f5es Diretas de Inconstitucionalidade (ADIs)<\/strong> que questionam pontos da Emenda Constitucional n\u00ba 103\/2019. Entre os itens mais cr\u00edticos est\u00e1 a possibilidade de estados e munic\u00edpios cobrarem contribui\u00e7\u00f5es previdenci\u00e1rias de quem j\u00e1 se aposentou, caso haja d\u00e9ficit atuarial.<\/p>\n\n\n\n<h3 class=\"wp-block-heading\">\u200bPanorama atual e expectativas<\/h3>\n\n\n\n<p class=\"wp-block-paragraph\">\u200bDesde a reforma, milhares de servidores da educa\u00e7\u00e3o viram seus proventos reduzidos por descontos que incidem sobre valores que superam o sal\u00e1rio m\u00ednimo, e n\u00e3o apenas o teto do INSS, como ocorria anteriormente.<\/p>\n\n\n\n<blockquote class=\"wp-block-quote is-layout-flow wp-block-quote-is-layout-flow\">\n<p class=\"wp-block-paragraph\">\u200b&#8221;N\u00e3o se trata apenas de uma quest\u00e3o jur\u00eddica, mas de dignidade. Muitos aposentados da educa\u00e7\u00e3o, que dedicaram a vida ao ensino, hoje enfrentam dificuldades para manter necessidades b\u00e1sicas devido a esse confisco&#8221;, afirma o movimento sindical.<\/p>\n<\/blockquote>\n\n\n\n<p class=\"wp-block-paragraph\">\u200bRecentemente, o julgamento no STF apresentou avan\u00e7os com votos favor\u00e1veis \u00e0 derrubada de parte dessas regras, mas o processo foi interrompido por pedidos de vista. A mobiliza\u00e7\u00e3o atual visa garantir que, na volta do recesso, o tema n\u00e3o seja escanteado frente a outras pautas pol\u00edticas.<\/p>\n\n\n\n<h3 class=\"wp-block-heading\">\u200bEngajamento digital<\/h3>\n\n\n\n<p class=\"wp-block-paragraph\">\u200bA CNTE disponibilizou um material completo para os n\u00facleos sindicais, incluindo:<\/p>\n\n\n\n<ul class=\"wp-block-list\">\n<li>\u200b<strong>Cards para redes sociais<\/strong> com mensagens diretas aos ministros.<\/li>\n\n\n\n<li>\u200b<strong>Legendas informativas<\/strong> explicando os impactos financeiros do confisco.<\/li>\n\n\n\n<li>\u200b<strong>Cronograma de postagens<\/strong> para garantir que a hashtag do movimento permane\u00e7a nos assuntos em alta (trending topics).<\/li>\n<\/ul>\n","protected":false},"excerpt":{"rendered":"<p>Em uma articula\u00e7\u00e3o nacional que ganha for\u00e7a com o fim do recesso do Judici\u00e1rio, a Confedera\u00e7\u00e3o Nacional dos Trabalhadores em Educa\u00e7\u00e3o (CNTE) iniciou uma ofensiva [&#8230;]<\/p>\n","protected":false},"author":1,"featured_media":2414,"comment_status":"open","ping_status":"open","sticky":false,"template":"","format":"standard","meta":{"_crdt_document":"","_jetpack_memberships_contains_paid_content":false,"footnotes":"","jetpack_publicize_message":"","jetpack_publicize_feature_enabled":true,"jetpack_social_post_already_shared":true,"jetpack_social_options":{"image_generator_settings":{"template":"highway","default_image_id":0,"font":"","enabled":false},"version":2}},"categories":[8],"tags":[],"class_list":["post-2413","post","type-post","status-publish","format-standard","has-post-thumbnail","hentry","category-judiciario"],"jetpack_publicize_connections":[],"jetpack_featured_media_url":"https:\/\/i0.wp.com\/oexpressobr.com.br\/wp-content\/uploads\/2026\/01\/Copia-de-CNTE_Confisco_nao_e_Justo_01.png?fit=1080%2C1350&ssl=1","jetpack_likes_enabled":true,"jetpack_sharing_enabled":true,"_links":{"self":[{"href":"https:\/\/oexpressobr.com.br\/index.php?rest_route=\/wp\/v2\/posts\/2413","targetHints":{"allow":["GET"]}}],"collection":[{"href":"https:\/\/oexpressobr.com.br\/index.php?rest_route=\/wp\/v2\/posts"}],"about":[{"href":"https:\/\/oexpressobr.com.br\/index.php?rest_route=\/wp\/v2\/types\/post"}],"author":[{"embeddable":true,"href":"https:\/\/oexpressobr.com.br\/index.php?rest_route=\/wp\/v2\/users\/1"}],"replies":[{"embeddable":true,"href":"https:\/\/oexpressobr.com.br\/index.php?rest_route=%2Fwp%2Fv2%2Fcomments&post=2413"}],"version-history":[{"count":1,"href":"https:\/\/oexpressobr.com.br\/index.php?rest_route=\/wp\/v2\/posts\/2413\/revisions"}],"predecessor-version":[{"id":2415,"href":"https:\/\/oexpressobr.com.br\/index.php?rest_route=\/wp\/v2\/posts\/2413\/revisions\/2415"}],"wp:featuredmedia":[{"embeddable":true,"href":"https:\/\/oexpressobr.com.br\/index.php?rest_route=\/wp\/v2\/media\/2414"}],"wp:attachment":[{"href":"https:\/\/oexpressobr.com.br\/index.php?rest_route=%2Fwp%2Fv2%2Fmedia&parent=2413"}],"wp:term":[{"taxonomy":"category","embeddable":true,"href":"https:\/\/oexpressobr.com.br\/index.php?rest_route=%2Fwp%2Fv2%2Fcategories&post=2413"},{"taxonomy":"post_tag","embeddable":true,"href":"https:\/\/oexpressobr.com.br\/index.php?rest_route=%2Fwp%2Fv2%2Ftags&post=2413"}],"curies":[{"name":"wp","href":"https:\/\/api.w.org\/{rel}","templated":true}]}}