{"id":2425,"date":"2026-01-23T21:22:39","date_gmt":"2026-01-24T00:22:39","guid":{"rendered":"https:\/\/oexpressobr.com.br\/?p=2425"},"modified":"2026-01-23T21:22:40","modified_gmt":"2026-01-24T00:22:40","slug":"carnaval-2026-prefeitura-de-maringa-abre-edital-para-blocos-e-empresas-com-shows-de-bonde-do-forro-e-mc-jacare","status":"publish","type":"post","link":"https:\/\/oexpressobr.com.br\/?p=2425","title":{"rendered":"CARNAVAL 2026: Prefeitura de Maring\u00e1 abre edital para blocos e empresas com shows de Bonde do Forr\u00f3 e MC Jacar\u00e9"},"content":{"rendered":"\n<p class=\"wp-block-paragraph\">A Prefeitura de Maring\u00e1, por meio da Secretaria de Cultura (Semuc), oficializou nesta sexta-feira (23) o lan\u00e7amento do edital de chamamento p\u00fablico n\u00ba 01\/2026 para o Carnaval 2026. O documento convoca blocos carnavalescos e empresas interessadas em participar da organiza\u00e7\u00e3o e explora\u00e7\u00e3o comercial do evento, que neste ano ter\u00e1 como cen\u00e1rio principal o Parque de Exposi\u00e7\u00f5es.<\/p>\n\n\n\n<p class=\"wp-block-paragraph\">\u200bOs interessados em inscrever seus bloquinhos ou garantir cotas de patroc\u00ednio e estandes de alimenta\u00e7\u00e3o e bebidas devem realizar o cadastro exclusivamente pela <strong>Plataforma Maring\u00e1 Cultura at\u00e9 as 14h da pr\u00f3xima quinta-feira, 29 de janeiro<\/strong>.<\/p>\n\n\n\n<p class=\"wp-block-paragraph\">\u200b<strong>Programa\u00e7\u00e3o e Atra\u00e7\u00f5es Confirmadas<\/strong><\/p>\n\n\n\n<p class=\"wp-block-paragraph\">O Carnaval de Maring\u00e1 2026 ser\u00e1 realizado entre os dias 14 e 17 de fevereiro, das 16h \u00e0s 21h. Pela primeira vez, a folia organizada pelo munic\u00edpio contar\u00e1 com atra\u00e7\u00f5es de peso nacional para dividir o palco com os talentos locais:<\/p>\n\n\n\n<ul class=\"wp-block-list\">\n<li>\u200b<strong>14 de fevereiro (S\u00e1bado):<\/strong> Abertura oficial com a banda <strong>Bonde do Forr\u00f3<\/strong> (contratada por R$ 235 mil) e apresenta\u00e7\u00f5es de bloquinhos.<\/li>\n\n\n\n<li>\u200b<strong>15 de fevereiro (Domingo):<\/strong> Show com o <strong>DJ Edy Lemond<\/strong>, conhecido pelo hit &#8220;Pensando em Voc\u00ea&#8221;, al\u00e9m de <strong>Pegada LP<\/strong> e blocos locais.<\/li>\n\n\n\n<li>\u200b<strong>16 de fevereiro (Segunda):<\/strong> Anima\u00e7\u00e3o por conta da <strong>Banda Nova Dimens\u00e3o<\/strong> e desfiles de blocos.<\/li>\n\n\n\n<li>\u200b<strong>17 de fevereiro (Ter\u00e7a):<\/strong> Encerramento com a &#8220;atra\u00e7\u00e3o surpresa&#8221;, que, segundo apura\u00e7\u00f5es, dever\u00e1 ser o funkeiro <strong>MC Jacar\u00e9<\/strong>.<\/li>\n<\/ul>\n\n\n\n<p class=\"wp-block-paragraph\">\u200b<strong>Folia para toda a fam\u00edlia (e pets)<\/strong><\/p>\n\n\n\n<p class=\"wp-block-paragraph\">Al\u00e9m da estrutura principal no Parque de Exposi\u00e7\u00f5es, a prefeitura manteve as atividades descentralizadas que foram sucesso em edi\u00e7\u00f5es anteriores:<\/p>\n\n\n\n<ul class=\"wp-block-list\">\n<li>\u200b<strong>CarnaPet:<\/strong> No dia 15 de fevereiro, o Parque do Ing\u00e1 recebe o desfile de fantasias para pets \u00e0s 9h30. A inscri\u00e7\u00e3o para o concurso \u00e9 solid\u00e1ria, mediante a doa\u00e7\u00e3o de 1 kg de ra\u00e7\u00e3o.<\/li>\n\n\n\n<li>\u200b<strong>Matin\u00ea Infantil:<\/strong> Na ter\u00e7a-feira (17), o Parque do Jap\u00e3o ser\u00e1 o ponto de encontro das crian\u00e7as, com oficinas e recrea\u00e7\u00e3o cultural no per\u00edodo da tarde.<\/li>\n<\/ul>\n\n\n\n<p class=\"wp-block-paragraph\">\u200b<strong>Seguran\u00e7a e Acesso<\/strong><\/p>\n\n\n\n<p class=\"wp-block-paragraph\">Para garantir a tranquilidade dos foli\u00f5es, haver\u00e1 um esquema de seguran\u00e7a integrada envolvendo a Guarda Municipal, Pol\u00edcia Militar, Pol\u00edcia Civil e seguran\u00e7a privada. A entrada no Parque de Exposi\u00e7\u00f5es ser\u00e1 gratuita, mas restrita a maiores de 18 anos, sendo obrigat\u00f3ria a apresenta\u00e7\u00e3o de documento oficial com foto. Ser\u00e1 permitida a entrada de coolers com bebidas, desde que n\u00e3o sejam em garrafas de vidro.<\/p>\n\n\n\n<p class=\"wp-block-paragraph\">\u200bAs empresas que participarem do edital ter\u00e3o visibilidade de marca e exclusividade na comercializa\u00e7\u00e3o de produtos dentro do recinto, consolidando o Carnaval como um importante motor da economia criativa local.<\/p>\n","protected":false},"excerpt":{"rendered":"<p>A Prefeitura de Maring\u00e1, por meio da Secretaria de Cultura (Semuc), oficializou nesta sexta-feira (23) o lan\u00e7amento do edital de chamamento p\u00fablico n\u00ba 01\/2026 para [&#8230;]<\/p>\n","protected":false},"author":1,"featured_media":2426,"comment_status":"open","ping_status":"open","sticky":false,"template":"","format":"standard","meta":{"_crdt_document":"","_jetpack_memberships_contains_paid_content":false,"footnotes":"","jetpack_publicize_message":"","jetpack_publicize_feature_enabled":true,"jetpack_social_post_already_shared":true,"jetpack_social_options":{"image_generator_settings":{"template":"highway","default_image_id":0,"font":"","enabled":false},"version":2}},"categories":[4],"tags":[],"class_list":["post-2425","post","type-post","status-publish","format-standard","has-post-thumbnail","hentry","category-maringa"],"jetpack_publicize_connections":[],"jetpack_featured_media_url":"https:\/\/i0.wp.com\/oexpressobr.com.br\/wp-content\/uploads\/2026\/01\/IMG-20260123-WA0281.jpg?fit=1600%2C1066&ssl=1","jetpack_likes_enabled":true,"jetpack_sharing_enabled":true,"_links":{"self":[{"href":"https:\/\/oexpressobr.com.br\/index.php?rest_route=\/wp\/v2\/posts\/2425","targetHints":{"allow":["GET"]}}],"collection":[{"href":"https:\/\/oexpressobr.com.br\/index.php?rest_route=\/wp\/v2\/posts"}],"about":[{"href":"https:\/\/oexpressobr.com.br\/index.php?rest_route=\/wp\/v2\/types\/post"}],"author":[{"embeddable":true,"href":"https:\/\/oexpressobr.com.br\/index.php?rest_route=\/wp\/v2\/users\/1"}],"replies":[{"embeddable":true,"href":"https:\/\/oexpressobr.com.br\/index.php?rest_route=%2Fwp%2Fv2%2Fcomments&post=2425"}],"version-history":[{"count":1,"href":"https:\/\/oexpressobr.com.br\/index.php?rest_route=\/wp\/v2\/posts\/2425\/revisions"}],"predecessor-version":[{"id":2427,"href":"https:\/\/oexpressobr.com.br\/index.php?rest_route=\/wp\/v2\/posts\/2425\/revisions\/2427"}],"wp:featuredmedia":[{"embeddable":true,"href":"https:\/\/oexpressobr.com.br\/index.php?rest_route=\/wp\/v2\/media\/2426"}],"wp:attachment":[{"href":"https:\/\/oexpressobr.com.br\/index.php?rest_route=%2Fwp%2Fv2%2Fmedia&parent=2425"}],"wp:term":[{"taxonomy":"category","embeddable":true,"href":"https:\/\/oexpressobr.com.br\/index.php?rest_route=%2Fwp%2Fv2%2Fcategories&post=2425"},{"taxonomy":"post_tag","embeddable":true,"href":"https:\/\/oexpressobr.com.br\/index.php?rest_route=%2Fwp%2Fv2%2Ftags&post=2425"}],"curies":[{"name":"wp","href":"https:\/\/api.w.org\/{rel}","templated":true}]}}