{"id":2428,"date":"2026-01-23T21:29:05","date_gmt":"2026-01-24T00:29:05","guid":{"rendered":"https:\/\/oexpressobr.com.br\/?p=2428"},"modified":"2026-01-23T21:29:06","modified_gmt":"2026-01-24T00:29:06","slug":"defesa-de-bolsonaro-e-stf-travam-embate-sobre-saude-e-garantias-constitucionais-do-ex-presidente","status":"publish","type":"post","link":"https:\/\/oexpressobr.com.br\/?p=2428","title":{"rendered":"Defesa de Bolsonaro e STF travam embate sobre sa\u00fade e garantias constitucionais do ex-presidente"},"content":{"rendered":"\n<p class=\"wp-block-paragraph\">\u200bA situa\u00e7\u00e3o cl\u00ednica e jur\u00eddica de <strong>Jair Bolsonaro<\/strong> tornou-se o centro de uma intensa disputa institucional em janeiro de 2026. Ap\u00f3s epis\u00f3dios recentes de instabilidade na sa\u00fade, a defesa do ex-presidente e seus aliados intensificaram as cr\u00edticas ao <strong>Supremo Tribunal Federal (STF)<\/strong>, alegando que o regime de cust\u00f3dia imposto pelo ministro <strong>Alexandre de Moraes<\/strong> viola direitos fundamentais e exp\u00f5e o ex-mandat\u00e1rio a riscos de vida evit\u00e1veis.<\/p>\n\n\n\n<h3 class=\"wp-block-heading\">\u200bCrise de sa\u00fade na cust\u00f3dia e exames de urg\u00eancia<\/h3>\n\n\n\n<p class=\"wp-block-paragraph\">\u200bNa primeira quinzena de janeiro, Bolsonaro \u2014 que cumpre pena por tentativa de golpe de Estado \u2014 sofreu uma <strong>queda na Superintend\u00eancia da Pol\u00edcia Federal<\/strong>, em Bras\u00edlia, ap\u00f3s uma suposta crise convulsiva. O epis\u00f3dio gerou um impasse imediato: a PF inicialmente condicionou o deslocamento hospitalar \u00e0 autoriza\u00e7\u00e3o expressa do STF.<\/p>\n\n\n\n<p class=\"wp-block-paragraph\">\u200bAp\u00f3s press\u00e3o da defesa e relat\u00f3rios m\u00e9dicos, o ministro Alexandre de Moraes autorizou a realiza\u00e7\u00e3o de exames complexos, como <strong>tomografia de cr\u00e2nio e resson\u00e2ncia magn\u00e9tica<\/strong>, no Hospital DF Star. Embora os exames n\u00e3o tenham confirmado les\u00f5es graves imediatas, os advogados sustentam que o hist\u00f3rico de m\u00faltiplas cirurgias abdominais e a idade avan\u00e7ada tornam o ambiente carcer\u00e1rio incompat\u00edvel com o tratamento necess\u00e1rio.<\/p>\n\n\n\n<h3 class=\"wp-block-heading\">\u200bA transfer\u00eancia para a &#8220;Papudinha&#8221;<\/h3>\n\n\n\n<p class=\"wp-block-paragraph\">\u200bComo resposta \u00e0s reclama\u00e7\u00f5es sobre as condi\u00e7\u00f5es da cela na PF \u2014 que inclu\u00edam queixas sobre ru\u00eddos de ar-condicionado e alimenta\u00e7\u00e3o \u2014, o STF determinou a transfer\u00eancia de Bolsonaro para uma unidade da <strong>Pol\u00edcia Militar no Complexo da Papuda<\/strong>, conhecida como &#8220;Papudinha&#8221;.<\/p>\n\n\n\n<p class=\"wp-block-paragraph\">Apesar da amplia\u00e7\u00e3o do espa\u00e7o e das melhorias estruturais, a defesa classifica a medida como insuficiente. Para os advogados, a manuten\u00e7\u00e3o do regime fechado ignora precedentes da pr\u00f3pria Corte que concederam <strong>pris\u00e3o domiciliar<\/strong> a outros pol\u00edticos em situa\u00e7\u00f5es de sa\u00fade similares.<\/p>\n\n\n\n<h3 class=\"wp-block-heading\">\u200bO debate jur\u00eddico e as garantias violadas<\/h3>\n\n\n\n<p class=\"wp-block-paragraph\">\u200bA controv\u00e9rsia gira em torno do artigo 117 da Lei de Execu\u00e7\u00e3o Penal. Aliados e juristas pr\u00f3ximos ao ex-presidente afirmam que o STF est\u00e1 aplicando um &#8220;direito penal do inimigo&#8221;, onde as garantias humanit\u00e1rias seriam relativizadas por motiva\u00e7\u00f5es pol\u00edticas.<\/p>\n\n\n\n<blockquote class=\"wp-block-quote is-layout-flow wp-block-quote-is-layout-flow\">\n<p class=\"wp-block-paragraph\">\u200b&#8221;As decis\u00f5es n\u00e3o apenas violam garantias constitucionais b\u00e1sicas, como exp\u00f5em deliberadamente Jair Bolsonaro a riscos reais&#8221;, afirmou Carlos Bolsonaro em redes sociais, ecoando o sentimento da ala oposicionista.<\/p>\n<\/blockquote>\n\n\n\n<p class=\"wp-block-paragraph\">\u200bPor outro lado, o ministro Alexandre de Moraes rebateu as cr\u00edticas, classificando-as como &#8220;not\u00edcias fraudulentas&#8221; e ressaltando que as condi\u00e7\u00f5es de Bolsonaro s\u00e3o &#8220;absolutamente excepcionais e privilegiadas&#8221; em compara\u00e7\u00e3o ao sistema prisional comum brasileiro.<\/p>\n\n\n\n<p class=\"wp-block-paragraph\">\u200b<strong>Pr\u00f3ximos passos:<\/strong> A Pol\u00edcia Federal tem um prazo de dez dias para concluir uma per\u00edcia m\u00e9dica oficial que responder\u00e1 a 39 quesitos formulados pela defesa e pela PGR. Este laudo ser\u00e1 determinante para que o STF decida se mant\u00e9m o ex-presidente na Papudinha ou se concede a progress\u00e3o para o regime domiciliar.<\/p>\n","protected":false},"excerpt":{"rendered":"<p>\u200bA situa\u00e7\u00e3o cl\u00ednica e jur\u00eddica de Jair Bolsonaro tornou-se o centro de uma intensa disputa institucional em janeiro de 2026. Ap\u00f3s epis\u00f3dios recentes de instabilidade [&#8230;]<\/p>\n","protected":false},"author":1,"featured_media":2429,"comment_status":"open","ping_status":"open","sticky":false,"template":"","format":"standard","meta":{"_crdt_document":"","_jetpack_memberships_contains_paid_content":false,"footnotes":"","jetpack_publicize_message":"","jetpack_publicize_feature_enabled":true,"jetpack_social_post_already_shared":true,"jetpack_social_options":{"image_generator_settings":{"template":"highway","default_image_id":0,"font":"","enabled":false},"version":2}},"categories":[7],"tags":[],"class_list":["post-2428","post","type-post","status-publish","format-standard","has-post-thumbnail","hentry","category-politica"],"jetpack_publicize_connections":[],"jetpack_featured_media_url":"https:\/\/i0.wp.com\/oexpressobr.com.br\/wp-content\/uploads\/2026\/01\/bolsonaro-prisao-domiciliar-foto-sebastiao-moreira-efe-1280x720.jpg.webp?fit=1280%2C720&ssl=1","jetpack_likes_enabled":true,"jetpack_sharing_enabled":true,"_links":{"self":[{"href":"https:\/\/oexpressobr.com.br\/index.php?rest_route=\/wp\/v2\/posts\/2428","targetHints":{"allow":["GET"]}}],"collection":[{"href":"https:\/\/oexpressobr.com.br\/index.php?rest_route=\/wp\/v2\/posts"}],"about":[{"href":"https:\/\/oexpressobr.com.br\/index.php?rest_route=\/wp\/v2\/types\/post"}],"author":[{"embeddable":true,"href":"https:\/\/oexpressobr.com.br\/index.php?rest_route=\/wp\/v2\/users\/1"}],"replies":[{"embeddable":true,"href":"https:\/\/oexpressobr.com.br\/index.php?rest_route=%2Fwp%2Fv2%2Fcomments&post=2428"}],"version-history":[{"count":1,"href":"https:\/\/oexpressobr.com.br\/index.php?rest_route=\/wp\/v2\/posts\/2428\/revisions"}],"predecessor-version":[{"id":2430,"href":"https:\/\/oexpressobr.com.br\/index.php?rest_route=\/wp\/v2\/posts\/2428\/revisions\/2430"}],"wp:featuredmedia":[{"embeddable":true,"href":"https:\/\/oexpressobr.com.br\/index.php?rest_route=\/wp\/v2\/media\/2429"}],"wp:attachment":[{"href":"https:\/\/oexpressobr.com.br\/index.php?rest_route=%2Fwp%2Fv2%2Fmedia&parent=2428"}],"wp:term":[{"taxonomy":"category","embeddable":true,"href":"https:\/\/oexpressobr.com.br\/index.php?rest_route=%2Fwp%2Fv2%2Fcategories&post=2428"},{"taxonomy":"post_tag","embeddable":true,"href":"https:\/\/oexpressobr.com.br\/index.php?rest_route=%2Fwp%2Fv2%2Ftags&post=2428"}],"curies":[{"name":"wp","href":"https:\/\/api.w.org\/{rel}","templated":true}]}}