{"id":2437,"date":"2026-01-23T21:45:00","date_gmt":"2026-01-24T00:45:00","guid":{"rendered":"https:\/\/oexpressobr.com.br\/?p=2437"},"modified":"2026-01-23T21:45:01","modified_gmt":"2026-01-24T00:45:01","slug":"brasileiro-e-condenado-a-prisao-perpetua-na-irlanda-pelo-assassinato-de-bruna-fonseca","status":"publish","type":"post","link":"https:\/\/oexpressobr.com.br\/?p=2437","title":{"rendered":"Brasileiro \u00e9 condenado \u00e0 pris\u00e3o perp\u00e9tua na Irlanda pelo assassinato de Bruna Fonseca"},"content":{"rendered":"\n<p class=\"wp-block-paragraph\">A Justi\u00e7a da Irlanda encerrou, nesta sexta-feira (<strong>23 de janeiro de 2026<\/strong>), um dos casos de feminic\u00eddio de maior repercuss\u00e3o entre a comunidade brasileira no exterior. O mineiro <strong>Miller Pacheco<\/strong>, de 35 anos, foi condenado \u00e0 <strong>pris\u00e3o perp\u00e9tua<\/strong> pelo assassinato de sua ex-namorada, a bibliotec\u00e1ria <strong>Bruna Fonseca<\/strong>, de 28 anos.<\/p>\n\n\n\n<p class=\"wp-block-paragraph\">\u200bO crime ocorreu na madrugada do dia 1\u00ba de janeiro de 2023, na cidade de Cork, apenas tr\u00eas meses ap\u00f3s a jovem ter se mudado para o pa\u00eds em busca de uma carreira internacional.<\/p>\n\n\n\n<h3 class=\"wp-block-heading\">\u200bO desfecho no tribunal<\/h3>\n\n\n\n<p class=\"wp-block-paragraph\">\u200bAp\u00f3s duas semanas de julgamento no Tribunal Criminal Central, em Dublin, o j\u00fari considerou Pacheco culpado de forma un\u00e2nime. Sob a lei irlandesa, a condena\u00e7\u00e3o por homic\u00eddio doloso (<em>murder<\/em>) imp\u00f5e obrigatoriamente a senten\u00e7a de pris\u00e3o perp\u00e9tua.<\/p>\n\n\n\n<p class=\"wp-block-paragraph\">\u200bDurante a audi\u00eancia final, o r\u00e9u, que inicialmente negava o crime, admitiu a responsabilidade e pediu desculpas \u00e0 fam\u00edlia de Bruna. A ju\u00edza respons\u00e1vel pelo caso destacou em sua fala que a v\u00edtima &#8220;n\u00e3o era um trof\u00e9u&#8221; e tinha o direito de seguir sua vida de forma independente, referindo-se ao hist\u00f3rico de controle exercido pelo agressor.<\/p>\n\n\n\n<h3 class=\"wp-block-heading\">\u200bRelembre o caso<\/h3>\n\n\n\n<ul class=\"wp-block-list\">\n<li>\u200b<strong>O Crime:<\/strong> Bruna foi encontrada morta em um apartamento na Liberty Street, no centro de Cork. As investiga\u00e7\u00f5es confirmaram que ela foi <strong>estrangulada<\/strong> ap\u00f3s as celebra\u00e7\u00f5es de Ano Novo.<\/li>\n\n\n\n<li>\u200b<strong>A Motiva\u00e7\u00e3o:<\/strong> O casal teve um relacionamento de cinco anos no Brasil, mas Bruna havia terminado a uni\u00e3o meses antes do crime. Miller, que viajou para a Irlanda logo ap\u00f3s a ex-namorada, n\u00e3o aceitava o fim do namoro.<\/li>\n\n\n\n<li>\u200b<strong>\u00daltimo Contato:<\/strong> Horas antes de ser morta, Bruna realizou uma chamada de v\u00eddeo com a fam\u00edlia em Formiga (MG) para ver o cachorro de estima\u00e7\u00e3o e desejar feliz ano novo.<\/li>\n<\/ul>\n\n\n\n<h3 class=\"wp-block-heading\">\u200bRea\u00e7\u00e3o da fam\u00edlia<\/h3>\n\n\n\n<p class=\"wp-block-paragraph\">\u200bPresentes no tribunal, a irm\u00e3 de Bruna, Izabel Fonseca, e outros familiares reagiram com forte emo\u00e7\u00e3o. Em entrevista \u00e0 imprensa na sa\u00edda do tribunal, Izabel descreveu um &#8220;misto de al\u00edvio e dor&#8221;.<\/p>\n\n\n\n<blockquote class=\"wp-block-quote is-layout-flow wp-block-quote-is-layout-flow\">\n<p class=\"wp-block-paragraph\">\u200b&#8221;A justi\u00e7a foi feita e a severidade da lei irlandesa nos traz conforto, mas nada apaga a aus\u00eancia irrepar\u00e1vel da Bruna&#8221;, afirmou a irm\u00e3.<\/p>\n<\/blockquote>\n","protected":false},"excerpt":{"rendered":"<p>A Justi\u00e7a da Irlanda encerrou, nesta sexta-feira (23 de janeiro de 2026), um dos casos de feminic\u00eddio de maior repercuss\u00e3o entre a comunidade brasileira no [&#8230;]<\/p>\n","protected":false},"author":1,"featured_media":2438,"comment_status":"open","ping_status":"open","sticky":false,"template":"","format":"standard","meta":{"_crdt_document":"","_jetpack_memberships_contains_paid_content":false,"footnotes":"","jetpack_publicize_message":"","jetpack_publicize_feature_enabled":true,"jetpack_social_post_already_shared":true,"jetpack_social_options":{"image_generator_settings":{"template":"highway","default_image_id":0,"font":"","enabled":false},"version":2}},"categories":[9],"tags":[],"class_list":["post-2437","post","type-post","status-publish","format-standard","has-post-thumbnail","hentry","category-policia"],"jetpack_publicize_connections":[],"jetpack_featured_media_url":"https:\/\/i0.wp.com\/oexpressobr.com.br\/wp-content\/uploads\/2026\/01\/IMG-20260123-WA0345.jpg?fit=1200%2C800&ssl=1","jetpack_likes_enabled":true,"jetpack_sharing_enabled":true,"_links":{"self":[{"href":"https:\/\/oexpressobr.com.br\/index.php?rest_route=\/wp\/v2\/posts\/2437","targetHints":{"allow":["GET"]}}],"collection":[{"href":"https:\/\/oexpressobr.com.br\/index.php?rest_route=\/wp\/v2\/posts"}],"about":[{"href":"https:\/\/oexpressobr.com.br\/index.php?rest_route=\/wp\/v2\/types\/post"}],"author":[{"embeddable":true,"href":"https:\/\/oexpressobr.com.br\/index.php?rest_route=\/wp\/v2\/users\/1"}],"replies":[{"embeddable":true,"href":"https:\/\/oexpressobr.com.br\/index.php?rest_route=%2Fwp%2Fv2%2Fcomments&post=2437"}],"version-history":[{"count":1,"href":"https:\/\/oexpressobr.com.br\/index.php?rest_route=\/wp\/v2\/posts\/2437\/revisions"}],"predecessor-version":[{"id":2439,"href":"https:\/\/oexpressobr.com.br\/index.php?rest_route=\/wp\/v2\/posts\/2437\/revisions\/2439"}],"wp:featuredmedia":[{"embeddable":true,"href":"https:\/\/oexpressobr.com.br\/index.php?rest_route=\/wp\/v2\/media\/2438"}],"wp:attachment":[{"href":"https:\/\/oexpressobr.com.br\/index.php?rest_route=%2Fwp%2Fv2%2Fmedia&parent=2437"}],"wp:term":[{"taxonomy":"category","embeddable":true,"href":"https:\/\/oexpressobr.com.br\/index.php?rest_route=%2Fwp%2Fv2%2Fcategories&post=2437"},{"taxonomy":"post_tag","embeddable":true,"href":"https:\/\/oexpressobr.com.br\/index.php?rest_route=%2Fwp%2Fv2%2Ftags&post=2437"}],"curies":[{"name":"wp","href":"https:\/\/api.w.org\/{rel}","templated":true}]}}