{"id":2440,"date":"2026-01-23T21:52:32","date_gmt":"2026-01-24T00:52:32","guid":{"rendered":"https:\/\/oexpressobr.com.br\/?p=2440"},"modified":"2026-01-23T21:52:33","modified_gmt":"2026-01-24T00:52:33","slug":"moraes-proibe-acampamentos-na-papuda-e-libera-prisao-de-bolsonaristas-que-resistirem","status":"publish","type":"post","link":"https:\/\/oexpressobr.com.br\/?p=2440","title":{"rendered":"Moraes pro\u00edbe acampamentos na Papuda e libera pris\u00e3o de bolsonaristas que resistirem"},"content":{"rendered":"\n<p class=\"wp-block-paragraph\"><br>BRAS\u00cdLIA \u2013 Em uma nova ofensiva para garantir a seguran\u00e7a do sistema prisional e a ordem p\u00fablica, o ministro Alexandre de Moraes, do Supremo Tribunal Federal (STF), determinou nesta sexta-feira (23) a proibi\u00e7\u00e3o imediata de qualquer acampamento ou manifesta\u00e7\u00e3o nas proximidades do Complexo Penitenci\u00e1rio da Papuda. A decis\u00e3o ocorre em um momento de alta tens\u00e3o, logo ap\u00f3s a transfer\u00eancia do ex-presidente Jair Bolsonaro para o N\u00facleo de Cust\u00f3dia da Pol\u00edcia Militar (NCPM), a &#8220;Papudinha&#8221;, onde ele cumpre pena.<br>A determina\u00e7\u00e3o de Moraes atende a um pedido da Procuradoria-Geral da Rep\u00fablica (PGR), que identificou riscos \u00e0 seguran\u00e7a das escoltas federais e das opera\u00e7\u00f5es rotineiras do pres\u00eddio. Segundo o \u00f3rg\u00e3o, grupos de apoiadores j\u00e1 haviam come\u00e7ado a montar barracas e exibir faixas com pedidos de &#8220;anistia&#8221; nos arredores da unidade, movimento que o ministro comparou \u00e0 organiza\u00e7\u00e3o dos atos golpistas de 8 de janeiro de 2023.<br>Pris\u00e3o em flagrante e desocupa\u00e7\u00e3o imediata<br>A ordem judicial \u00e9 clara: as for\u00e7as de seguran\u00e7a, incluindo a Pol\u00edcia Militar do Distrito Federal e a Pol\u00edcia Federal, est\u00e3o autorizadas a efetuar a pris\u00e3o em flagrante de qualquer pessoa que resistir \u00e0 ordem de dispers\u00e3o ou desobedecer \u00e0s restri\u00e7\u00f5es de acesso \u00e0 \u00e1rea. Moraes ressaltou que o direito \u00e0 manifesta\u00e7\u00e3o n\u00e3o \u00e9 absoluto e n\u00e3o pode ser utilizado para coagir o Judici\u00e1rio ou comprometer \u00e1reas sens\u00edveis de seguran\u00e7a p\u00fablica.<br>&#8220;A tentativa de repetir os acampamentos golpistas exige uma rea\u00e7\u00e3o proporcional do Estado&#8221;, afirmou o ministro em seu despacho. Ele destacou que a regi\u00e3o da Papuda \u00e9 uma zona de seguran\u00e7a m\u00e1xima e que a aglomera\u00e7\u00e3o de militantes coloca em xeque a integridade do sistema carcer\u00e1rio.<br>O fator Nikolas Ferreira e a &#8220;Marcha pela Liberdade&#8221;<br>Um dos pontos que acelerou a decis\u00e3o foi o monitoramento de uma marcha liderada pelo deputado federal Nikolas Ferreira (PL-MG). O parlamentar e seus aliados iniciaram uma caminhada rumo a Bras\u00edlia com o objetivo declarado de protestar contra as pris\u00f5es de bolsonaristas e do pr\u00f3prio ex-presidente. A chegada do grupo \u00e0 capital federal est\u00e1 prevista para este domingo (25).<br>Com a nova decis\u00e3o, o grupo est\u00e1 impedido de se aproximar do per\u00edmetro do complexo prisional. Autoridades do Distrito Federal foram notificadas e poder\u00e3o ser responsabilizadas pessoalmente caso se omitam diante de novas ocupa\u00e7\u00f5es.<br>Contexto da pris\u00e3o de Bolsonaro<br>Jair Bolsonaro foi transferido para a Papudinha no \u00faltimo dia 15 de janeiro, ap\u00f3s determina\u00e7\u00e3o de Moraes que negou pedidos de pris\u00e3o domiciliar. O ex-presidente ocupa uma sala exclusiva no 19\u00ba Batalh\u00e3o da PM, sob alega\u00e7\u00e3o de que a estrutura da Pol\u00edcia Federal n\u00e3o era adequada para uma cust\u00f3dia de longa perman\u00eancia.<br>A defesa do ex-presidente criticou a medida, classificando-a como desnecess\u00e1ria, enquanto o ministro refor\u00e7ou que o tratamento dispensado ao ex-mandat\u00e1rio segue rigorosamente as normas legais, sem privil\u00e9gios que descaracterizem a natureza da pena imposta.<\/p>\n","protected":false},"excerpt":{"rendered":"<p>BRAS\u00cdLIA \u2013 Em uma nova ofensiva para garantir a seguran\u00e7a do sistema prisional e a ordem p\u00fablica, o ministro Alexandre de Moraes, do Supremo Tribunal [&#8230;]<\/p>\n","protected":false},"author":1,"featured_media":2441,"comment_status":"open","ping_status":"open","sticky":false,"template":"","format":"standard","meta":{"_crdt_document":"","_jetpack_memberships_contains_paid_content":false,"footnotes":"","jetpack_publicize_message":"","jetpack_publicize_feature_enabled":true,"jetpack_social_post_already_shared":true,"jetpack_social_options":{"image_generator_settings":{"template":"highway","default_image_id":0,"font":"","enabled":false},"version":2}},"categories":[8],"tags":[],"class_list":["post-2440","post","type-post","status-publish","format-standard","has-post-thumbnail","hentry","category-judiciario"],"jetpack_publicize_connections":[],"jetpack_featured_media_url":"https:\/\/i0.wp.com\/oexpressobr.com.br\/wp-content\/uploads\/2026\/01\/bolsonaro-papuda-e1762376804180.jpg?fit=414%2C280&ssl=1","jetpack_likes_enabled":true,"jetpack_sharing_enabled":true,"_links":{"self":[{"href":"https:\/\/oexpressobr.com.br\/index.php?rest_route=\/wp\/v2\/posts\/2440","targetHints":{"allow":["GET"]}}],"collection":[{"href":"https:\/\/oexpressobr.com.br\/index.php?rest_route=\/wp\/v2\/posts"}],"about":[{"href":"https:\/\/oexpressobr.com.br\/index.php?rest_route=\/wp\/v2\/types\/post"}],"author":[{"embeddable":true,"href":"https:\/\/oexpressobr.com.br\/index.php?rest_route=\/wp\/v2\/users\/1"}],"replies":[{"embeddable":true,"href":"https:\/\/oexpressobr.com.br\/index.php?rest_route=%2Fwp%2Fv2%2Fcomments&post=2440"}],"version-history":[{"count":1,"href":"https:\/\/oexpressobr.com.br\/index.php?rest_route=\/wp\/v2\/posts\/2440\/revisions"}],"predecessor-version":[{"id":2442,"href":"https:\/\/oexpressobr.com.br\/index.php?rest_route=\/wp\/v2\/posts\/2440\/revisions\/2442"}],"wp:featuredmedia":[{"embeddable":true,"href":"https:\/\/oexpressobr.com.br\/index.php?rest_route=\/wp\/v2\/media\/2441"}],"wp:attachment":[{"href":"https:\/\/oexpressobr.com.br\/index.php?rest_route=%2Fwp%2Fv2%2Fmedia&parent=2440"}],"wp:term":[{"taxonomy":"category","embeddable":true,"href":"https:\/\/oexpressobr.com.br\/index.php?rest_route=%2Fwp%2Fv2%2Fcategories&post=2440"},{"taxonomy":"post_tag","embeddable":true,"href":"https:\/\/oexpressobr.com.br\/index.php?rest_route=%2Fwp%2Fv2%2Ftags&post=2440"}],"curies":[{"name":"wp","href":"https:\/\/api.w.org\/{rel}","templated":true}]}}