{"id":2443,"date":"2026-01-23T21:57:29","date_gmt":"2026-01-24T00:57:29","guid":{"rendered":"https:\/\/oexpressobr.com.br\/?p=2443"},"modified":"2026-01-23T21:57:30","modified_gmt":"2026-01-24T00:57:30","slug":"bbb-26-milena-e-exposta-como-apoiadora-de-bolsonaro-nas-redes-e-divide-opinioes","status":"publish","type":"post","link":"https:\/\/oexpressobr.com.br\/?p=2443","title":{"rendered":"BBB 26: Milena \u00e9 exposta como apoiadora de Bolsonaro nas redes e divide opini\u00f5es"},"content":{"rendered":"\n<p class=\"wp-block-paragraph\">\u200bA poucas semanas da estreia do <strong>Big Brother Brasil 26<\/strong>, a &#8220;casa mais vigiada do pa\u00eds&#8221; j\u00e1 come\u00e7ou a ferver \u2014 mas aqui fora. Milena, uma das participantes confirmadas no grupo Pipoca, tornou-se o centro de uma pol\u00eamica digital ap\u00f3s internautas resgatarem publica\u00e7\u00f5es antigas e intera\u00e7\u00f5es que a ligam diretamente ao apoio ao ex-presidente <strong>Jair Bolsonaro<\/strong>.<\/p>\n\n\n\n<p class=\"wp-block-paragraph\">\u200bO burburinho come\u00e7ou no X (antigo Twitter), onde usu\u00e1rios realizaram um &#8220;pente-fino&#8221; nas redes sociais da nova &#8220;brother&#8221;. Foram encontradas curtidas em posts de cunho conservador e coment\u00e1rios de incentivo a pautas associadas \u00e0 direita pol\u00edtica, o que foi suficiente para incendiar as torcidas antes mesmo do primeiro &#8220;al\u00f4&#8221; de Tadeu Schmidt.<\/p>\n\n\n\n<h3 class=\"wp-block-heading\">\u200bO impacto nas redes sociais<\/h3>\n\n\n\n<p class=\"wp-block-paragraph\">\u200bO cancelamento preventivo e o apoio fervoroso mostram que a polariza\u00e7\u00e3o pol\u00edtica continua sendo o &#8220;12\u00ba jogador&#8221; do reality.<\/p>\n\n\n\n<ul class=\"wp-block-list\">\n<li>\u200b<strong>De um lado:<\/strong> Cr\u00edticos argumentam que o posicionamento pol\u00edtico de Milena pode influenciar seu comportamento no jogo e pedem sua elimina\u00e7\u00e3o precoce.<\/li>\n\n\n\n<li>\u200b<strong>De outro:<\/strong> Apoiadores da participante alegam &#8220;persegui\u00e7\u00e3o&#8221; e afirmam que opini\u00f5es pol\u00edticas n\u00e3o deveriam interferir na avalia\u00e7\u00e3o de quem ela \u00e9 como jogadora.<\/li>\n<\/ul>\n\n\n\n<p class=\"wp-block-paragraph\">\u200bHistoricamente, o BBB tem sido um term\u00f4metro social. Em edi\u00e7\u00f5es passadas, participantes que tiveram seus passados pol\u00edticos expostos enfrentaram resist\u00eancias, mas alguns conseguiram reverter a imagem atrav\u00e9s do carisma no conv\u00edvio di\u00e1rio.<\/p>\n\n\n\n<h3 class=\"wp-block-heading\">\u200bO que esperar da estreia<\/h3>\n\n\n\n<p class=\"wp-block-paragraph\">\u200bA <strong>Globo<\/strong>, seguindo seu protocolo padr\u00e3o, n\u00e3o comentou as inclina\u00e7\u00f5es pol\u00edticas da participante. A estrat\u00e9gia da emissora foca na diversidade de pensamentos para gerar o embate necess\u00e1rio ao entretenimento. Milena, por sua vez, entra na casa sob os holofotes de uma audi\u00eancia que j\u00e1 a observa com lentes cr\u00edticas.<\/p>\n\n\n\n<blockquote class=\"wp-block-quote is-layout-flow wp-block-quote-is-layout-flow\">\n<p class=\"wp-block-paragraph\">\u200b&#8221;O BBB n\u00e3o \u00e9 apenas um jogo de conviv\u00eancia, \u00e9 um reflexo das tens\u00f5es que vivemos na sociedade. A exposi\u00e7\u00e3o de Milena antes da estreia coloca sobre ela uma press\u00e3o adicional: a de provar que \u00e9 mais do que um posicionamento pol\u00edtico,&#8221; analisa um especialista em entretenimento.<\/p>\n<\/blockquote>\n\n\n\n<p class=\"wp-block-paragraph\">\u200bResta saber se Milena usar\u00e1 o confinamento para reafirmar suas cren\u00e7as ou se tentar\u00e1 desvincular sua imagem da pol\u00edtica para focar no pr\u00eamio milion\u00e1rio.<\/p>\n","protected":false},"excerpt":{"rendered":"<p>\u200bA poucas semanas da estreia do Big Brother Brasil 26, a &#8220;casa mais vigiada do pa\u00eds&#8221; j\u00e1 come\u00e7ou a ferver \u2014 mas aqui fora. Milena, [&#8230;]<\/p>\n","protected":false},"author":1,"featured_media":2444,"comment_status":"open","ping_status":"open","sticky":false,"template":"","format":"standard","meta":{"_crdt_document":"","_jetpack_memberships_contains_paid_content":false,"footnotes":"","jetpack_publicize_message":"","jetpack_publicize_feature_enabled":true,"jetpack_social_post_already_shared":true,"jetpack_social_options":{"image_generator_settings":{"template":"highway","default_image_id":0,"font":"","enabled":false},"version":2}},"categories":[31],"tags":[],"class_list":["post-2443","post","type-post","status-publish","format-standard","has-post-thumbnail","hentry","category-entretenimento"],"jetpack_publicize_connections":[],"jetpack_featured_media_url":"https:\/\/i0.wp.com\/oexpressobr.com.br\/wp-content\/uploads\/2026\/01\/Captura-de-tela-2026-01-19-193845.jpg?fit=414%2C280&ssl=1","jetpack_likes_enabled":true,"jetpack_sharing_enabled":true,"_links":{"self":[{"href":"https:\/\/oexpressobr.com.br\/index.php?rest_route=\/wp\/v2\/posts\/2443","targetHints":{"allow":["GET"]}}],"collection":[{"href":"https:\/\/oexpressobr.com.br\/index.php?rest_route=\/wp\/v2\/posts"}],"about":[{"href":"https:\/\/oexpressobr.com.br\/index.php?rest_route=\/wp\/v2\/types\/post"}],"author":[{"embeddable":true,"href":"https:\/\/oexpressobr.com.br\/index.php?rest_route=\/wp\/v2\/users\/1"}],"replies":[{"embeddable":true,"href":"https:\/\/oexpressobr.com.br\/index.php?rest_route=%2Fwp%2Fv2%2Fcomments&post=2443"}],"version-history":[{"count":1,"href":"https:\/\/oexpressobr.com.br\/index.php?rest_route=\/wp\/v2\/posts\/2443\/revisions"}],"predecessor-version":[{"id":2445,"href":"https:\/\/oexpressobr.com.br\/index.php?rest_route=\/wp\/v2\/posts\/2443\/revisions\/2445"}],"wp:featuredmedia":[{"embeddable":true,"href":"https:\/\/oexpressobr.com.br\/index.php?rest_route=\/wp\/v2\/media\/2444"}],"wp:attachment":[{"href":"https:\/\/oexpressobr.com.br\/index.php?rest_route=%2Fwp%2Fv2%2Fmedia&parent=2443"}],"wp:term":[{"taxonomy":"category","embeddable":true,"href":"https:\/\/oexpressobr.com.br\/index.php?rest_route=%2Fwp%2Fv2%2Fcategories&post=2443"},{"taxonomy":"post_tag","embeddable":true,"href":"https:\/\/oexpressobr.com.br\/index.php?rest_route=%2Fwp%2Fv2%2Ftags&post=2443"}],"curies":[{"name":"wp","href":"https:\/\/api.w.org\/{rel}","templated":true}]}}