{"id":2451,"date":"2026-01-24T11:34:19","date_gmt":"2026-01-24T14:34:19","guid":{"rendered":"https:\/\/oexpressobr.com.br\/?p=2451"},"modified":"2026-01-24T11:34:20","modified_gmt":"2026-01-24T14:34:20","slug":"academicos-de-niteroi-aposta-em-milton-cunha-para-narrar-trajetoria-de-lula-como-jornada-do-heroi-na-sapucai","status":"publish","type":"post","link":"https:\/\/oexpressobr.com.br\/?p=2451","title":{"rendered":"Acad\u00eamicos de Niter\u00f3i aposta em Milton Cunha para narrar trajet\u00f3ria de Lula como &#8220;jornada do her\u00f3i&#8221; na Sapuca\u00ed"},"content":{"rendered":"\n<p class=\"wp-block-paragraph\">O Carnaval do Rio de Janeiro ganha um tom de \u00e9pico pol\u00edtico e social com o an\u00fancio oficial dos detalhes do enredo da <strong>Acad\u00eamicos de Niter\u00f3i<\/strong>. Em declara\u00e7\u00e3o feita nesta sexta-feira (23), o carnavalesco e p\u00f3s-doutor em Narrativas de Carnaval, <strong>Milton Cunha<\/strong>, revelou que a escola levar\u00e1 para a Avenida a vida do presidente <strong>Luiz In\u00e1cio Lula da Silva<\/strong> sob uma perspectiva mitol\u00f3gica e educacional.<\/p>\n\n\n\n<p class=\"wp-block-paragraph\">A proposta de Cunha n\u00e3o \u00e9 apenas uma biografia linear, mas sim uma aplica\u00e7\u00e3o pr\u00e1tica da estrutura narrativa conhecida como <strong>A Jornada do Heroi<\/strong>. Segundo o carnavalesco, essa escolha visa transmitir valores e mensagens universais atrav\u00e9s da figura do &#8220;menino Luiz In\u00e1cio&#8221;.<\/p>\n\n\n\n<h3 class=\"wp-block-heading\">A estrutura do desfile: Do assombro \u00e0 supera\u00e7\u00e3o<\/h3>\n\n\n\n<p class=\"wp-block-paragraph\">De acordo com Milton Cunha, o desfile ser\u00e1 dividido em atos que exploram as dificuldades e a ascens\u00e3o do personagem central. O ponto de partida \u00e9 o cen\u00e1rio de escassez e os desafios do Nordeste brasileiro.<\/p>\n\n\n\n<ul class=\"wp-block-list\">\n<li><strong>O Pa\u00eds Assombrado:<\/strong> A abertura focar\u00e1 nas &#8220;assombra\u00e7\u00f5es&#8221; da inf\u00e2ncia de Lula, representando a fome, a seca e a desigualdade que cercavam sua fam\u00edlia antes da migra\u00e7\u00e3o para o Sudeste.<\/li>\n\n\n\n<li><strong>O Chamado \u00e0 Aventura:<\/strong> A transi\u00e7\u00e3o para a vida oper\u00e1ria e o despertar da consci\u00eancia sindical.<\/li>\n\n\n\n<li><strong>A Educa\u00e7\u00e3o e o Valor:<\/strong> O enredo pretende utilizar a hist\u00f3ria para &#8220;comunicar educa\u00e7\u00e3o&#8221;, focando no impacto social da trajet\u00f3ria do retirante que chegou \u00e0 presid\u00eancia.<\/li>\n<\/ul>\n\n\n\n<h3 class=\"wp-block-heading\">Contexto e Expectativas para 2026<\/h3>\n\n\n\n<p class=\"wp-block-paragraph\">A Acad\u00eamicos de Niter\u00f3i, que vem consolidando seu espa\u00e7o no cen\u00e1rio do samba, busca com este enredo n\u00e3o apenas impacto visual, mas um debate sobre a identidade brasileira. A escolha de Milton Cunha \u2014 uma das figuras mais respeitadas do Carnaval \u2014 eleva a escola ao patamar de favorita para o t\u00edtulo do Grupo de Acesso\/Especial, dependendo das \u00faltimas apura\u00e7\u00f5es de regulamento.<\/p>\n\n\n\n<blockquote class=\"wp-block-quote is-layout-flow wp-block-quote-is-layout-flow\">\n<p class=\"wp-block-paragraph\">&#8220;\u00c9 uma forma de comunicar educa\u00e7\u00e3o e valor. A jornada come\u00e7a com um pa\u00eds assombrado, mas \u00e9 atrav\u00e9s da resili\u00eancia que a mensagem se completa&#8221;, afirmou Milton Cunha.<\/p>\n<\/blockquote>\n\n\n\n<h3 class=\"wp-block-heading\">O que esperar na Avenida<\/h3>\n\n\n\n<ol start=\"1\" class=\"wp-block-list\">\n<li><strong>Est\u00e9tica de Conto de Fadas Social:<\/strong> Uso de alegorias que misturam o realismo da vida do oper\u00e1rio com elementos l\u00fadicos do folclore nordestino.<\/li>\n\n\n\n<li><strong>Narrativa Acad\u00eamica:<\/strong> Por ser especialista no tema, Cunha deve trazer um rigor conceitual raro, fugindo do \u00f3bvio &#8220;panflet\u00e1rio&#8221; para focar na simbologia do her\u00f3i popular.<\/li>\n\n\n\n<li><strong>Engajamento:<\/strong> A expectativa \u00e9 de uma arquibancada vibrante, dado o apelo popular da figura central.<\/li>\n<\/ol>\n","protected":false},"excerpt":{"rendered":"<p>O Carnaval do Rio de Janeiro ganha um tom de \u00e9pico pol\u00edtico e social com o an\u00fancio oficial dos detalhes do enredo da Acad\u00eamicos de [&#8230;]<\/p>\n","protected":false},"author":1,"featured_media":2452,"comment_status":"open","ping_status":"open","sticky":false,"template":"","format":"standard","meta":{"_crdt_document":"","_jetpack_memberships_contains_paid_content":false,"footnotes":"","jetpack_publicize_message":"","jetpack_publicize_feature_enabled":true,"jetpack_social_post_already_shared":true,"jetpack_social_options":{"image_generator_settings":{"template":"highway","default_image_id":0,"font":"","enabled":false},"version":2}},"categories":[31],"tags":[],"class_list":["post-2451","post","type-post","status-publish","format-standard","has-post-thumbnail","hentry","category-entretenimento"],"jetpack_publicize_connections":[],"jetpack_featured_media_url":"https:\/\/i0.wp.com\/oexpressobr.com.br\/wp-content\/uploads\/2026\/01\/AA1UPEPV.jpg?fit=750%2C500&ssl=1","jetpack_likes_enabled":true,"jetpack_sharing_enabled":true,"_links":{"self":[{"href":"https:\/\/oexpressobr.com.br\/index.php?rest_route=\/wp\/v2\/posts\/2451","targetHints":{"allow":["GET"]}}],"collection":[{"href":"https:\/\/oexpressobr.com.br\/index.php?rest_route=\/wp\/v2\/posts"}],"about":[{"href":"https:\/\/oexpressobr.com.br\/index.php?rest_route=\/wp\/v2\/types\/post"}],"author":[{"embeddable":true,"href":"https:\/\/oexpressobr.com.br\/index.php?rest_route=\/wp\/v2\/users\/1"}],"replies":[{"embeddable":true,"href":"https:\/\/oexpressobr.com.br\/index.php?rest_route=%2Fwp%2Fv2%2Fcomments&post=2451"}],"version-history":[{"count":1,"href":"https:\/\/oexpressobr.com.br\/index.php?rest_route=\/wp\/v2\/posts\/2451\/revisions"}],"predecessor-version":[{"id":2453,"href":"https:\/\/oexpressobr.com.br\/index.php?rest_route=\/wp\/v2\/posts\/2451\/revisions\/2453"}],"wp:featuredmedia":[{"embeddable":true,"href":"https:\/\/oexpressobr.com.br\/index.php?rest_route=\/wp\/v2\/media\/2452"}],"wp:attachment":[{"href":"https:\/\/oexpressobr.com.br\/index.php?rest_route=%2Fwp%2Fv2%2Fmedia&parent=2451"}],"wp:term":[{"taxonomy":"category","embeddable":true,"href":"https:\/\/oexpressobr.com.br\/index.php?rest_route=%2Fwp%2Fv2%2Fcategories&post=2451"},{"taxonomy":"post_tag","embeddable":true,"href":"https:\/\/oexpressobr.com.br\/index.php?rest_route=%2Fwp%2Fv2%2Ftags&post=2451"}],"curies":[{"name":"wp","href":"https:\/\/api.w.org\/{rel}","templated":true}]}}