{"id":2454,"date":"2026-01-24T11:43:51","date_gmt":"2026-01-24T14:43:51","guid":{"rendered":"https:\/\/oexpressobr.com.br\/?p=2454"},"modified":"2026-01-24T11:43:52","modified_gmt":"2026-01-24T14:43:52","slug":"escola-de-castelo-de-paiva-sob-pressao-apos-onda-de-furtos-e-denuncias-de-omissao-das-autoridades-locais","status":"publish","type":"post","link":"https:\/\/oexpressobr.com.br\/?p=2454","title":{"rendered":"Escola de Castelo de Paiva sob press\u00e3o ap\u00f3s onda de furtos e den\u00fancias de omiss\u00e3o das autoridades locais"},"content":{"rendered":"\n<p class=\"wp-block-paragraph\">A tranquilidade habitual da <strong>Escola Secund\u00e1ria de Castelo de Paiva<\/strong>, no distrito de Aveiro, deu lugar a um clima de inseguran\u00e7a e indigna\u00e7\u00e3o. O que come\u00e7ou como incidentes isolados escalou para uma s\u00e9rie de furtos que, segundo relatos de encarregados de educa\u00e7\u00e3o e fontes locais, est\u00e3o a ser deliberadamente ignorados pela dire\u00e7\u00e3o do agrupamento e pela autarquia para preservar a &#8220;paz institucional&#8221;.<\/p>\n\n\n\n<p class=\"wp-block-paragraph\">O caso mais recente envolve uma <strong>aluna de 15 anos<\/strong>, que teve uma quantia em dinheiro subtra\u00edda dentro das instala\u00e7\u00f5es escolares. Contudo, este epis\u00f3dio \u00e9 apenas a ponta do icebergue. Dezenas de outros relatos apontam para um padr\u00e3o de criminalidade de baixa intensidade que n\u00e3o encontra eco nas estat\u00edsticas oficiais da GNR (Guarda Nacional Republicana), uma vez que as v\u00edtimas s\u00e3o frequentemente desencorajadas a formalizar queixas.<\/p>\n\n\n\n<h3 class=\"wp-block-heading\">O muro de sil\u00eancio institucional<\/h3>\n\n\n\n<p class=\"wp-block-paragraph\">A postura das entidades respons\u00e1veis tem sido o principal alvo das cr\u00edticas da comunidade escolar. Segundo informa\u00e7\u00f5es apuradas junto ao jornal <strong>Paivense<\/strong> e \u00e0 ag\u00eancia <strong>iMF Press Global<\/strong>, existe uma resist\u00eancia sist\u00e9mica em lidar com problemas que possam &#8220;manchar&#8221; a reputa\u00e7\u00e3o da vila.<\/p>\n\n\n\n<ul class=\"wp-block-list\">\n<li><strong>A Dire\u00e7\u00e3o da Escola:<\/strong> Em declara\u00e7\u00f5es anteriores, a administra\u00e7\u00e3o escolar limitou-se a mencionar a aplica\u00e7\u00e3o de &#8220;medidas pedag\u00f3gicas&#8221;, evitando tratar os casos como quest\u00f5es de seguran\u00e7a p\u00fablica ou pol\u00edcia.<\/li>\n\n\n\n<li><strong>A C\u00e2mara Municipal:<\/strong> At\u00e9 ao momento, o executivo camar\u00e1rio mant\u00e9m-se em sil\u00eancio absoluto, n\u00e3o respondendo aos questionamentos sobre a falta de videovigil\u00e2ncia ou refor\u00e7o de patrulhamento no per\u00edmetro escolar.<\/li>\n\n\n\n<li><strong>Subnotifica\u00e7\u00e3o:<\/strong> Pais alegam que den\u00fancias de furtos, casos de xenofobia e comportamentos preconceituosos s\u00e3o minimizados, criando uma sensa\u00e7\u00e3o de impunidade que favorece a reincid\u00eancia.<\/li>\n<\/ul>\n\n\n\n<h3 class=\"wp-block-heading\">O contexto atual e as \u00faltimas novidades<\/h3>\n\n\n\n<p class=\"wp-block-paragraph\">De acordo com as atualiza\u00e7\u00f5es mais recentes sobre a seguran\u00e7a escolar em Portugal no in\u00edcio de 2026, o Minist\u00e9rio da Educa\u00e7\u00e3o tem enfrentado press\u00f5es para rever os protocolos de seguran\u00e7a em escolas de zonas perif\u00e9ricas. Embora o programa <strong>Escola Segura<\/strong> da GNR continue ativo, a falta de recursos humanos em postos territoriais menores, como o de Castelo de Paiva, dificulta a vigil\u00e2ncia constante.<\/p>\n\n\n\n<p class=\"wp-block-paragraph\">Recentemente, grupos de pais em redes sociais come\u00e7aram a organizar-se para exigir a instala\u00e7\u00e3o de cacifos mais seguros e a presen\u00e7a de mais assistentes operacionais nos corredores, uma car\u00eancia cr\u00f3nica em muitas escolas do pa\u00eds.<\/p>\n\n\n\n<blockquote class=\"wp-block-quote is-layout-flow wp-block-quote-is-layout-flow\">\n<p class=\"wp-block-paragraph\">&#8220;O problema n\u00e3o \u00e9 apenas o dinheiro roubado, \u00e9 a mensagem de que, se acontecer algo dentro da escola, ningu\u00e9m \u00e9 respons\u00e1vel e ningu\u00e9m ser\u00e1 punido,&#8221; afirma um encarregado de educa\u00e7\u00e3o que preferiu o anonimato.<\/p>\n<\/blockquote>\n\n\n\n<h3 class=\"wp-block-heading\">Pr\u00f3ximos passos e desdobramentos<\/h3>\n\n\n\n<p class=\"wp-block-paragraph\">A press\u00e3o medi\u00e1tica parece ser a \u00fanica ferramenta capaz de romper o bloqueio informativo em Castelo de Paiva. Espera-se que, na pr\u00f3xima reuni\u00e3o do Conselho Geral da Escola, o tema seja formalmente inclu\u00eddo na ordem do dia devido \u00e0 insist\u00eancia dos representantes dos pais.<\/p>\n","protected":false},"excerpt":{"rendered":"<p>A tranquilidade habitual da Escola Secund\u00e1ria de Castelo de Paiva, no distrito de Aveiro, deu lugar a um clima de inseguran\u00e7a e indigna\u00e7\u00e3o. O que [&#8230;]<\/p>\n","protected":false},"author":1,"featured_media":2455,"comment_status":"open","ping_status":"open","sticky":false,"template":"","format":"standard","meta":{"_crdt_document":"","_jetpack_memberships_contains_paid_content":false,"footnotes":"","jetpack_publicize_message":"","jetpack_publicize_feature_enabled":true,"jetpack_social_post_already_shared":true,"jetpack_social_options":{"image_generator_settings":{"template":"highway","default_image_id":0,"font":"","enabled":false},"version":2}},"categories":[6],"tags":[],"class_list":["post-2454","post","type-post","status-publish","format-standard","has-post-thumbnail","hentry","category-educacao"],"jetpack_publicize_connections":[],"jetpack_featured_media_url":"https:\/\/i0.wp.com\/oexpressobr.com.br\/wp-content\/uploads\/2026\/01\/AA1UPEPV-1.jpg?fit=700%2C525&ssl=1","jetpack_likes_enabled":true,"jetpack_sharing_enabled":true,"_links":{"self":[{"href":"https:\/\/oexpressobr.com.br\/index.php?rest_route=\/wp\/v2\/posts\/2454","targetHints":{"allow":["GET"]}}],"collection":[{"href":"https:\/\/oexpressobr.com.br\/index.php?rest_route=\/wp\/v2\/posts"}],"about":[{"href":"https:\/\/oexpressobr.com.br\/index.php?rest_route=\/wp\/v2\/types\/post"}],"author":[{"embeddable":true,"href":"https:\/\/oexpressobr.com.br\/index.php?rest_route=\/wp\/v2\/users\/1"}],"replies":[{"embeddable":true,"href":"https:\/\/oexpressobr.com.br\/index.php?rest_route=%2Fwp%2Fv2%2Fcomments&post=2454"}],"version-history":[{"count":1,"href":"https:\/\/oexpressobr.com.br\/index.php?rest_route=\/wp\/v2\/posts\/2454\/revisions"}],"predecessor-version":[{"id":2456,"href":"https:\/\/oexpressobr.com.br\/index.php?rest_route=\/wp\/v2\/posts\/2454\/revisions\/2456"}],"wp:featuredmedia":[{"embeddable":true,"href":"https:\/\/oexpressobr.com.br\/index.php?rest_route=\/wp\/v2\/media\/2455"}],"wp:attachment":[{"href":"https:\/\/oexpressobr.com.br\/index.php?rest_route=%2Fwp%2Fv2%2Fmedia&parent=2454"}],"wp:term":[{"taxonomy":"category","embeddable":true,"href":"https:\/\/oexpressobr.com.br\/index.php?rest_route=%2Fwp%2Fv2%2Fcategories&post=2454"},{"taxonomy":"post_tag","embeddable":true,"href":"https:\/\/oexpressobr.com.br\/index.php?rest_route=%2Fwp%2Fv2%2Ftags&post=2454"}],"curies":[{"name":"wp","href":"https:\/\/api.w.org\/{rel}","templated":true}]}}