{"id":2463,"date":"2026-01-24T12:02:02","date_gmt":"2026-01-24T15:02:02","guid":{"rendered":"https:\/\/oexpressobr.com.br\/?p=2463"},"modified":"2026-01-24T12:02:04","modified_gmt":"2026-01-24T15:02:04","slug":"algodao-brasileiro-bate-recorde-historico-em-2025-e-projeta-lideranca-global-para-2026","status":"publish","type":"post","link":"https:\/\/oexpressobr.com.br\/?p=2463","title":{"rendered":"Algod\u00e3o brasileiro bate recorde hist\u00f3rico em 2025 e projeta lideran\u00e7a global para 2026"},"content":{"rendered":"\n<p class=\"wp-block-paragraph\">A pluma brasileira acaba de cravar seu nome na hist\u00f3ria do agroneg\u00f3cio mundial. O fechamento da safra 2024\/2025 revelou um setor em plena expans\u00e3o, superando as expectativas iniciais e consolidando o Brasil n\u00e3o apenas como um grande produtor, mas como o <strong>maior exportador global de algod\u00e3o<\/strong>, ultrapassando players tradicionais como os Estados Unidos.<\/p>\n\n\n\n<h3 class=\"wp-block-heading\">Os n\u00fameros do gigante<\/h3>\n\n\n\n<p class=\"wp-block-paragraph\">De acordo com os dados finais da <strong>Companhia Nacional de Abastecimento (Conab)<\/strong> e da <strong>Abrapa (Associa\u00e7\u00e3o Brasileira dos Produtores de Algod\u00e3o)<\/strong>, o ciclo encerrado em 2025 apresentou indicadores robustos:<\/p>\n\n\n\n<ul class=\"wp-block-list\">\n<li><strong>Produ\u00e7\u00e3o de pluma:<\/strong> 4,076 milh\u00f5es de toneladas (crescimento de 10%).<\/li>\n\n\n\n<li><strong>\u00c1rea plantada:<\/strong> Superou os 2 milh\u00f5es de hectares, impulsionada pelos pre\u00e7os atrativos no mercado internacional no in\u00edcio do ciclo.<\/li>\n\n\n\n<li><strong>Produtividade:<\/strong> Otimizada pelo clima favor\u00e1vel no Mato Grosso e na Bahia, que concentram a maior parte da produ\u00e7\u00e3o nacional.<\/li>\n<\/ul>\n\n\n\n<h3 class=\"wp-block-heading\">Qualidade da fibra: O diferencial competitivo<\/h3>\n\n\n\n<p class=\"wp-block-paragraph\">N\u00e3o foi apenas o volume que impressionou. A safra 2025 destacou-se pela <strong>qualidade intr\u00ednseca da fibra<\/strong> (comprimento, resist\u00eancia e micronaire). O uso intensivo de biotecnologia e o monitoramento via sat\u00e9lite permitiram um manejo de pragas, especialmente do bicudo-do-algodoeiro, muito mais eficiente.<\/p>\n\n\n\n<p class=\"wp-block-paragraph\">Essa excel\u00eancia abriu portas definitivas nos mercados asi\u00e1ticos, com destaque para <strong>China, Vietn\u00e3 e Paquist\u00e3o<\/strong>, que aumentaram a demanda pelo algod\u00e3o brasileiro devido \u00e0 rastreabilidade e certifica\u00e7\u00f5es de sustentabilidade (como o programa ABR).<\/p>\n\n\n\n<h3 class=\"wp-block-heading\">Perspectivas para a Safra 2025\/2026<\/h3>\n\n\n\n<p class=\"wp-block-paragraph\">Com o sucesso do \u00faltimo ciclo, os produtores j\u00e1 iniciam os preparativos para o novo plantio com cautela estrat\u00e9gica. Os principais pontos de aten\u00e7\u00e3o para 2026 s\u00e3o:<\/p>\n\n\n\n<ol start=\"1\" class=\"wp-block-list\">\n<li><strong>Custo de produ\u00e7\u00e3o:<\/strong> Embora o pre\u00e7o da pluma esteja est\u00e1vel, o monitoramento dos pre\u00e7os de fertilizantes e defensivos continua sendo o maior desafio para as margens de lucro.<\/li>\n\n\n\n<li><strong>Log\u00edstica:<\/strong> O escoamento da safra recorde testou a capacidade dos portos brasileiros (especialmente o de Santos), exigindo novos investimentos em infraestrutura log\u00edstica.<\/li>\n\n\n\n<li><strong>Clima (La Ni\u00f1a):<\/strong> Meteorologistas alertam para a possibilidade de fen\u00f4menos clim\u00e1ticos que podem alterar o regime de chuvas no Centro-Oeste no primeiro trimestre de 2026, exigindo aten\u00e7\u00e3o redobrada no calend\u00e1rio de semeadura.<\/li>\n<\/ol>\n\n\n\n<blockquote class=\"wp-block-quote is-layout-flow wp-block-quote-is-layout-flow\">\n<p class=\"wp-block-paragraph\">&#8220;O Brasil provou que pode produzir com escala e sustentabilidade. O desafio agora \u00e9 manter a consist\u00eancia e a confian\u00e7a do comprador internacional&#8221;, afirma o setor t\u00e9cnico da Abrapa.<\/p>\n<\/blockquote>\n","protected":false},"excerpt":{"rendered":"<p>A pluma brasileira acaba de cravar seu nome na hist\u00f3ria do agroneg\u00f3cio mundial. O fechamento da safra 2024\/2025 revelou um setor em plena expans\u00e3o, superando [&#8230;]<\/p>\n","protected":false},"author":1,"featured_media":2464,"comment_status":"open","ping_status":"open","sticky":false,"template":"","format":"standard","meta":{"_crdt_document":"","_jetpack_memberships_contains_paid_content":false,"footnotes":"","jetpack_publicize_message":"","jetpack_publicize_feature_enabled":true,"jetpack_social_post_already_shared":true,"jetpack_social_options":{"image_generator_settings":{"template":"highway","default_image_id":0,"font":"","enabled":false},"version":2}},"categories":[34],"tags":[],"class_list":["post-2463","post","type-post","status-publish","format-standard","has-post-thumbnail","hentry","category-agro"],"jetpack_publicize_connections":[],"jetpack_featured_media_url":"https:\/\/i0.wp.com\/oexpressobr.com.br\/wp-content\/uploads\/2026\/01\/f2f283b6-3091-4867-a614-779bfb78c509.png?fit=396%2C264&ssl=1","jetpack_likes_enabled":true,"jetpack_sharing_enabled":true,"_links":{"self":[{"href":"https:\/\/oexpressobr.com.br\/index.php?rest_route=\/wp\/v2\/posts\/2463","targetHints":{"allow":["GET"]}}],"collection":[{"href":"https:\/\/oexpressobr.com.br\/index.php?rest_route=\/wp\/v2\/posts"}],"about":[{"href":"https:\/\/oexpressobr.com.br\/index.php?rest_route=\/wp\/v2\/types\/post"}],"author":[{"embeddable":true,"href":"https:\/\/oexpressobr.com.br\/index.php?rest_route=\/wp\/v2\/users\/1"}],"replies":[{"embeddable":true,"href":"https:\/\/oexpressobr.com.br\/index.php?rest_route=%2Fwp%2Fv2%2Fcomments&post=2463"}],"version-history":[{"count":1,"href":"https:\/\/oexpressobr.com.br\/index.php?rest_route=\/wp\/v2\/posts\/2463\/revisions"}],"predecessor-version":[{"id":2465,"href":"https:\/\/oexpressobr.com.br\/index.php?rest_route=\/wp\/v2\/posts\/2463\/revisions\/2465"}],"wp:featuredmedia":[{"embeddable":true,"href":"https:\/\/oexpressobr.com.br\/index.php?rest_route=\/wp\/v2\/media\/2464"}],"wp:attachment":[{"href":"https:\/\/oexpressobr.com.br\/index.php?rest_route=%2Fwp%2Fv2%2Fmedia&parent=2463"}],"wp:term":[{"taxonomy":"category","embeddable":true,"href":"https:\/\/oexpressobr.com.br\/index.php?rest_route=%2Fwp%2Fv2%2Fcategories&post=2463"},{"taxonomy":"post_tag","embeddable":true,"href":"https:\/\/oexpressobr.com.br\/index.php?rest_route=%2Fwp%2Fv2%2Ftags&post=2463"}],"curies":[{"name":"wp","href":"https:\/\/api.w.org\/{rel}","templated":true}]}}