{"id":2469,"date":"2026-01-24T12:13:45","date_gmt":"2026-01-24T15:13:45","guid":{"rendered":"https:\/\/oexpressobr.com.br\/?p=2469"},"modified":"2026-01-24T12:13:46","modified_gmt":"2026-01-24T15:13:46","slug":"marcio-borges-cofundador-do-clube-da-esquina-e-o-novo-imortal-da-academia-mineira-de-letras","status":"publish","type":"post","link":"https:\/\/oexpressobr.com.br\/?p=2469","title":{"rendered":"M\u00e1rcio Borges, cofundador do Clube da Esquina, \u00e9 o novo imortal da Academia Mineira de Letras"},"content":{"rendered":"\n<p class=\"wp-block-paragraph\">A <strong>Academia Mineira de Letras (AML)<\/strong> confirmou, na tarde desta quinta-feira (22 de janeiro), a elei\u00e7\u00e3o de <strong>M\u00e1rcio Borges<\/strong> para ocupar a cadeira de n\u00famero 29. O escritor e letrista, figura central na constru\u00e7\u00e3o da identidade musical de Minas Gerais, foi escolhido por ampla maioria, recebendo <strong>32 dos 34 votos<\/strong> poss\u00edveis em uma disputa que contava com outros 11 candidatos.<\/p>\n\n\n\n<p class=\"wp-block-paragraph\">A sess\u00e3o foi conduzida pelo presidente da institui\u00e7\u00e3o, <strong>Jacyntho Lins Brand\u00e3o<\/strong>, e a apura\u00e7\u00e3o ficou a cargo dos acad\u00eamicos Carlos Herculano, J.D. Vital e Rog\u00e9rio Faria Tavares.<\/p>\n\n\n\n<h3 class=\"wp-block-heading\">Um legado que une literatura e m\u00fasica<\/h3>\n\n\n\n<p class=\"wp-block-paragraph\">A entrada de M\u00e1rcio Borges na AML n\u00e3o \u00e9 apenas um reconhecimento de sua produ\u00e7\u00e3o liter\u00e1ria individual, mas uma celebra\u00e7\u00e3o do movimento <strong>Clube da Esquina<\/strong>. Ao lado de seu irm\u00e3o L\u00f4 Borges e de Milton Nascimento, M\u00e1rcio foi o respons\u00e1vel por letras que se tornaram hinos da cultura brasileira, como &#8220;Clube da Esquina n\u00ba 2&#8221; e &#8220;Trem Azul&#8221;.<\/p>\n\n\n\n<p class=\"wp-block-paragraph\">Como escritor, sua obra de maior destaque \u00e9 o livro <em>Os Sonhos N\u00e3o Envelhecem: Hist\u00f3rias do Clube da Esquina<\/em>, onde narra com detalhes a efervesc\u00eancia cultural de Belo Horizonte nas d\u00e9cadas de 60 e 70.<\/p>\n\n\n\n<h3 class=\"wp-block-heading\">A linhagem da Cadeira 29<\/h3>\n\n\n\n<p class=\"wp-block-paragraph\">M\u00e1rcio Borges assume o posto deixado por <strong>Jos\u00e9 Fernandes<\/strong>, falecido em outubro de 2025. Ao sentar-se na cadeira 29, ele passa a integrar uma linhagem hist\u00f3rica de nomes que moldaram a pol\u00edtica e a intelectualidade brasileira. Confira a sucess\u00e3o:<\/p>\n\n\n\n<ul class=\"wp-block-list\">\n<li><strong>Patrono:<\/strong> Aureliano Pimentel<\/li>\n\n\n\n<li><strong>Fundador:<\/strong> Lindolpho Gomes<\/li>\n\n\n\n<li><strong>Ex-ocupantes de destaque:<\/strong> Milton Campos, Pedro Aleixo, Gustavo Capanema, Murilo Badar\u00f3 e Affonso Arinos Filho.<\/li>\n<\/ul>\n\n\n\n<blockquote class=\"wp-block-quote is-layout-flow wp-block-quote-is-layout-flow\">\n<p class=\"wp-block-paragraph\">&#8220;A elei\u00e7\u00e3o de M\u00e1rcio Borges representa a entrada da alma l\u00edrica de Minas Gerais nesta Casa. Sua escrita sempre foi m\u00fasica, e sua m\u00fasica sempre foi literatura&#8221;, afirmou um dos membros da comiss\u00e3o de apura\u00e7\u00e3o durante o an\u00fancio.<\/p>\n<\/blockquote>\n\n\n\n<h3 class=\"wp-block-heading\">Contexto atual<\/h3>\n\n\n\n<p class=\"wp-block-paragraph\">A elei\u00e7\u00e3o ocorre em um momento de renova\u00e7\u00e3o para a AML, que busca estreitar os la\u00e7os com a cultura popular e os movimentos art\u00edsticos contempor\u00e2neos. A posse de M\u00e1rcio Borges deve ser agendada para os pr\u00f3ximos meses, em uma cerim\u00f4nia que promete reunir grandes nomes da M\u00fasica Popular Brasileira (MPB) no casar\u00e3o da Rua da Bahia.<\/p>\n","protected":false},"excerpt":{"rendered":"<p>A Academia Mineira de Letras (AML) confirmou, na tarde desta quinta-feira (22 de janeiro), a elei\u00e7\u00e3o de M\u00e1rcio Borges para ocupar a cadeira de n\u00famero [&#8230;]<\/p>\n","protected":false},"author":1,"featured_media":2470,"comment_status":"open","ping_status":"open","sticky":false,"template":"","format":"standard","meta":{"_crdt_document":"","_jetpack_memberships_contains_paid_content":false,"footnotes":"","jetpack_publicize_message":"","jetpack_publicize_feature_enabled":true,"jetpack_social_post_already_shared":true,"jetpack_social_options":{"image_generator_settings":{"template":"highway","default_image_id":0,"font":"","enabled":false},"version":2}},"categories":[11],"tags":[],"class_list":["post-2469","post","type-post","status-publish","format-standard","has-post-thumbnail","hentry","category-literatura"],"jetpack_publicize_connections":[],"jetpack_featured_media_url":"https:\/\/i0.wp.com\/oexpressobr.com.br\/wp-content\/uploads\/2026\/01\/c26d2831-3070-4132-8c34-7f916d99b701.jpg?fit=524%2C516&ssl=1","jetpack_likes_enabled":true,"jetpack_sharing_enabled":true,"_links":{"self":[{"href":"https:\/\/oexpressobr.com.br\/index.php?rest_route=\/wp\/v2\/posts\/2469","targetHints":{"allow":["GET"]}}],"collection":[{"href":"https:\/\/oexpressobr.com.br\/index.php?rest_route=\/wp\/v2\/posts"}],"about":[{"href":"https:\/\/oexpressobr.com.br\/index.php?rest_route=\/wp\/v2\/types\/post"}],"author":[{"embeddable":true,"href":"https:\/\/oexpressobr.com.br\/index.php?rest_route=\/wp\/v2\/users\/1"}],"replies":[{"embeddable":true,"href":"https:\/\/oexpressobr.com.br\/index.php?rest_route=%2Fwp%2Fv2%2Fcomments&post=2469"}],"version-history":[{"count":1,"href":"https:\/\/oexpressobr.com.br\/index.php?rest_route=\/wp\/v2\/posts\/2469\/revisions"}],"predecessor-version":[{"id":2471,"href":"https:\/\/oexpressobr.com.br\/index.php?rest_route=\/wp\/v2\/posts\/2469\/revisions\/2471"}],"wp:featuredmedia":[{"embeddable":true,"href":"https:\/\/oexpressobr.com.br\/index.php?rest_route=\/wp\/v2\/media\/2470"}],"wp:attachment":[{"href":"https:\/\/oexpressobr.com.br\/index.php?rest_route=%2Fwp%2Fv2%2Fmedia&parent=2469"}],"wp:term":[{"taxonomy":"category","embeddable":true,"href":"https:\/\/oexpressobr.com.br\/index.php?rest_route=%2Fwp%2Fv2%2Fcategories&post=2469"},{"taxonomy":"post_tag","embeddable":true,"href":"https:\/\/oexpressobr.com.br\/index.php?rest_route=%2Fwp%2Fv2%2Ftags&post=2469"}],"curies":[{"name":"wp","href":"https:\/\/api.w.org\/{rel}","templated":true}]}}