{"id":2490,"date":"2026-01-24T14:24:22","date_gmt":"2026-01-24T17:24:22","guid":{"rendered":"https:\/\/oexpressobr.com.br\/?p=2490"},"modified":"2026-01-24T14:24:23","modified_gmt":"2026-01-24T17:24:23","slug":"servidora-denuncia-chefe-de-gabinete-da-prefeitura-de-paranagua-por-assedio-sexual","status":"publish","type":"post","link":"https:\/\/oexpressobr.com.br\/?p=2490","title":{"rendered":"Servidora denuncia chefe de Gabinete da Prefeitura de Paranagu\u00e1 por ass\u00e9dio sexual"},"content":{"rendered":"\n<p class=\"wp-block-paragraph\">Uma den\u00fancia grave sacudiu os bastidores pol\u00edticos de Paranagu\u00e1 nesta semana. Uma servidora municipal registrou um boletim de ocorr\u00eancia na <strong>Delegacia Cidad\u00e3<\/strong> contra o atual <strong>Chefe de Gabinete<\/strong> da prefeitura, acusando-o de pr\u00e1tica de <strong>ass\u00e9dio sexual<\/strong>. O caso, que j\u00e1 circula intensamente nas redes sociais, coloca a administra\u00e7\u00e3o municipal sob os holofotes e levanta questionamentos sobre a seguran\u00e7a e o ambiente de trabalho no funcionalismo p\u00fablico local.<\/p>\n\n\n\n<h3 class=\"wp-block-heading\">\u200bOs Detalhes da Den\u00fancia<\/h3>\n\n\n\n<p class=\"wp-block-paragraph\">\u200bDe acordo com informa\u00e7\u00f5es preliminares, a servidora relatou epis\u00f3dios de conduta impr\u00f3pria que teriam ocorrido dentro do ambiente institucional. O registro na Pol\u00edcia Civil \u00e9 o primeiro passo de um processo que deve incluir a oitiva de testemunhas e a an\u00e1lise de poss\u00edveis provas (mensagens ou registros internos).<\/p>\n\n\n\n<p class=\"wp-block-paragraph\">\u200b\u00c9 importante destacar uma corre\u00e7\u00e3o que circulou nos grupos de not\u00edcias da regi\u00e3o:<\/p>\n\n\n\n<blockquote class=\"wp-block-quote is-layout-flow wp-block-quote-is-layout-flow\">\n<p class=\"wp-block-paragraph\">\u200b<strong>Nota de esclarecimento:<\/strong> Informa\u00e7\u00f5es inicialmente compartilhadas via WhatsApp pelo canal QAP Litoral Not\u00edcias mencionavam erroneamente o Secret\u00e1rio de Governo. A den\u00fancia oficial, conforme retificado e confirmado por publica\u00e7\u00f5es em redes sociais e registros policiais, aponta diretamente para o <strong>Chefe de Gabinete<\/strong>.<\/p>\n<\/blockquote>\n\n\n\n<h3 class=\"wp-block-heading\">\u200bO posicionamento da Prefeitura<\/h3>\n\n\n\n<p class=\"wp-block-paragraph\">\u200bAt\u00e9 o momento, a Prefeitura de Paranagu\u00e1 mant\u00e9m cautela sobre o tema. Em casos de ass\u00e9dio envolvendo servidores comissionados ou de carreira, o protocolo padr\u00e3o exige:<\/p>\n\n\n\n<ol class=\"wp-block-list\">\n<li>\u200bO afastamento preventivo do acusado para n\u00e3o interferir nas investiga\u00e7\u00f5es.<\/li>\n\n\n\n<li>\u200bA abertura de um <strong>Processo Administrativo Disciplinar (PAD)<\/strong>.<\/li>\n\n\n\n<li>\u200bApoio psicol\u00f3gico e institucional \u00e0 v\u00edtima.<\/li>\n<\/ol>\n\n\n\n<h3 class=\"wp-block-heading\">\u200bPr\u00f3ximos Passos na Justi\u00e7a<\/h3>\n\n\n\n<p class=\"wp-block-paragraph\">\u200bO crime de ass\u00e9dio sexual, previsto no <strong>Artigo 216-A do C\u00f3digo Penal<\/strong>, configura-se pelo ato de constranger algu\u00e9m com o intuito de obter vantagem ou favorecimento sexual, prevalecendo-se o agente da sua condi\u00e7\u00e3o de superior hier\u00e1rquico. Se condenado, o servidor pode enfrentar pena de deten\u00e7\u00e3o de um a dois anos, al\u00e9m da perda do cargo p\u00fablico.<\/p>\n\n\n\n<p class=\"wp-block-paragraph\">\u200bA Pol\u00edcia Civil deve solicitar, nos pr\u00f3ximos dias, as imagens das c\u00e2meras de seguran\u00e7a do pr\u00e9dio administrativo e o depoimento de outros funcion\u00e1rios que possam ter presenciado o comportamento do investigado.<\/p>\n","protected":false},"excerpt":{"rendered":"<p>Uma den\u00fancia grave sacudiu os bastidores pol\u00edticos de Paranagu\u00e1 nesta semana. Uma servidora municipal registrou um boletim de ocorr\u00eancia na Delegacia Cidad\u00e3 contra o atual [&#8230;]<\/p>\n","protected":false},"author":1,"featured_media":2491,"comment_status":"open","ping_status":"open","sticky":false,"template":"","format":"standard","meta":{"_crdt_document":"","_jetpack_memberships_contains_paid_content":false,"footnotes":"","jetpack_publicize_message":"","jetpack_publicize_feature_enabled":true,"jetpack_social_post_already_shared":true,"jetpack_social_options":{"image_generator_settings":{"template":"highway","default_image_id":0,"font":"","enabled":false},"version":2}},"categories":[5],"tags":[],"class_list":["post-2490","post","type-post","status-publish","format-standard","has-post-thumbnail","hentry","category-parana"],"jetpack_publicize_connections":[],"jetpack_featured_media_url":"https:\/\/i0.wp.com\/oexpressobr.com.br\/wp-content\/uploads\/2026\/01\/content-5.png?fit=640%2C452&ssl=1","jetpack_likes_enabled":true,"jetpack_sharing_enabled":true,"_links":{"self":[{"href":"https:\/\/oexpressobr.com.br\/index.php?rest_route=\/wp\/v2\/posts\/2490","targetHints":{"allow":["GET"]}}],"collection":[{"href":"https:\/\/oexpressobr.com.br\/index.php?rest_route=\/wp\/v2\/posts"}],"about":[{"href":"https:\/\/oexpressobr.com.br\/index.php?rest_route=\/wp\/v2\/types\/post"}],"author":[{"embeddable":true,"href":"https:\/\/oexpressobr.com.br\/index.php?rest_route=\/wp\/v2\/users\/1"}],"replies":[{"embeddable":true,"href":"https:\/\/oexpressobr.com.br\/index.php?rest_route=%2Fwp%2Fv2%2Fcomments&post=2490"}],"version-history":[{"count":1,"href":"https:\/\/oexpressobr.com.br\/index.php?rest_route=\/wp\/v2\/posts\/2490\/revisions"}],"predecessor-version":[{"id":2492,"href":"https:\/\/oexpressobr.com.br\/index.php?rest_route=\/wp\/v2\/posts\/2490\/revisions\/2492"}],"wp:featuredmedia":[{"embeddable":true,"href":"https:\/\/oexpressobr.com.br\/index.php?rest_route=\/wp\/v2\/media\/2491"}],"wp:attachment":[{"href":"https:\/\/oexpressobr.com.br\/index.php?rest_route=%2Fwp%2Fv2%2Fmedia&parent=2490"}],"wp:term":[{"taxonomy":"category","embeddable":true,"href":"https:\/\/oexpressobr.com.br\/index.php?rest_route=%2Fwp%2Fv2%2Fcategories&post=2490"},{"taxonomy":"post_tag","embeddable":true,"href":"https:\/\/oexpressobr.com.br\/index.php?rest_route=%2Fwp%2Fv2%2Ftags&post=2490"}],"curies":[{"name":"wp","href":"https:\/\/api.w.org\/{rel}","templated":true}]}}