{"id":251,"date":"2025-12-02T20:18:03","date_gmt":"2025-12-02T23:18:03","guid":{"rendered":"https:\/\/oexpressobr.com.br\/?p=251"},"modified":"2025-12-02T20:18:04","modified_gmt":"2025-12-02T23:18:04","slug":"pl-suspende-dialogo-com-ciro-gomes-apos-tensao-com-michelle-bolsonaro","status":"publish","type":"post","link":"https:\/\/oexpressobr.com.br\/?p=251","title":{"rendered":"PL Suspende Di\u00e1logo Com Ciro Gomes Ap\u00f3s Tens\u00e3o Com Michelle Bolsonaro"},"content":{"rendered":"\n<p class=\"wp-block-paragraph\">Lideran\u00e7as do Partido Liberal (PL) anunciaram na tarde desta ter\u00e7a-feira, 2, que ir\u00e3o <strong>\u201cpausar\u201d<\/strong> as negocia\u00e7\u00f5es da legenda com o ex-governador do Cear\u00e1 <strong>Ciro Gomes (PSDB)<\/strong> para a disputa eleitoral no estado em 2026. A decis\u00e3o, tomada ap\u00f3s uma reuni\u00e3o de emerg\u00eancia em Bras\u00edlia, \u00e9 a resposta formal a um intenso <strong>&#8220;ru\u00eddo de comunica\u00e7\u00e3o&#8221;<\/strong> e a uma crise interna que envolveu a ex-primeira-dama <strong>Michelle Bolsonaro (PL)<\/strong> e os filhos do ex-presidente Jair Bolsonaro.<\/p>\n\n\n\n<p class=\"wp-block-paragraph\">\u200bO impasse surgiu ap\u00f3s Michelle Bolsonaro, presidente do PL Mulher, criticar publicamente a aproxima\u00e7\u00e3o articulada pelo deputado federal <strong>Andr\u00e9 Fernandes (PL-CE)<\/strong> com Ciro Gomes. Em evento no Cear\u00e1 no \u00faltimo domingo (30\/11), a ex-primeira-dama declarou apoio ao senador Eduardo Gir\u00e3o (Novo-CE) e questionou a alian\u00e7a com Ciro, citando as cr\u00edticas hist\u00f3ricas do tucano ao ex-presidente Bolsonaro.<\/p>\n\n\n\n<blockquote class=\"wp-block-quote is-layout-flow wp-block-quote-is-layout-flow\">\n<p class=\"wp-block-paragraph\">\u200b\u201cFazer alian\u00e7a com um homem que \u00e9 contra o maior l\u00edder da direita? Isso n\u00e3o d\u00e1\u201d, disse Michelle, em refer\u00eancia \u00e0s declara\u00e7\u00f5es de Ciro Gomes, que j\u00e1 chamou Bolsonaro de \u201cgenocida\u201d e \u201cladr\u00e3o de galinha\u201d.<\/p>\n<\/blockquote>\n\n\n\n<p class=\"wp-block-paragraph\">\u200bA fala de Michelle <strong>rachou a fam\u00edlia Bolsonaro<\/strong> e a c\u00fapula do partido. O deputado Andr\u00e9 Fernandes e o senador Fl\u00e1vio Bolsonaro (PL-RJ) rebateram a ex-primeira-dama, afirmando que a articula\u00e7\u00e3o com Ciro Gomes tinha o <strong>aval do pr\u00f3prio Jair Bolsonaro<\/strong>, atualmente preso. Fl\u00e1vio chegou a classificar o desentendimento p\u00fablico como um &#8220;ru\u00eddo de comunica\u00e7\u00e3o&#8221; e se desculpou com Michelle ap\u00f3s a reuni\u00e3o de emerg\u00eancia.<\/p>\n\n\n\n<h3 class=\"wp-block-heading\">\u200bO Foco Agora \u00e9 Esfriar o Clima<\/h3>\n\n\n\n<p class=\"wp-block-paragraph\">\u200bParticiparam da reuni\u00e3o na sede do PL em Bras\u00edlia o presidente nacional da sigla, Valdemar Costa Neto, Michelle e Fl\u00e1vio Bolsonaro, al\u00e9m de Andr\u00e9 Fernandes e do senador Rog\u00e9rio Marinho (PL-RN).<\/p>\n\n\n\n<p class=\"wp-block-paragraph\">\u200bAp\u00f3s o encontro, o deputado Andr\u00e9 Fernandes, que preside o PL no Cear\u00e1, confirmou \u00e0 imprensa a suspens\u00e3o tempor\u00e1ria das conversas. Segundo ele, a decis\u00e3o foi acatada em conjunto. O senador Fl\u00e1vio Bolsonaro refor\u00e7ou que a prioridade do PL \u00e9 eleger senadores e reverter o dom\u00ednio petista no Cear\u00e1, e que a lideran\u00e7a de Fernandes para negociar palanques no estado est\u00e1 mantida, mas a composi\u00e7\u00e3o ser\u00e1 feita em conjunto com a dire\u00e7\u00e3o nacional.<\/p>\n\n\n\n<p class=\"wp-block-paragraph\">\u200bA articula\u00e7\u00e3o com Ciro Gomes (PSDB), que recentemente se filiou ao partido e \u00e9 cotado para concorrer ao Governo do Cear\u00e1 em 2026, era vista por parte da oposi\u00e7\u00e3o local como a \u00fanica capaz de ser competitiva contra uma eventual reelei\u00e7\u00e3o do atual governador Elmano de Freitas (PT).<\/p>\n\n\n\n<p class=\"wp-block-paragraph\">\u200bPor enquanto, a <strong>\u201cpausa\u201d<\/strong> na negocia\u00e7\u00e3o \u00e9 uma tentativa de <strong>pacificar o PL<\/strong> e realinhar a comunica\u00e7\u00e3o da c\u00fapula com a ala feminina e os filhos do ex-presidente. Os pr\u00f3ximos passos da legenda no Cear\u00e1 ser\u00e3o definidos com &#8220;cabe\u00e7a fria&#8221;, conforme declarou Fl\u00e1vio Bolsonaro.<\/p>\n","protected":false},"excerpt":{"rendered":"<p>Lideran\u00e7as do Partido Liberal (PL) anunciaram na tarde desta ter\u00e7a-feira, 2, que ir\u00e3o \u201cpausar\u201d as negocia\u00e7\u00f5es da legenda com o ex-governador do Cear\u00e1 Ciro Gomes [&#8230;]<\/p>\n","protected":false},"author":1,"featured_media":252,"comment_status":"open","ping_status":"open","sticky":false,"template":"","format":"standard","meta":{"_crdt_document":"","_jetpack_memberships_contains_paid_content":false,"footnotes":"","jetpack_publicize_message":"","jetpack_publicize_feature_enabled":true,"jetpack_social_post_already_shared":false,"jetpack_social_options":{"image_generator_settings":{"template":"highway","default_image_id":0,"font":"","enabled":false},"version":2}},"categories":[7],"tags":[],"class_list":["post-251","post","type-post","status-publish","format-standard","has-post-thumbnail","hentry","category-politica"],"jetpack_publicize_connections":[],"jetpack_featured_media_url":"https:\/\/i0.wp.com\/oexpressobr.com.br\/wp-content\/uploads\/2025\/12\/54354234532.jpg?fit=414%2C280&ssl=1","jetpack_likes_enabled":true,"jetpack_sharing_enabled":true,"_links":{"self":[{"href":"https:\/\/oexpressobr.com.br\/index.php?rest_route=\/wp\/v2\/posts\/251","targetHints":{"allow":["GET"]}}],"collection":[{"href":"https:\/\/oexpressobr.com.br\/index.php?rest_route=\/wp\/v2\/posts"}],"about":[{"href":"https:\/\/oexpressobr.com.br\/index.php?rest_route=\/wp\/v2\/types\/post"}],"author":[{"embeddable":true,"href":"https:\/\/oexpressobr.com.br\/index.php?rest_route=\/wp\/v2\/users\/1"}],"replies":[{"embeddable":true,"href":"https:\/\/oexpressobr.com.br\/index.php?rest_route=%2Fwp%2Fv2%2Fcomments&post=251"}],"version-history":[{"count":0,"href":"https:\/\/oexpressobr.com.br\/index.php?rest_route=\/wp\/v2\/posts\/251\/revisions"}],"wp:featuredmedia":[{"embeddable":true,"href":"https:\/\/oexpressobr.com.br\/index.php?rest_route=\/wp\/v2\/media\/252"}],"wp:attachment":[{"href":"https:\/\/oexpressobr.com.br\/index.php?rest_route=%2Fwp%2Fv2%2Fmedia&parent=251"}],"wp:term":[{"taxonomy":"category","embeddable":true,"href":"https:\/\/oexpressobr.com.br\/index.php?rest_route=%2Fwp%2Fv2%2Fcategories&post=251"},{"taxonomy":"post_tag","embeddable":true,"href":"https:\/\/oexpressobr.com.br\/index.php?rest_route=%2Fwp%2Fv2%2Ftags&post=251"}],"curies":[{"name":"wp","href":"https:\/\/api.w.org\/{rel}","templated":true}]}}