{"id":2559,"date":"2026-01-25T04:25:12","date_gmt":"2026-01-25T07:25:12","guid":{"rendered":"https:\/\/oexpressobr.com.br\/?p=2559"},"modified":"2026-01-25T04:25:14","modified_gmt":"2026-01-25T07:25:14","slug":"investigacao-de-assedio-em-paranagua-coloca-gestao-de-adriano-ramos-sob-pressao-e-levanta-debate-sobre-etica-publica","status":"publish","type":"post","link":"https:\/\/oexpressobr.com.br\/?p=2559","title":{"rendered":"Investiga\u00e7\u00e3o de ass\u00e9dio em Paranagu\u00e1 coloca gest\u00e3o de Adriano Ramos sob press\u00e3o e levanta debate sobre \u00e9tica p\u00fablica"},"content":{"rendered":"\n<p class=\"wp-block-paragraph\">A administra\u00e7\u00e3o do prefeito Adriano Ramos (Republicanos) enfrenta sua primeira grande crise \u00e9tica ap\u00f3s a viraliza\u00e7\u00e3o de um Boletim de Ocorr\u00eancia (B.O.), registrado no \u00faltimo dia 22 de janeiro, que detalha uma den\u00fancia de <strong>ass\u00e9dio sexual<\/strong> supostamente ocorrido dentro das depend\u00eancias da Prefeitura de Paranagu\u00e1. O sil\u00eancio institucional das autoridades locais tem alimentado cr\u00edticas da popula\u00e7\u00e3o e gerado compara\u00e7\u00f5es inevit\u00e1veis com o discurso de &#8220;moralidade administrativa&#8221; defendido pelo governador Carlos Massa Ratinho Junior.<\/p>\n\n\n\n<h3 class=\"wp-block-heading\">\u200bO Caso e a Rea\u00e7\u00e3o Popular<\/h3>\n\n\n\n<p class=\"wp-block-paragraph\">\u200bDiferente de boatos sem fundamento, a den\u00fancia ganhou materialidade com a circula\u00e7\u00e3o da c\u00f3pia do registro policial. Segundo o documento, uma servidora ou cidad\u00e3 (os detalhes seguem protegidos por sigilo) teria sido v\u00edtima de conduta impr\u00f3pria por parte de um agente p\u00fablico em hor\u00e1rio de expediente.<\/p>\n\n\n\n<p class=\"wp-block-paragraph\">\u200bNas redes sociais e nas ruas de Paranagu\u00e1, o sentimento \u00e9 de cobran\u00e7a. A popula\u00e7\u00e3o questiona:<\/p>\n\n\n\n<ul class=\"wp-block-list\">\n<li>\u200b<strong>A responsabilidade do gestor:<\/strong> Por ser o chefe do Executivo, o prefeito Adriano Ramos \u00e9 juridicamente e politicamente respons\u00e1vel pelo que ocorre nas reparti\u00e7\u00f5es p\u00fablicas. A aus\u00eancia de uma manifesta\u00e7\u00e3o imediata \u00e9 vista por especialistas em gest\u00e3o p\u00fablica como um erro estrat\u00e9gico que fragiliza a confian\u00e7a do eleitorado.<\/li>\n\n\n\n<li>\u200b<strong>O sil\u00eancio do Legislativo:<\/strong> A C\u00e2mara Municipal de Paranagu\u00e1 tamb\u00e9m se mant\u00e9m inerte. At\u00e9 o momento, nenhuma nota oficial foi emitida pela presid\u00eancia da Casa ou por comiss\u00f5es de defesa dos direitos da mulher, o que amplia a sensa\u00e7\u00e3o de &#8220;blindagem pol\u00edtica&#8221;.<\/li>\n<\/ul>\n\n\n\n<h3 class=\"wp-block-heading\">\u200b\u00c9tica na Pr\u00e1tica: O Exemplo do Estado<\/h3>\n\n\n\n<p class=\"wp-block-paragraph\">\u200bO governador Ratinho Junior frequentemente utiliza o Paran\u00e1 como vitrine de integridade para o pa\u00eds. No entanto, o caso em Paranagu\u00e1 coloca essa ret\u00f3rica \u00e0 prova. Em grandes \u00f3rg\u00e3os p\u00fablicos e empresas privadas de compliance rigoroso, o protocolo padr\u00e3o \u00e9 o <strong>afastamento preventivo<\/strong> ou a <strong>exonera\u00e7\u00e3o<\/strong> do acusado at\u00e9 que as investiga\u00e7\u00f5es sejam conclu\u00eddas.<\/p>\n\n\n\n<p class=\"wp-block-paragraph\">\u200bA manuten\u00e7\u00e3o do suposto agressor no cargo, segundo a opini\u00e3o p\u00fablica parnanguara, contraria os princ\u00edpios de igualdade perante o Estado e prote\u00e7\u00e3o \u00e0 v\u00edtima.<\/p>\n\n\n\n<h3 class=\"wp-block-heading\">\u200bFake News ou Fato Pol\u00edtico?<\/h3>\n\n\n\n<p class=\"wp-block-paragraph\">\u200bEmbora aliados da gest\u00e3o tentem classificar o epis\u00f3dio como <em>fake news<\/em> de oposi\u00e7\u00e3o, a exist\u00eancia de um <strong>Boletim de Ocorr\u00eancia oficial<\/strong> protocolado na Pol\u00edcia Civil desmente a tese de mera inven\u00e7\u00e3o. O B.O. \u00e9 um documento p\u00fablico que gera obriga\u00e7\u00e3o de investiga\u00e7\u00e3o pelo Estado e, consequentemente, uma resposta administrativa da Prefeitura.<\/p>\n\n\n\n<h3 class=\"wp-block-heading\">\u200bPerguntas que a Prefeitura ainda n\u00e3o respondeu:<\/h3>\n\n\n\n<ol class=\"wp-block-list\">\n<li>\u200bQual medida administrativa foi tomada em rela\u00e7\u00e3o ao servidor acusado desde o dia 22\/01?<\/li>\n\n\n\n<li>\u200bExiste uma sindic\u00e2ncia interna aberta pela Controladoria Geral do Munic\u00edpio?<\/li>\n\n\n\n<li>\u200bPor que n\u00e3o houve o acolhimento p\u00fablico da den\u00fancia para garantir transpar\u00eancia?<\/li>\n<\/ol>\n","protected":false},"excerpt":{"rendered":"<p>A administra\u00e7\u00e3o do prefeito Adriano Ramos (Republicanos) enfrenta sua primeira grande crise \u00e9tica ap\u00f3s a viraliza\u00e7\u00e3o de um Boletim de Ocorr\u00eancia (B.O.), registrado no \u00faltimo [&#8230;]<\/p>\n","protected":false},"author":1,"featured_media":2560,"comment_status":"open","ping_status":"open","sticky":false,"template":"","format":"standard","meta":{"_crdt_document":"","_jetpack_memberships_contains_paid_content":false,"footnotes":"","jetpack_publicize_message":"","jetpack_publicize_feature_enabled":true,"jetpack_social_post_already_shared":true,"jetpack_social_options":{"image_generator_settings":{"template":"highway","default_image_id":0,"font":"","enabled":false},"version":2}},"categories":[9],"tags":[],"class_list":["post-2559","post","type-post","status-publish","format-standard","has-post-thumbnail","hentry","category-policia"],"jetpack_publicize_connections":[],"jetpack_featured_media_url":"https:\/\/i0.wp.com\/oexpressobr.com.br\/wp-content\/uploads\/2026\/01\/FB_IMG_1769325630569.jpg?fit=997%2C1372&ssl=1","jetpack_likes_enabled":true,"jetpack_sharing_enabled":true,"_links":{"self":[{"href":"https:\/\/oexpressobr.com.br\/index.php?rest_route=\/wp\/v2\/posts\/2559","targetHints":{"allow":["GET"]}}],"collection":[{"href":"https:\/\/oexpressobr.com.br\/index.php?rest_route=\/wp\/v2\/posts"}],"about":[{"href":"https:\/\/oexpressobr.com.br\/index.php?rest_route=\/wp\/v2\/types\/post"}],"author":[{"embeddable":true,"href":"https:\/\/oexpressobr.com.br\/index.php?rest_route=\/wp\/v2\/users\/1"}],"replies":[{"embeddable":true,"href":"https:\/\/oexpressobr.com.br\/index.php?rest_route=%2Fwp%2Fv2%2Fcomments&post=2559"}],"version-history":[{"count":1,"href":"https:\/\/oexpressobr.com.br\/index.php?rest_route=\/wp\/v2\/posts\/2559\/revisions"}],"predecessor-version":[{"id":2561,"href":"https:\/\/oexpressobr.com.br\/index.php?rest_route=\/wp\/v2\/posts\/2559\/revisions\/2561"}],"wp:featuredmedia":[{"embeddable":true,"href":"https:\/\/oexpressobr.com.br\/index.php?rest_route=\/wp\/v2\/media\/2560"}],"wp:attachment":[{"href":"https:\/\/oexpressobr.com.br\/index.php?rest_route=%2Fwp%2Fv2%2Fmedia&parent=2559"}],"wp:term":[{"taxonomy":"category","embeddable":true,"href":"https:\/\/oexpressobr.com.br\/index.php?rest_route=%2Fwp%2Fv2%2Fcategories&post=2559"},{"taxonomy":"post_tag","embeddable":true,"href":"https:\/\/oexpressobr.com.br\/index.php?rest_route=%2Fwp%2Fv2%2Ftags&post=2559"}],"curies":[{"name":"wp","href":"https:\/\/api.w.org\/{rel}","templated":true}]}}