{"id":2562,"date":"2026-01-25T04:34:02","date_gmt":"2026-01-25T07:34:02","guid":{"rendered":"https:\/\/oexpressobr.com.br\/?p=2562"},"modified":"2026-01-25T04:34:03","modified_gmt":"2026-01-25T07:34:03","slug":"governo-ratinho-jr-mp-pr-e-oposicao-travam-embate-apos-mar-engolir-parte-da-engorda-em-matinhos","status":"publish","type":"post","link":"https:\/\/oexpressobr.com.br\/?p=2562","title":{"rendered":"GOVERNO Ratinho Jr., MP-PR e oposi\u00e7\u00e3o travam embate ap\u00f3s mar &#8220;engolir&#8221; parte da engorda em Matinhos"},"content":{"rendered":"\n<p class=\"wp-block-paragraph\">O que deveria ser o s\u00edmbolo da moderniza\u00e7\u00e3o do litoral paranaense tornou-se, nos \u00faltimos dias, o centro de uma intensa crise t\u00e9cnica e pol\u00edtica. A obra de engorda da orla de Matinhos, que recebeu investimentos superiores a <strong>R$ 513 milh\u00f5es<\/strong>, voltou a sofrer com a for\u00e7a das mar\u00e9s, resultando em degraus de areia de at\u00e9 dois metros de altura e o arraste de milhares de sacos de conten\u00e7\u00e3o para dentro do oceano. O epis\u00f3dio motivou uma den\u00fancia formal ao <strong>Minist\u00e9rio P\u00fablico do Paran\u00e1 (MP-PR)<\/strong> e colocou sob suspeita a efic\u00e1cia do projeto executado pelo Governo do Estado.<\/p>\n\n\n\n<h3 class=\"wp-block-heading\">\u200bO avan\u00e7o do mar e os danos estruturais<\/h3>\n\n\n\n<p class=\"wp-block-paragraph\">\u200bEntre os dias 19 e 23 de janeiro de 2026, fortes ressacas atingiram o litoral, expondo a vulnerabilidade de trechos rec\u00e9m-revitalizados. Na Praia Brava, a eros\u00e3o formou um pared\u00e3o de areia pr\u00f3ximo \u00e0s estruturas montadas para o evento <strong>Ver\u00e3o Maior Paran\u00e1<\/strong>, promovido pelo estado. Banheiros qu\u00edmicos chegaram a tombar com o avan\u00e7o das ondas, e imagens de surfistas e moradores retirando sacos de areia do mar viralizaram nas redes sociais, levantando alertas sobre o impacto ambiental desse material no ecossistema marinho.<\/p>\n\n\n\n<h3 class=\"wp-block-heading\">\u200bCaso de pol\u00edcia e de Justi\u00e7a<\/h3>\n\n\n\n<p class=\"wp-block-paragraph\">\u200bDiante do cen\u00e1rio, o deputado estadual <strong>Arilson Chiorato (PT)<\/strong>, l\u00edder da Oposi\u00e7\u00e3o na Assembleia Legislativa (Alep), protocolou uma representa\u00e7\u00e3o no MP-PR solicitando a apura\u00e7\u00e3o de poss\u00edveis danos ambientais, falhas t\u00e9cnicas de engenharia e desperd\u00edcio de recursos p\u00fablicos. &#8220;O que era para proteger a praia virou lixo dentro do mar. \u00c9 o dinheiro do povo sendo engolido pelas ondas&#8221;, afirmou o parlamentar.<\/p>\n\n\n\n<p class=\"wp-block-paragraph\">\u200bCr\u00edticos e pesquisadores, inclusive da <strong>Universidade Federal do Paran\u00e1 (UFPR)<\/strong>, j\u00e1 haviam emitido notas t\u00e9cnicas alertando que a retirada da restinga e a ocupa\u00e7\u00e3o da faixa de areia aumentariam a vulnerabilidade da costa a fen\u00f4menos c\u00edclicos de ressaca.<\/p>\n\n\n\n<h3 class=\"wp-block-heading\">\u200bO que diz o Governo e o IAT<\/h3>\n\n\n\n<p class=\"wp-block-paragraph\">\u200bPor outro lado, o <strong>Instituto \u00c1gua e Terra (IAT)<\/strong> e o governador <strong>Ratinho Jr.<\/strong> minimizam os impactos. Segundo o \u00f3rg\u00e3o, a eros\u00e3o \u00e9 um processo &#8220;natural e previsto&#8221; decorrente das fases da lua e das condi\u00e7\u00f5es clim\u00e1ticas. O IAT informou que a manuten\u00e7\u00e3o realizada nesta semana \u2014 que exigiu a reposi\u00e7\u00e3o de 5 mil metros c\u00fabicos de areia \u2014 representa menos de <strong>0,1%<\/strong> do total da obra (3,5 milh\u00f5es de m\u00b3).<\/p>\n\n\n\n<p class=\"wp-block-paragraph\">\u200bO secret\u00e1rio de Desenvolvimento Sustent\u00e1vel, Everton Souza, garantiu que a estrutura \u00e9 segura e que as interven\u00e7\u00f5es evitaram danos maiores a resid\u00eancias e com\u00e9rcios que, antes da obra, eram frequentemente inundados.<\/p>\n\n\n\n<h3 class=\"wp-block-heading\">\u200bShows mantidos sob vigil\u00e2ncia<\/h3>\n\n\n\n<p class=\"wp-block-paragraph\">\u200bApesar da pol\u00eamica e do isolamento de alguns trechos da areia, a programa\u00e7\u00e3o de shows do Ver\u00e3o Maior, que inclui atra\u00e7\u00f5es nacionais como <strong>Ra\u00e7a Negra<\/strong>, foi mantida. Equipes da Defesa Civil e do Governo do Estado realizam vistorias di\u00e1rias para garantir a seguran\u00e7a dos veranistas. Enquanto as m\u00e1quinas trabalham para nivelar a areia novamente, o debate sobre a sustentabilidade da &#8220;Nova Matinhos&#8221; promete seguir aquecido nas esferas jur\u00eddicas e pol\u00edticas durante todo o ano de 2026.<\/p>\n","protected":false},"excerpt":{"rendered":"<p>O que deveria ser o s\u00edmbolo da moderniza\u00e7\u00e3o do litoral paranaense tornou-se, nos \u00faltimos dias, o centro de uma intensa crise t\u00e9cnica e pol\u00edtica. A [&#8230;]<\/p>\n","protected":false},"author":1,"featured_media":2563,"comment_status":"open","ping_status":"open","sticky":false,"template":"","format":"standard","meta":{"_crdt_document":"","_jetpack_memberships_contains_paid_content":false,"footnotes":"","jetpack_publicize_message":"","jetpack_publicize_feature_enabled":true,"jetpack_social_post_already_shared":true,"jetpack_social_options":{"image_generator_settings":{"template":"highway","default_image_id":0,"font":"","enabled":false},"version":2}},"categories":[5],"tags":[],"class_list":["post-2562","post","type-post","status-publish","format-standard","has-post-thumbnail","hentry","category-parana"],"jetpack_publicize_connections":[],"jetpack_featured_media_url":"https:\/\/i0.wp.com\/oexpressobr.com.br\/wp-content\/uploads\/2026\/01\/1000308765.jpg?fit=1536%2C1024&ssl=1","jetpack_likes_enabled":true,"jetpack_sharing_enabled":true,"_links":{"self":[{"href":"https:\/\/oexpressobr.com.br\/index.php?rest_route=\/wp\/v2\/posts\/2562","targetHints":{"allow":["GET"]}}],"collection":[{"href":"https:\/\/oexpressobr.com.br\/index.php?rest_route=\/wp\/v2\/posts"}],"about":[{"href":"https:\/\/oexpressobr.com.br\/index.php?rest_route=\/wp\/v2\/types\/post"}],"author":[{"embeddable":true,"href":"https:\/\/oexpressobr.com.br\/index.php?rest_route=\/wp\/v2\/users\/1"}],"replies":[{"embeddable":true,"href":"https:\/\/oexpressobr.com.br\/index.php?rest_route=%2Fwp%2Fv2%2Fcomments&post=2562"}],"version-history":[{"count":1,"href":"https:\/\/oexpressobr.com.br\/index.php?rest_route=\/wp\/v2\/posts\/2562\/revisions"}],"predecessor-version":[{"id":2564,"href":"https:\/\/oexpressobr.com.br\/index.php?rest_route=\/wp\/v2\/posts\/2562\/revisions\/2564"}],"wp:featuredmedia":[{"embeddable":true,"href":"https:\/\/oexpressobr.com.br\/index.php?rest_route=\/wp\/v2\/media\/2563"}],"wp:attachment":[{"href":"https:\/\/oexpressobr.com.br\/index.php?rest_route=%2Fwp%2Fv2%2Fmedia&parent=2562"}],"wp:term":[{"taxonomy":"category","embeddable":true,"href":"https:\/\/oexpressobr.com.br\/index.php?rest_route=%2Fwp%2Fv2%2Fcategories&post=2562"},{"taxonomy":"post_tag","embeddable":true,"href":"https:\/\/oexpressobr.com.br\/index.php?rest_route=%2Fwp%2Fv2%2Ftags&post=2562"}],"curies":[{"name":"wp","href":"https:\/\/api.w.org\/{rel}","templated":true}]}}