{"id":2568,"date":"2026-01-25T04:58:54","date_gmt":"2026-01-25T07:58:54","guid":{"rendered":"https:\/\/oexpressobr.com.br\/?p=2568"},"modified":"2026-01-25T04:58:55","modified_gmt":"2026-01-25T07:58:55","slug":"crise-no-ibge-coordenadores-temem-novas-retaliacoes-apos-demissao-de-rebeca-palis","status":"publish","type":"post","link":"https:\/\/oexpressobr.com.br\/?p=2568","title":{"rendered":"Crise no IBGE: coordenadores temem novas retalia\u00e7\u00f5es ap\u00f3s demiss\u00e3o de Rebeca Palis"},"content":{"rendered":"\n<p class=\"wp-block-paragraph\">\u200bA tens\u00e3o interna no Instituto Brasileiro de Geografia e Estat\u00edstica (IBGE) atingiu um novo \u00e1pice nesta \u00faltima semana de janeiro de 2026. O clima de instabilidade, que se arrasta desde o in\u00edcio da gest\u00e3o de Marcio Pochmann, ganhou contornos dram\u00e1ticos com a exonera\u00e7\u00e3o de Rebeca Palis, respeitada coordenadora de Contas Nacionais e respons\u00e1vel pelo c\u00e1lculo do PIB brasileiro. Em um gesto de solidariedade e protesto, seu vice, Cristiano Martins, tamb\u00e9m pediu desligamento do cargo na \u00faltima sexta-feira (23).<\/p>\n\n\n\n<p class=\"wp-block-paragraph\">\u200bDe acordo com fontes internas e relatos de entidades como a ASSIBGE (Sindicato Nacional dos Trabalhadores do IBGE), a sa\u00edda de Palis \u00e9 vista pelo corpo t\u00e9cnico n\u00e3o como uma substitui\u00e7\u00e3o administrativa comum, mas como uma &#8220;retalia\u00e7\u00e3o pol\u00edtica&#8221;. O temor generalizado entre gerentes e coordenadores \u00e9 de que uma &#8220;ca\u00e7a \u00e0s bruxas&#8221; esteja em curso contra servidores que questionam as mudan\u00e7as estruturais propostas pela presid\u00eancia, especialmente a cria\u00e7\u00e3o da pol\u00eamica Funda\u00e7\u00e3o IBGE+.<\/p>\n\n\n\n<h3 class=\"wp-block-heading\">\u200bOs pontos centrais do conflito<\/h3>\n\n\n\n<p class=\"wp-block-paragraph\">\u200bA crise se baseia em tr\u00eas pilares principais que t\u00eam colocado a diretoria e os servidores em rota de colis\u00e3o:<\/p>\n\n\n\n<ol class=\"wp-block-list\">\n<li>\u200b<strong>Funda\u00e7\u00e3o IBGE+:<\/strong> Apelidada por cr\u00edticos de &#8220;IBGE paralelo&#8221;, a funda\u00e7\u00e3o de direito privado foi criada para captar recursos externos. Servidores temem que isso comprometa a autonomia t\u00e9cnica do \u00f3rg\u00e3o e abra margem para a privatiza\u00e7\u00e3o de dados estrat\u00e9gicos.<\/li>\n\n\n\n<li>\u200b<strong>Mudan\u00e7a no Estatuto:<\/strong> A proposta de um novo estatuto, que altera o organograma e o regime de trabalho (com o fim do teletrabalho total e a migra\u00e7\u00e3o para o presencial), \u00e9 vista como autorit\u00e1ria por n\u00e3o ter passado por um amplo debate com o corpo t\u00e9cnico.<\/li>\n\n\n\n<li>\u200b<strong>Den\u00fancias de Persegui\u00e7\u00e3o:<\/strong> O sindicato ASSIBGE-SN protocolou recentemente of\u00edcios solicitando reuni\u00f5es emergenciais para tratar de den\u00fancias de retalia\u00e7\u00e3o em diversas \u00e1reas, incluindo a Ger\u00eancia de Biblioteca e a Comunica\u00e7\u00e3o Social, onde mudan\u00e7as repentinas de chefia foram interpretadas como puni\u00e7\u00f5es por discord\u00e2ncias ideol\u00f3gicas ou metodol\u00f3gicas.<\/li>\n<\/ol>\n\n\n\n<h3 class=\"wp-block-heading\">\u200bA posi\u00e7\u00e3o da gest\u00e3o<\/h3>\n\n\n\n<p class=\"wp-block-paragraph\">\u200bO presidente Marcio Pochmann tem negado a exist\u00eancia de uma crise institucional. Em declara\u00e7\u00f5es recentes, ele defende que as mudan\u00e7as s\u00e3o necess\u00e1rias para modernizar o instituto e adapt\u00e1-lo ao Sistema Nacional de Geoci\u00eancias, Estat\u00edsticas e Dados (Singed). Segundo Pochmann, as cr\u00edticas s\u00e3o &#8220;normais em um regime democr\u00e1tico&#8221; e o instituto segue focado no Plano de Trabalho 2026, que visa ampliar a produ\u00e7\u00e3o de dados em tempo real.<\/p>\n\n\n\n<h3 class=\"wp-block-heading\">\u200bImpacto na credibilidade<\/h3>\n\n\n\n<p class=\"wp-block-paragraph\">\u200bEspecialistas e ex-diretores do \u00f3rg\u00e3o alertam que a sa\u00edda de quadros t\u00e9cnicos qualificados como Rebeca Palis pode abalar a confian\u00e7a do mercado e de organismos internacionais nas estat\u00edsticas brasileiras. O PIB \u00e9 o term\u00f4metro principal da economia e qualquer percep\u00e7\u00e3o de interfer\u00eancia pol\u00edtica em seu c\u00e1lculo pode elevar a incerteza econ\u00f4mica no pa\u00eds.<\/p>\n\n\n\n<p class=\"wp-block-paragraph\">\u200bAt\u00e9 o momento, o Minist\u00e9rio da Gest\u00e3o e da Inova\u00e7\u00e3o em Servi\u00e7os P\u00fablicos (MGI) n\u00e3o interferiu diretamente no conflito, mantendo a autonomia da presid\u00eancia do IBGE para as nomea\u00e7\u00f5es, mas o sindicato promete intensificar as mobiliza\u00e7\u00f5es e levar as den\u00fancias de &#8220;gest\u00e3o autorit\u00e1ria&#8221; ao Congresso Nacional.<\/p>\n","protected":false},"excerpt":{"rendered":"<p>\u200bA tens\u00e3o interna no Instituto Brasileiro de Geografia e Estat\u00edstica (IBGE) atingiu um novo \u00e1pice nesta \u00faltima semana de janeiro de 2026. O clima de [&#8230;]<\/p>\n","protected":false},"author":1,"featured_media":2569,"comment_status":"open","ping_status":"open","sticky":false,"template":"","format":"standard","meta":{"_crdt_document":"","_jetpack_memberships_contains_paid_content":false,"footnotes":"","jetpack_publicize_message":"","jetpack_publicize_feature_enabled":true,"jetpack_social_post_already_shared":true,"jetpack_social_options":{"image_generator_settings":{"template":"highway","default_image_id":0,"font":"","enabled":false},"version":2}},"categories":[7],"tags":[],"class_list":["post-2568","post","type-post","status-publish","format-standard","has-post-thumbnail","hentry","category-politica"],"jetpack_publicize_connections":[],"jetpack_featured_media_url":"https:\/\/i0.wp.com\/oexpressobr.com.br\/wp-content\/uploads\/2026\/01\/IBGE-Censo_2022_090620210066.jpg?fit=414%2C280&ssl=1","jetpack_likes_enabled":true,"jetpack_sharing_enabled":true,"_links":{"self":[{"href":"https:\/\/oexpressobr.com.br\/index.php?rest_route=\/wp\/v2\/posts\/2568","targetHints":{"allow":["GET"]}}],"collection":[{"href":"https:\/\/oexpressobr.com.br\/index.php?rest_route=\/wp\/v2\/posts"}],"about":[{"href":"https:\/\/oexpressobr.com.br\/index.php?rest_route=\/wp\/v2\/types\/post"}],"author":[{"embeddable":true,"href":"https:\/\/oexpressobr.com.br\/index.php?rest_route=\/wp\/v2\/users\/1"}],"replies":[{"embeddable":true,"href":"https:\/\/oexpressobr.com.br\/index.php?rest_route=%2Fwp%2Fv2%2Fcomments&post=2568"}],"version-history":[{"count":1,"href":"https:\/\/oexpressobr.com.br\/index.php?rest_route=\/wp\/v2\/posts\/2568\/revisions"}],"predecessor-version":[{"id":2570,"href":"https:\/\/oexpressobr.com.br\/index.php?rest_route=\/wp\/v2\/posts\/2568\/revisions\/2570"}],"wp:featuredmedia":[{"embeddable":true,"href":"https:\/\/oexpressobr.com.br\/index.php?rest_route=\/wp\/v2\/media\/2569"}],"wp:attachment":[{"href":"https:\/\/oexpressobr.com.br\/index.php?rest_route=%2Fwp%2Fv2%2Fmedia&parent=2568"}],"wp:term":[{"taxonomy":"category","embeddable":true,"href":"https:\/\/oexpressobr.com.br\/index.php?rest_route=%2Fwp%2Fv2%2Fcategories&post=2568"},{"taxonomy":"post_tag","embeddable":true,"href":"https:\/\/oexpressobr.com.br\/index.php?rest_route=%2Fwp%2Fv2%2Ftags&post=2568"}],"curies":[{"name":"wp","href":"https:\/\/api.w.org\/{rel}","templated":true}]}}