{"id":2587,"date":"2026-01-26T05:27:20","date_gmt":"2026-01-26T08:27:20","guid":{"rendered":"https:\/\/oexpressobr.com.br\/?p=2587"},"modified":"2026-01-26T05:27:21","modified_gmt":"2026-01-26T08:27:21","slug":"com-a-desistencia-de-tarcisio-caminho-esta-livre-para-ratinho-junior-colocar-candidatura-na-rua","status":"publish","type":"post","link":"https:\/\/oexpressobr.com.br\/?p=2587","title":{"rendered":"Com a desist\u00eancia de Tarc\u00edsio, caminho est\u00e1 livre para Ratinho Junior colocar candidatura na rua"},"content":{"rendered":"\n<p class=\"wp-block-paragraph\"><strong>POR UM NOVO CEN\u00c1RIO NA DIREITA<\/strong> \u2014 O tabuleiro pol\u00edtico para as elei\u00e7\u00f5es presidenciais de 2026 sofreu uma altera\u00e7\u00e3o decisiva nos \u00faltimos dias. O governador de S\u00e3o Paulo, Tarc\u00edsio de Freitas (Republicanos), sinalizou de forma contundente que n\u00e3o pretende disputar o Pal\u00e1cio do Planalto, optando por buscar a reelei\u00e7\u00e3o no maior estado do pa\u00eds. Com esse recuo, o governador do Paran\u00e1, Ratinho Junior (PSD), surge como o principal herdeiro do esp\u00f3lio pol\u00edtico de centro-direita que busca uma alternativa de gest\u00e3o eficiente e menos polarizada.<\/p>\n\n\n\n<p class=\"wp-block-paragraph\">\u200bA decis\u00e3o de Tarc\u00edsio foi consolidada ap\u00f3s di\u00e1logos internos e um alinhamento estrat\u00e9gico com o cl\u00e3 Bolsonaro. Recentemente, o governador paulista afirmou que &#8220;vai trabalhar muito em prol de Fl\u00e1vio Bolsonaro&#8221;, referindo-se \u00e0 pr\u00e9-candidatura do senador (PL-RJ), escolhido pelo ex-presidente Jair Bolsonaro como seu sucessor direto. Ao se retirar do p\u00e1reo nacional, Tarc\u00edsio evita um embate direto com a fam\u00edlia Bolsonaro e foca em manter o controle da m\u00e1quina paulista, considerada vital para a sobreviv\u00eancia da oposi\u00e7\u00e3o.<\/p>\n\n\n\n<p class=\"wp-block-paragraph\">\u200b<strong>O avan\u00e7o de Ratinho Junior<\/strong><\/p>\n\n\n\n<p class=\"wp-block-paragraph\">Livre do principal concorrente que ocupava o mesmo campo ideol\u00f3gico, Ratinho Junior come\u00e7ou a &#8220;colocar o bloco na rua&#8221;. De acordo com informa\u00e7\u00f5es de bastidores, o governador paranaense j\u00e1 se reuniu com o presidente nacional do PSD, Gilberto Kassab, para definir os detalhes de uma ampla pesquisa eleitoral nacional que servir\u00e1 de baliza para o tom de sua campanha.<\/p>\n\n\n\n<p class=\"wp-block-paragraph\">\u200bDiferente de outros nomes da direita, como Ronaldo Caiado (Goi\u00e1s) e Romeu Zema (Minas Gerais), que enfrentam maiores resist\u00eancias no centro, Ratinho Junior aposta em sua alt\u00edssima aprova\u00e7\u00e3o no Paran\u00e1 \u2014 que chega a superar os 80% \u2014 e na imagem de um gestor jovem e pragm\u00e1tico. Kassab, um articulador nato, v\u00ea em Ratinho o nome ideal para romper a polariza\u00e7\u00e3o entre o lulismo e o bolsonarismo raiz, atraindo o eleitorado moderado.<\/p>\n\n\n\n<p class=\"wp-block-paragraph\">\u200b<strong>\u00daltimas novidades e desafios<\/strong><\/p>\n\n\n\n<p class=\"wp-block-paragraph\">As movimenta\u00e7\u00f5es mais recentes indicam que o PSD pretende dar contornos nacionais \u00e0 imagem do governador paranaense j\u00e1 no primeiro semestre deste ano. No entanto, o caminho n\u00e3o est\u00e1 isento de obst\u00e1culos:<\/p>\n\n\n\n<ul class=\"wp-block-list\">\n<li>\u200b<strong>Polariza\u00e7\u00e3o:<\/strong> O Pal\u00e1cio do Planalto, sob o governo Lula, ainda aposta em uma disputa polarizada com a fam\u00edlia Bolsonaro para manter sua base mobilizada, minimizando nomes de terceira via.<\/li>\n\n\n\n<li>\u200b<strong>Alian\u00e7as:<\/strong> Ratinho Junior precisar\u00e1 costurar apoios fora da regi\u00e3o Sul. Sua estrat\u00e9gia inclui di\u00e1logos com o setor do agroneg\u00f3cio e com lideran\u00e7as do Sudeste que ficaram &#8220;\u00f3rf\u00e3s&#8221; da candidatura de Tarc\u00edsio.<\/li>\n\n\n\n<li>\u200b<strong>Fator Fl\u00e1vio Bolsonaro:<\/strong> Com Tarc\u00edsio fora, a press\u00e3o para que a direita se unifique em torno de Fl\u00e1vio Bolsonaro crescer\u00e1, testando a resili\u00eancia da candidatura pr\u00f3pria do PSD.<\/li>\n<\/ul>\n\n\n\n<p class=\"wp-block-paragraph\">\u200bA desist\u00eancia de Tarc\u00edsio de Freitas n\u00e3o apenas reorganiza a oposi\u00e7\u00e3o, mas lan\u00e7a sobre Ratinho Junior o desafio de provar que sua gest\u00e3o no Paran\u00e1 pode ser replicada em escala federal. O &#8220;bonde presidencial&#8221; do PSD j\u00e1 ligou os motores, e as pr\u00f3ximas semanas ser\u00e3o decisivas para medir a temperatura desse novo projeto pol\u00edtico.<\/p>\n","protected":false},"excerpt":{"rendered":"<p>POR UM NOVO CEN\u00c1RIO NA DIREITA \u2014 O tabuleiro pol\u00edtico para as elei\u00e7\u00f5es presidenciais de 2026 sofreu uma altera\u00e7\u00e3o decisiva nos \u00faltimos dias. O governador [&#8230;]<\/p>\n","protected":false},"author":1,"featured_media":2588,"comment_status":"open","ping_status":"open","sticky":false,"template":"","format":"standard","meta":{"_crdt_document":"","_jetpack_memberships_contains_paid_content":false,"footnotes":"","jetpack_publicize_message":"","jetpack_publicize_feature_enabled":true,"jetpack_social_post_already_shared":true,"jetpack_social_options":{"image_generator_settings":{"template":"highway","default_image_id":0,"font":"","enabled":false},"version":2}},"categories":[3],"tags":[],"class_list":["post-2587","post","type-post","status-publish","format-standard","has-post-thumbnail","hentry","category-brasil"],"jetpack_publicize_connections":[],"jetpack_featured_media_url":"https:\/\/i0.wp.com\/oexpressobr.com.br\/wp-content\/uploads\/2026\/01\/RATINHO-JUNIOR-GOV-PARANA-2025-20251118-123803.jpg.jpg?fit=414%2C280&ssl=1","jetpack_likes_enabled":true,"jetpack_sharing_enabled":true,"_links":{"self":[{"href":"https:\/\/oexpressobr.com.br\/index.php?rest_route=\/wp\/v2\/posts\/2587","targetHints":{"allow":["GET"]}}],"collection":[{"href":"https:\/\/oexpressobr.com.br\/index.php?rest_route=\/wp\/v2\/posts"}],"about":[{"href":"https:\/\/oexpressobr.com.br\/index.php?rest_route=\/wp\/v2\/types\/post"}],"author":[{"embeddable":true,"href":"https:\/\/oexpressobr.com.br\/index.php?rest_route=\/wp\/v2\/users\/1"}],"replies":[{"embeddable":true,"href":"https:\/\/oexpressobr.com.br\/index.php?rest_route=%2Fwp%2Fv2%2Fcomments&post=2587"}],"version-history":[{"count":1,"href":"https:\/\/oexpressobr.com.br\/index.php?rest_route=\/wp\/v2\/posts\/2587\/revisions"}],"predecessor-version":[{"id":2589,"href":"https:\/\/oexpressobr.com.br\/index.php?rest_route=\/wp\/v2\/posts\/2587\/revisions\/2589"}],"wp:featuredmedia":[{"embeddable":true,"href":"https:\/\/oexpressobr.com.br\/index.php?rest_route=\/wp\/v2\/media\/2588"}],"wp:attachment":[{"href":"https:\/\/oexpressobr.com.br\/index.php?rest_route=%2Fwp%2Fv2%2Fmedia&parent=2587"}],"wp:term":[{"taxonomy":"category","embeddable":true,"href":"https:\/\/oexpressobr.com.br\/index.php?rest_route=%2Fwp%2Fv2%2Fcategories&post=2587"},{"taxonomy":"post_tag","embeddable":true,"href":"https:\/\/oexpressobr.com.br\/index.php?rest_route=%2Fwp%2Fv2%2Ftags&post=2587"}],"curies":[{"name":"wp","href":"https:\/\/api.w.org\/{rel}","templated":true}]}}