{"id":2590,"date":"2026-01-26T06:10:35","date_gmt":"2026-01-26T09:10:35","guid":{"rendered":"https:\/\/oexpressobr.com.br\/?p=2590"},"modified":"2026-01-26T06:15:41","modified_gmt":"2026-01-26T09:15:41","slug":"manifestacao-de-nikolas-ferreira-em-brasilia-reune-cerca-de-18-mil-pessoas-e-e-marcada-por-descarga-eletrica","status":"publish","type":"post","link":"https:\/\/oexpressobr.com.br\/?p=2590","title":{"rendered":"Manifesta\u00e7\u00e3o de Nikolas Ferreira em Bras\u00edlia re\u00fane cerca de 18 mil pessoas e \u00e9 marcada por descarga el\u00e9trica"},"content":{"rendered":"\n<p class=\"wp-block-paragraph\">O ato liderado pelo deputado federal Nikolas Ferreira (PL-MG) na Pra\u00e7a do Cruzeiro, em Bras\u00edlia, reuniu cerca de <strong>18 mil pessoas<\/strong> neste domingo, 25 de janeiro de 2026. O dado foi divulgado pelo Monitor do Debate Pol\u00edtico no Meio Digital, da Universidade de S\u00e3o Paulo (USP), que utilizou imagens a\u00e9reas e intelig\u00eancia artificial para realizar a contagem no momento de pico da manifesta\u00e7\u00e3o.<\/p>\n\n\n\n<p class=\"wp-block-paragraph\">\u200bA estimativa da USP aponta que o p\u00fablico flutuou entre 15,8 mil e 20,1 mil participantes, considerando uma margem de erro de 12%. Outras fontes, como a organiza\u00e7\u00e3o do evento e ve\u00edculos alinhados \u00e0 oposi\u00e7\u00e3o, chegaram a citar n\u00fameros significativamente maiores, mencionando entre 50 mil e at\u00e9 100 mil pessoas ao longo das quatro horas de mobiliza\u00e7\u00e3o, justificando que a forte chuva e o uso de guarda-chuvas dificultaram a precis\u00e3o visual.<\/p>\n\n\n\n<h3 class=\"wp-block-heading\">\u200bEncerramento da &#8220;Caminhada pela Liberdade&#8221;<\/h3>\n\n\n\n<p class=\"wp-block-paragraph\">\u200bO evento marcou a conclus\u00e3o de uma jornada de 240 quil\u00f4metros iniciada por Nikolas Ferreira em Minas Gerais. Rebatizado como movimento &#8220;Acorda, Brasil&#8221;, o ato teve como pautas principais o apoio ao ex-presidente Jair Bolsonaro \u2014 que se encontra detido \u2014 e cr\u00edticas ao Supremo Tribunal Federal (STF), especialmente \u00e0s decis\u00f5es do ministro Alexandre de Moraes.<\/p>\n\n\n\n<p class=\"wp-block-paragraph\">\u200bEm seu discurso, Nikolas adotou um tom de cautela estrat\u00e9gica, orientando seus apoiadores a n\u00e3o marcharem em dire\u00e7\u00e3o \u00e0 Esplanada dos Minist\u00e9rios para evitar confrontos ou novas acusa\u00e7\u00f5es de atos antidemocr\u00e1ticos. &#8220;Ningu\u00e9m deve descer para a Esplanada. Tudo o que a esquerda quer \u00e9 um motivo para nos destruir&#8221;, afirmou o parlamentar.<\/p>\n\n\n\n<h3 class=\"wp-block-heading\">\u200bIncidente com raio deixa feridos<\/h3>\n\n\n\n<p class=\"wp-block-paragraph\">\u200bA manifesta\u00e7\u00e3o foi marcada por um incidente grave: durante a forte chuva que atingiu a capital federal, um raio caiu pr\u00f3ximo \u00e0 concentra\u00e7\u00e3o de manifestantes. Segundo o Corpo de Bombeiros do Distrito Federal e relatos de hospitais locais, dezenas de pessoas precisaram de atendimento m\u00e9dico.<\/p>\n\n\n\n<p class=\"wp-block-paragraph\">\u200bOs dados sobre os feridos variaram entre as fontes nas primeiras horas ap\u00f3s o evento:<\/p>\n\n\n\n<ul class=\"wp-block-list\">\n<li>\u200bA <strong>Folha de S.Paulo<\/strong> e o <strong>Estado de S. Paulo<\/strong> reportaram que dezenas de pessoas foram socorridas, com v\u00edtimas encaminhadas ao Hospital de Base e ao Hospital Regional da Asa Norte (HRAN).<\/li>\n\n\n\n<li>\u200bRelatos indicam que alguns manifestantes sofreram choques el\u00e9tricos e queimaduras leves, mas a maioria foi liberada ap\u00f3s observa\u00e7\u00e3o.<\/li>\n<\/ul>\n\n\n\n<p class=\"wp-block-paragraph\">\u200bO deputado Nikolas Ferreira visitou alguns dos feridos ap\u00f3s o encerramento do ato e utilizou suas redes sociais para prestar solidariedade, classificando o ocorrido como um &#8220;incidente natural&#8221; que fugiu ao controle da organiza\u00e7\u00e3o.<\/p>\n\n\n\n<h3 class=\"wp-block-heading\">\u200bAus\u00eancias e Presen\u00e7as<\/h3>\n\n\n\n<p class=\"wp-block-paragraph\">\u200bApesar da mobiliza\u00e7\u00e3o nas redes sociais, figuras centrais do bolsonarismo n\u00e3o compareceram fisicamente. A ex-primeira-dama Michelle Bolsonaro encontrou o deputado pela manh\u00e3, mas n\u00e3o participou do ato principal. O pastor Silas Malafaia e o senador Fl\u00e1vio Bolsonaro tamb\u00e9m estiveram ausentes \u2014 o \u00faltimo por estar em viagem oficial a Jerusal\u00e9m. O presidente do PL, Valdemar Costa Neto, marcou presen\u00e7a de forma discreta.<\/p>\n","protected":false},"excerpt":{"rendered":"<p>O ato liderado pelo deputado federal Nikolas Ferreira (PL-MG) na Pra\u00e7a do Cruzeiro, em Bras\u00edlia, reuniu cerca de 18 mil pessoas neste domingo, 25 de [&#8230;]<\/p>\n","protected":false},"author":1,"featured_media":2592,"comment_status":"open","ping_status":"open","sticky":false,"template":"","format":"standard","meta":{"_crdt_document":"","_jetpack_memberships_contains_paid_content":false,"footnotes":"","jetpack_publicize_message":"","jetpack_publicize_feature_enabled":true,"jetpack_social_post_already_shared":true,"jetpack_social_options":{"image_generator_settings":{"template":"highway","default_image_id":0,"font":"","enabled":false},"version":2}},"categories":[7],"tags":[],"class_list":["post-2590","post","type-post","status-publish","format-standard","has-post-thumbnail","hentry","category-politica"],"jetpack_publicize_connections":[],"jetpack_featured_media_url":"https:\/\/i0.wp.com\/oexpressobr.com.br\/wp-content\/uploads\/2026\/01\/1_jair_bolsonaro_em_cima_de_caminhao_no_protesto_no_rio_de_janeiro-48283186.jpg?fit=1200%2C720&ssl=1","jetpack_likes_enabled":true,"jetpack_sharing_enabled":true,"_links":{"self":[{"href":"https:\/\/oexpressobr.com.br\/index.php?rest_route=\/wp\/v2\/posts\/2590","targetHints":{"allow":["GET"]}}],"collection":[{"href":"https:\/\/oexpressobr.com.br\/index.php?rest_route=\/wp\/v2\/posts"}],"about":[{"href":"https:\/\/oexpressobr.com.br\/index.php?rest_route=\/wp\/v2\/types\/post"}],"author":[{"embeddable":true,"href":"https:\/\/oexpressobr.com.br\/index.php?rest_route=\/wp\/v2\/users\/1"}],"replies":[{"embeddable":true,"href":"https:\/\/oexpressobr.com.br\/index.php?rest_route=%2Fwp%2Fv2%2Fcomments&post=2590"}],"version-history":[{"count":1,"href":"https:\/\/oexpressobr.com.br\/index.php?rest_route=\/wp\/v2\/posts\/2590\/revisions"}],"predecessor-version":[{"id":2591,"href":"https:\/\/oexpressobr.com.br\/index.php?rest_route=\/wp\/v2\/posts\/2590\/revisions\/2591"}],"wp:featuredmedia":[{"embeddable":true,"href":"https:\/\/oexpressobr.com.br\/index.php?rest_route=\/wp\/v2\/media\/2592"}],"wp:attachment":[{"href":"https:\/\/oexpressobr.com.br\/index.php?rest_route=%2Fwp%2Fv2%2Fmedia&parent=2590"}],"wp:term":[{"taxonomy":"category","embeddable":true,"href":"https:\/\/oexpressobr.com.br\/index.php?rest_route=%2Fwp%2Fv2%2Fcategories&post=2590"},{"taxonomy":"post_tag","embeddable":true,"href":"https:\/\/oexpressobr.com.br\/index.php?rest_route=%2Fwp%2Fv2%2Ftags&post=2590"}],"curies":[{"name":"wp","href":"https:\/\/api.w.org\/{rel}","templated":true}]}}