{"id":2594,"date":"2026-01-26T06:20:38","date_gmt":"2026-01-26T09:20:38","guid":{"rendered":"https:\/\/oexpressobr.com.br\/?p=2594"},"modified":"2026-01-26T06:20:39","modified_gmt":"2026-01-26T09:20:39","slug":"nikolas-ferreira-encerra-caminhada-com-recado-direto-a-moraes","status":"publish","type":"post","link":"https:\/\/oexpressobr.com.br\/?p=2594","title":{"rendered":"Nikolas Ferreira encerra caminhada com recado direto a Moraes"},"content":{"rendered":"\n<p class=\"wp-block-paragraph\">Ap\u00f3s percorrer cerca de 240 quil\u00f4metros a p\u00e9 partindo de Paracatu (MG), o deputado federal Nikolas Ferreira (PL-MG) encerrou sua &#8220;Caminhada pela Liberdade&#8221; neste domingo (25), com um ato na Pra\u00e7a do Cruzeiro, em Bras\u00edlia. O parlamentar aproveitou o palanque para enviar mensagens incisivas ao ministro Alexandre de Moraes, do Supremo Tribunal Federal (STF), e \u00e0 c\u00fapula do Congresso Nacional, em meio a um cen\u00e1rio pol\u00edtico tensionado pela recente pris\u00e3o do ex-presidente Jair Bolsonaro.<\/p>\n\n\n\n<p class=\"wp-block-paragraph\">\u200bO discurso de encerramento foi marcado por um tom de desafio institucional. &#8220;O Brasil n\u00e3o tem medo de voc\u00ea&#8221;, declarou Nikolas em refer\u00eancia direta a Moraes, criticando as recentes decis\u00f5es judiciais que restringiram manifesta\u00e7\u00f5es e acampamentos nos arredores do Complexo Penitenci\u00e1rio da Papuda, carinhosamente apelidado por apoiadores de &#8220;Papudinha&#8221;, onde Bolsonaro se encontra detido.<\/p>\n\n\n\n<h3 class=\"wp-block-heading\">\u200bTens\u00e3o institucional e seguran\u00e7a<\/h3>\n\n\n\n<p class=\"wp-block-paragraph\">\u200bA chegada do deputado \u00e0 capital federal foi acompanhada de perto pelas autoridades. No s\u00e1bado (24), o ministro Alexandre de Moraes havia proibido qualquer tipo de aglomera\u00e7\u00e3o ou protesto em frente ao pres\u00eddio, autorizando o uso de for\u00e7a policial para a retirada imediata de manifestantes, sob a justificativa de prevenir novos epis\u00f3dios de instabilidade.<\/p>\n\n\n\n<p class=\"wp-block-paragraph\">\u200bDurante o ato, Nikolas orientou seus apoiadores a n\u00e3o descerem para a Esplanada dos Minist\u00e9rios ou para a Pra\u00e7a dos Tr\u00eas Poderes. &#8220;Ningu\u00e9m deve descer para a Esplanada. Tudo o que a esquerda quer \u00e9 um motivo para nos destruir&#8221;, afirmou, buscando distanciar o movimento dos atos ocorridos em 8 de janeiro de 2023. Ele defendeu que a &#8220;tirania&#8221; n\u00e3o ser\u00e1 vencida &#8220;na marra&#8221; ou com invas\u00f5es, mas sim atrav\u00e9s do &#8220;despertar&#8221; da popula\u00e7\u00e3o e do di\u00e1logo pol\u00edtico.<\/p>\n\n\n\n<h3 class=\"wp-block-heading\">\u200bIncidente com raio e repercuss\u00e3o<\/h3>\n\n\n\n<p class=\"wp-block-paragraph\">\u200bO evento, que reuniu cerca de 18 mil pessoas segundo estimativas de monitoramento da USP, tamb\u00e9m foi marcado por uma trag\u00e9dia natural. Pouco antes do discurso principal, uma forte tempestade atingiu a regi\u00e3o e um raio caiu pr\u00f3ximo \u00e0 Pra\u00e7a do Cruzeiro, ferindo dezenas de pessoas. De acordo com o Corpo de Bombeiros do DF, 72 pessoas foram atendidas e 30 precisaram ser encaminhadas a hospitais.<\/p>\n\n\n\n<p class=\"wp-block-paragraph\">\u200bA oposi\u00e7\u00e3o e membros da base governista criticaram o deputado, classificando a marcha como &#8220;irrespons\u00e1vel&#8221; por expor os seguidores a riscos clim\u00e1ticos e por supostamente ter ignorado as v\u00edtimas em um primeiro momento. Nikolas, por sua vez, visitou feridos em hospitais ap\u00f3s o evento e afirmou que o epis\u00f3dio foi um &#8220;incidente natural fora de controle&#8221;.<\/p>\n\n\n\n<h3 class=\"wp-block-heading\">\u200bAus\u00eancias e apoios<\/h3>\n\n\n\n<p class=\"wp-block-paragraph\">\u200bEmbora tenha contado com a presen\u00e7a de parlamentares como Mario Frias, Z\u00e9 Trov\u00e3o e Carol de Toni, o ato registrou aus\u00eancias not\u00e1veis. A ex-primeira-dama Michelle Bolsonaro, que encontrou Nikolas pela manh\u00e3 para uma ora\u00e7\u00e3o, n\u00e3o compareceu ao discurso final. O senador Fl\u00e1vio Bolsonaro, em viagem a Jerusal\u00e9m, manifestou apoio apenas pelas redes sociais, enquanto o pastor Silas Malafaia tamb\u00e9m n\u00e3o esteve presente.<\/p>\n\n\n\n<p class=\"wp-block-paragraph\">\u200bNikolas Ferreira encerrou a mobiliza\u00e7\u00e3o afirmando que este \u00e9 &#8220;apenas o come\u00e7o&#8221; de um novo ciclo de press\u00e3o pol\u00edtica. O recado direto a Moraes e as cr\u00edticas ao senador Davi Alcolumbre, a quem chamou de &#8220;omisso&#8221;, sinalizam que a direita pretende manter a temperatura alta no Congresso Nacional nos pr\u00f3ximos meses, utilizando a caminhada como um s\u00edmbolo de resist\u00eancia e mobiliza\u00e7\u00e3o de base.<\/p>\n","protected":false},"excerpt":{"rendered":"<p>Ap\u00f3s percorrer cerca de 240 quil\u00f4metros a p\u00e9 partindo de Paracatu (MG), o deputado federal Nikolas Ferreira (PL-MG) encerrou sua &#8220;Caminhada pela Liberdade&#8221; neste domingo [&#8230;]<\/p>\n","protected":false},"author":1,"featured_media":2595,"comment_status":"open","ping_status":"open","sticky":false,"template":"","format":"standard","meta":{"_crdt_document":"","_jetpack_memberships_contains_paid_content":false,"footnotes":"","jetpack_publicize_message":"","jetpack_publicize_feature_enabled":true,"jetpack_social_post_already_shared":true,"jetpack_social_options":{"image_generator_settings":{"template":"highway","default_image_id":0,"font":"","enabled":false},"version":2}},"categories":[3],"tags":[],"class_list":["post-2594","post","type-post","status-publish","format-standard","has-post-thumbnail","hentry","category-brasil"],"jetpack_publicize_connections":[],"jetpack_featured_media_url":"https:\/\/i0.wp.com\/oexpressobr.com.br\/wp-content\/uploads\/2026\/01\/6453345435-3.jpg?fit=414%2C280&ssl=1","jetpack_likes_enabled":true,"jetpack_sharing_enabled":true,"_links":{"self":[{"href":"https:\/\/oexpressobr.com.br\/index.php?rest_route=\/wp\/v2\/posts\/2594","targetHints":{"allow":["GET"]}}],"collection":[{"href":"https:\/\/oexpressobr.com.br\/index.php?rest_route=\/wp\/v2\/posts"}],"about":[{"href":"https:\/\/oexpressobr.com.br\/index.php?rest_route=\/wp\/v2\/types\/post"}],"author":[{"embeddable":true,"href":"https:\/\/oexpressobr.com.br\/index.php?rest_route=\/wp\/v2\/users\/1"}],"replies":[{"embeddable":true,"href":"https:\/\/oexpressobr.com.br\/index.php?rest_route=%2Fwp%2Fv2%2Fcomments&post=2594"}],"version-history":[{"count":1,"href":"https:\/\/oexpressobr.com.br\/index.php?rest_route=\/wp\/v2\/posts\/2594\/revisions"}],"predecessor-version":[{"id":2596,"href":"https:\/\/oexpressobr.com.br\/index.php?rest_route=\/wp\/v2\/posts\/2594\/revisions\/2596"}],"wp:featuredmedia":[{"embeddable":true,"href":"https:\/\/oexpressobr.com.br\/index.php?rest_route=\/wp\/v2\/media\/2595"}],"wp:attachment":[{"href":"https:\/\/oexpressobr.com.br\/index.php?rest_route=%2Fwp%2Fv2%2Fmedia&parent=2594"}],"wp:term":[{"taxonomy":"category","embeddable":true,"href":"https:\/\/oexpressobr.com.br\/index.php?rest_route=%2Fwp%2Fv2%2Fcategories&post=2594"},{"taxonomy":"post_tag","embeddable":true,"href":"https:\/\/oexpressobr.com.br\/index.php?rest_route=%2Fwp%2Fv2%2Ftags&post=2594"}],"curies":[{"name":"wp","href":"https:\/\/api.w.org\/{rel}","templated":true}]}}